{"id":17612,"date":"2023-09-12T12:54:25","date_gmt":"2023-09-12T12:54:25","guid":{"rendered":"https:\/\/gbccroatia.org\/gbc-partner-zelene-gradnje-sajma-arhibau\/"},"modified":"2023-09-12T12:54:25","modified_gmt":"2023-09-12T12:54:25","slug":"gbc-partner-zelene-gradnje-sajma-arhibau","status":"publish","type":"post","link":"https:\/\/gbccroatia.org\/en\/gbc-partner-zelene-gradnje-sajma-arhibau\/","title":{"rendered":"GBC partner zelene gradnje sajma ArhiBau"},"content":{"rendered":"<p class=\"text-justify\">U organizaciji Dru\u0161tva arhitekata Zagreba odr\u017ean je regionalni sajam kulture gra\u0111enja i odr\u017eivog razvoja u zagreba\u010dkoj Areni, uz prate\u0107e stru\u010dne konferencije, koji je trajao od 5. do \u00a08. listopada 2022. godine. Glavna tema ovogodi\u0161njeg Sajma bila je: \u201eIzazovi oporavka i otpornosti\u201c.<\/p>\n<p class=\"text-justify\"><strong>Hrvatski savjet za zelenu gradnju (GBC) bio je partner zelene gradnje sajma. <\/strong><\/p>\n<p class=\"text-justify\">Izrazito zanimljivo predavanje na temu: Okoli\u0161na svojstva gra\u0111evinskih proizvoda, odr\u017eao je Marko Marki\u0107, voditelj programa certificiranja u Hrvatskom savjetu za zelenu gradnju te se potom pridru\u017eio i sudjelovanju na okruglom stolu pod nazivom: Izazov trenutka za industriju materijala i graditeljski sektor, u sekciji: Novi trendovi dobavlja\u010da u graditeljstvu, koja se odr\u017eala 5. listopada od 16:00 \u2013 18:00 sati, pod moderatorstvom Julije \u0160koro.<\/p>\n<p>Tako\u0111er, Marko Marki\u0107 sudjelovao je i na interaktivnoj radionici: <b>Odr\u017eivost investicijskih projekata, <\/b>u organizaciji <span class=\"text-justify\">Austrijskog ureda za vanjsku trgovinu u Hrvatskoj, ZAGREBADVANTAGE.<\/span><\/p>\n<p class=\"text-justify\">ArhiBau 2022. se bavio temama koje \u0107e i u ovom trenutku, i kroz budu\u0107e vi\u0161egodi\u0161nje razdoblje zaokupljati dionike graditeljskog sektora \u2013 od kupaca do dobavlja\u010da, od in\u017eenjera do izvo\u0111a\u010da radova, od financijera do upravitelja i osiguravatelja, od laika do profesionalaca, od realnog sektora i civilnog dru\u0161tva do institucionalnog sektora i javne uprave.<\/p>\n","protected":false},"excerpt":{"rendered":"<p>U organizaciji Dru\u0161tva arhitekata Zagreba odr\u017ean je regionalni sajam kulture gra\u0111enja i odr\u017eivog razvoja&#8230;<\/p>\n","protected":false},"author":1,"featured_media":11707,"comment_status":"open","ping_status":"open","sticky":false,"template":"","format":"standard","meta":{"footnotes":""},"categories":[71],"tags":[],"class_list":["post-17612","post","type-post","status-publish","format-standard","has-post-thumbnail","hentry","category-2022-en"],"acf":{"photo_gallery":{"galerija":[[]],"logo1_slike":[[],[]],"logo2_slike":[[],[],[]],"logo3_slike":[[],[],[],[]],"logo4_slike":[[],[],[],[],[]],"logo5_slike":[[],[],[],[],[],[]],"logo6_slike":[[],[],[],[],[],[],[]],"logo7_slike":[[],[],[],[],[],[],[],[]],"logo8_slike":[[],[],[],[],[],[],[],[],[]],"logo9_slike":[[],[],[],[],[],[],[],[],[],[]],"logo10_slike":[[],[],[],[],[],[],[],[],[],[],[]],"logo11_slike":[[],[],[],[],[],[],[],[],[],[],[],[]],"logo12_slike":[[],[],[],[],[],[],[],[],[],[],[],[],[]],"logo13_slike":[[],[],[],[],[],[],[],[],[],[],[],[],[],[]],"logo14_slike":[[],[],[],[],[],[],[],[],[],[],[],[],[],[],[]],"logo15_slike":[[],[],[],[],[],[],[],[],[],[],[],[],[],[],[],[]],"logo16_slike":[[],[],[],[],[],[],[],[],[],[],[],[],[],[],[],[],[]],"logo17_slike":[[],[],[],[],[],[],[],[],[],[],[],[],[],[],[],[],[],[]],"logo18_slike":[[],[],[],[],[],[],[],[],[],[],[],[],[],[],[],[],[],[],[]],"logo19_slike":[[],[],[],[],[],[],[],[],[],[],[],[],[],[],[],[],[],[],[],[]],"logo20_slike":[[],[],[],[],[],[],[],[],[],[],[],[],[],[],[],[],[],[],[],[],[]]}},"yoast_head":"<!-- This site is optimized with the Yoast SEO plugin v26.3 - https:\/\/yoast.com\/wordpress\/plugins\/seo\/ -->\n<title>GBC partner zelene gradnje sajma ArhiBau - Hrvatski savjet za zelenu gradnju<\/title>\n<meta name=\"robots\" content=\"index, follow, max-snippet:-1, max-image-preview:large, max-video-preview:-1\" \/>\n<link rel=\"canonical\" href=\"https:\/\/gbccroatia.org\/gbc-partner-zelene-gradnje-sajma-arhibau\/\" \/>\n<meta property=\"og:locale\" content=\"en_US\" \/>\n<meta property=\"og:type\" content=\"article\" \/>\n<meta property=\"og:title\" content=\"GBC partner zelene gradnje sajma ArhiBau - Hrvatski savjet za zelenu gradnju\" \/>\n<meta property=\"og:description\" content=\"U organizaciji Dru\u0161tva arhitekata Zagreba odr\u017ean je regionalni sajam kulture gra\u0111enja i odr\u017eivog razvoja...\" \/>\n<meta property=\"og:url\" content=\"https:\/\/gbccroatia.org\/gbc-partner-zelene-gradnje-sajma-arhibau\/\" \/>\n<meta property=\"og:site_name\" content=\"Hrvatski savjet za zelenu gradnju\" \/>\n<meta property=\"article:published_time\" content=\"2023-09-12T12:54:25+00:00\" \/>\n<meta property=\"og:image\" content=\"https:\/\/gbccroatia.org\/wp-content\/uploads\/2023\/09\/arhibau-najava-2022_1.jpg\" \/>\n\t<meta property=\"og:image:width\" content=\"1920\" \/>\n\t<meta property=\"og:image:height\" content=\"1080\" \/>\n\t<meta property=\"og:image:type\" content=\"image\/jpeg\" \/>\n<meta name=\"author\" content=\"michelWP\" \/>\n<meta name=\"twitter:card\" content=\"summary_large_image\" \/>\n<meta name=\"twitter:label1\" content=\"Written by\" \/>\n\t<meta name=\"twitter:data1\" content=\"michelWP\" \/>\n\t<meta name=\"twitter:label2\" content=\"Est. reading time\" \/>\n\t<meta name=\"twitter:data2\" content=\"1 minute\" \/>\n<script type=\"application\/ld+json\" class=\"yoast-schema-graph\">{\"@context\":\"https:\/\/schema.org\",\"@graph\":[{\"@type\":\"WebPage\",\"@id\":\"https:\/\/gbccroatia.org\/gbc-partner-zelene-gradnje-sajma-arhibau\/\",\"url\":\"https:\/\/gbccroatia.org\/gbc-partner-zelene-gradnje-sajma-arhibau\/\",\"name\":\"GBC partner zelene gradnje sajma ArhiBau - Hrvatski savjet za zelenu gradnju\",\"isPartOf\":{\"@id\":\"https:\/\/gbccroatia.org\/#website\"},\"primaryImageOfPage\":{\"@id\":\"https:\/\/gbccroatia.org\/gbc-partner-zelene-gradnje-sajma-arhibau\/#primaryimage\"},\"image\":{\"@id\":\"https:\/\/gbccroatia.org\/gbc-partner-zelene-gradnje-sajma-arhibau\/#primaryimage\"},\"thumbnailUrl\":\"https:\/\/gbccroatia.org\/wp-content\/uploads\/2023\/09\/arhibau-najava-2022_1.jpg\",\"datePublished\":\"2023-09-12T12:54:25+00:00\",\"author\":{\"@id\":\"https:\/\/gbccroatia.org\/#\/schema\/person\/2ee378f32578f974b44a9807dbc22176\"},\"breadcrumb\":{\"@id\":\"https:\/\/gbccroatia.org\/gbc-partner-zelene-gradnje-sajma-arhibau\/#breadcrumb\"},\"inLanguage\":\"en-US\",\"potentialAction\":[{\"@type\":\"ReadAction\",\"target\":[\"https:\/\/gbccroatia.org\/gbc-partner-zelene-gradnje-sajma-arhibau\/\"]}]},{\"@type\":\"ImageObject\",\"inLanguage\":\"en-US\",\"@id\":\"https:\/\/gbccroatia.org\/gbc-partner-zelene-gradnje-sajma-arhibau\/#primaryimage\",\"url\":\"https:\/\/gbccroatia.org\/wp-content\/uploads\/2023\/09\/arhibau-najava-2022_1.jpg\",\"contentUrl\":\"https:\/\/gbccroatia.org\/wp-content\/uploads\/2023\/09\/arhibau-najava-2022_1.jpg\",\"width\":1920,\"height\":1080},{\"@type\":\"BreadcrumbList\",\"@id\":\"https:\/\/gbccroatia.org\/gbc-partner-zelene-gradnje-sajma-arhibau\/#breadcrumb\",\"itemListElement\":[{\"@type\":\"ListItem\",\"position\":1,\"name\":\"Po\u010detna stranica\",\"item\":\"https:\/\/gbccroatia.org\/\"},{\"@type\":\"ListItem\",\"position\":2,\"name\":\"GBC partner zelene gradnje sajma ArhiBau\"}]},{\"@type\":\"WebSite\",\"@id\":\"https:\/\/gbccroatia.org\/#website\",\"url\":\"https:\/\/gbccroatia.org\/\",\"name\":\"Hrvatski savjet za zelenu gradnju\",\"description\":\"Zelena gradnja u srcu europske budu\u0107nosti\",\"potentialAction\":[{\"@type\":\"SearchAction\",\"target\":{\"@type\":\"EntryPoint\",\"urlTemplate\":\"https:\/\/gbccroatia.org\/?s={search_term_string}\"},\"query-input\":{\"@type\":\"PropertyValueSpecification\",\"valueRequired\":true,\"valueName\":\"search_term_string\"}}],\"inLanguage\":\"en-US\"},{\"@type\":\"Person\",\"@id\":\"https:\/\/gbccroatia.org\/#\/schema\/person\/2ee378f32578f974b44a9807dbc22176\",\"name\":\"michelWP\",\"image\":{\"@type\":\"ImageObject\",\"inLanguage\":\"en-US\",\"@id\":\"https:\/\/gbccroatia.org\/#\/schema\/person\/image\/\",\"url\":\"https:\/\/secure.gravatar.com\/avatar\/2396f1895e66c15a2dc32b7a2cb4bda7cf5792712bfe8117f20e3109b7447481?s=96&d=mm&r=g\",\"contentUrl\":\"https:\/\/secure.gravatar.com\/avatar\/2396f1895e66c15a2dc32b7a2cb4bda7cf5792712bfe8117f20e3109b7447481?s=96&d=mm&r=g\",\"caption\":\"michelWP\"},\"sameAs\":[\"https:\/\/gbccroatia.org\"],\"url\":\"https:\/\/gbccroatia.org\/en\/author\/michelwp\/\"}]}<\/script>\n<!-- \/ Yoast SEO plugin. -->","yoast_head_json":{"title":"GBC partner zelene gradnje sajma ArhiBau - Hrvatski savjet za zelenu gradnju","robots":{"index":"index","follow":"follow","max-snippet":"max-snippet:-1","max-image-preview":"max-image-preview:large","max-video-preview":"max-video-preview:-1"},"canonical":"https:\/\/gbccroatia.org\/gbc-partner-zelene-gradnje-sajma-arhibau\/","og_locale":"en_US","og_type":"article","og_title":"GBC partner zelene gradnje sajma ArhiBau - Hrvatski savjet za zelenu gradnju","og_description":"U organizaciji Dru\u0161tva arhitekata Zagreba odr\u017ean je regionalni sajam kulture gra\u0111enja i odr\u017eivog razvoja...","og_url":"https:\/\/gbccroatia.org\/gbc-partner-zelene-gradnje-sajma-arhibau\/","og_site_name":"Hrvatski savjet za zelenu gradnju","article_published_time":"2023-09-12T12:54:25+00:00","og_image":[{"width":1920,"height":1080,"url":"https:\/\/gbccroatia.org\/wp-content\/uploads\/2023\/09\/arhibau-najava-2022_1.jpg","type":"image\/jpeg"}],"author":"michelWP","twitter_card":"summary_large_image","twitter_misc":{"Written by":"michelWP","Est. reading time":"1 minute"},"schema":{"@context":"https:\/\/schema.org","@graph":[{"@type":"WebPage","@id":"https:\/\/gbccroatia.org\/gbc-partner-zelene-gradnje-sajma-arhibau\/","url":"https:\/\/gbccroatia.org\/gbc-partner-zelene-gradnje-sajma-arhibau\/","name":"GBC partner zelene gradnje sajma ArhiBau - Hrvatski savjet za zelenu gradnju","isPartOf":{"@id":"https:\/\/gbccroatia.org\/#website"},"primaryImageOfPage":{"@id":"https:\/\/gbccroatia.org\/gbc-partner-zelene-gradnje-sajma-arhibau\/#primaryimage"},"image":{"@id":"https:\/\/gbccroatia.org\/gbc-partner-zelene-gradnje-sajma-arhibau\/#primaryimage"},"thumbnailUrl":"https:\/\/gbccroatia.org\/wp-content\/uploads\/2023\/09\/arhibau-najava-2022_1.jpg","datePublished":"2023-09-12T12:54:25+00:00","author":{"@id":"https:\/\/gbccroatia.org\/#\/schema\/person\/2ee378f32578f974b44a9807dbc22176"},"breadcrumb":{"@id":"https:\/\/gbccroatia.org\/gbc-partner-zelene-gradnje-sajma-arhibau\/#breadcrumb"},"inLanguage":"en-US","potentialAction":[{"@type":"ReadAction","target":["https:\/\/gbccroatia.org\/gbc-partner-zelene-gradnje-sajma-arhibau\/"]}]},{"@type":"ImageObject","inLanguage":"en-US","@id":"https:\/\/gbccroatia.org\/gbc-partner-zelene-gradnje-sajma-arhibau\/#primaryimage","url":"https:\/\/gbccroatia.org\/wp-content\/uploads\/2023\/09\/arhibau-najava-2022_1.jpg","contentUrl":"https:\/\/gbccroatia.org\/wp-content\/uploads\/2023\/09\/arhibau-najava-2022_1.jpg","width":1920,"height":1080},{"@type":"BreadcrumbList","@id":"https:\/\/gbccroatia.org\/gbc-partner-zelene-gradnje-sajma-arhibau\/#breadcrumb","itemListElement":[{"@type":"ListItem","position":1,"name":"Po\u010detna stranica","item":"https:\/\/gbccroatia.org\/"},{"@type":"ListItem","position":2,"name":"GBC partner zelene gradnje sajma ArhiBau"}]},{"@type":"WebSite","@id":"https:\/\/gbccroatia.org\/#website","url":"https:\/\/gbccroatia.org\/","name":"Hrvatski savjet za zelenu gradnju","description":"Zelena gradnja u srcu europske budu\u0107nosti","potentialAction":[{"@type":"SearchAction","target":{"@type":"EntryPoint","urlTemplate":"https:\/\/gbccroatia.org\/?s={search_term_string}"},"query-input":{"@type":"PropertyValueSpecification","valueRequired":true,"valueName":"search_term_string"}}],"inLanguage":"en-US"},{"@type":"Person","@id":"https:\/\/gbccroatia.org\/#\/schema\/person\/2ee378f32578f974b44a9807dbc22176","name":"michelWP","image":{"@type":"ImageObject","inLanguage":"en-US","@id":"https:\/\/gbccroatia.org\/#\/schema\/person\/image\/","url":"https:\/\/secure.gravatar.com\/avatar\/2396f1895e66c15a2dc32b7a2cb4bda7cf5792712bfe8117f20e3109b7447481?s=96&d=mm&r=g","contentUrl":"https:\/\/secure.gravatar.com\/avatar\/2396f1895e66c15a2dc32b7a2cb4bda7cf5792712bfe8117f20e3109b7447481?s=96&d=mm&r=g","caption":"michelWP"},"sameAs":["https:\/\/gbccroatia.org"],"url":"https:\/\/gbccroatia.org\/en\/author\/michelwp\/"}]}},"_links":{"self":[{"href":"https:\/\/gbccroatia.org\/en\/wp-json\/wp\/v2\/posts\/17612","targetHints":{"allow":["GET"]}}],"collection":[{"href":"https:\/\/gbccroatia.org\/en\/wp-json\/wp\/v2\/posts"}],"about":[{"href":"https:\/\/gbccroatia.org\/en\/wp-json\/wp\/v2\/types\/post"}],"author":[{"embeddable":true,"href":"https:\/\/gbccroatia.org\/en\/wp-json\/wp\/v2\/users\/1"}],"replies":[{"embeddable":true,"href":"https:\/\/gbccroatia.org\/en\/wp-json\/wp\/v2\/comments?post=17612"}],"version-history":[{"count":0,"href":"https:\/\/gbccroatia.org\/en\/wp-json\/wp\/v2\/posts\/17612\/revisions"}],"wp:featuredmedia":[{"embeddable":true,"href":"https:\/\/gbccroatia.org\/en\/wp-json\/wp\/v2\/media\/11707"}],"wp:attachment":[{"href":"https:\/\/gbccroatia.org\/en\/wp-json\/wp\/v2\/media?parent=17612"}],"wp:term":[{"taxonomy":"category","embeddable":true,"href":"https:\/\/gbccroatia.org\/en\/wp-json\/wp\/v2\/categories?post=17612"},{"taxonomy":"post_tag","embeddable":true,"href":"https:\/\/gbccroatia.org\/en\/wp-json\/wp\/v2\/tags?post=17612"}],"curies":[{"name":"wp","href":"https:\/\/api.w.org\/{rel}","templated":true}]}}