{"id":17634,"date":"2023-09-11T18:40:52","date_gmt":"2023-09-11T18:40:52","guid":{"rendered":"https:\/\/gbccroatia.org\/pridruzite-se-svjetskom-tjednu-za-zelenu-gradnju\/"},"modified":"2023-09-11T18:40:52","modified_gmt":"2023-09-11T18:40:52","slug":"pridruzite-se-svjetskom-tjednu-za-zelenu-gradnju","status":"publish","type":"post","link":"https:\/\/gbccroatia.org\/en\/pridruzite-se-svjetskom-tjednu-za-zelenu-gradnju\/","title":{"rendered":"Pridru\u017eite se svjetskom tjednu za zelenu gradnju!"},"content":{"rendered":"<h4><strong><em>BuildingForEveryone \/ #WGBW2022<\/em><\/strong><\/h4>\n<p>Recentni svjetski \u0161okovi pokazali su ozbiljnost ljudskog utjecaja na svijet u kojem \u017eivimo, no poruka koju Svjetski savjet za zelenu gradnju \u017eeli prenijeti jest da <strong>izgra\u0111eni okoli\u0161 nije samo izazov, ve\u0107 da predstavlja i rje\u0161enje!<\/strong><\/p>\n<p>&nbsp;<\/p>\n<p>Cilj Svjetskog tjedna za zelenu gradnju ove godine jest staviti naglasak na na\u0161e zajednice i na njihov potencijal za promicanje pozitivnih promjena i za konkretnu akciju u izgra\u0111enom okoli\u0161u.<\/p>\n<p>&nbsp;<\/p>\n<p>Ova hvalevrijedna inicijativa u re\u017eiji Svjetskog savjeta za zelenu gradnju, koji okuplja preko 70 organizacija zelene gradnje i njihovih 36 tisu\u0107a \u010dlanova, pokazat \u0107e kako tzv. <strong>#BuildingForEveryone<\/strong> pristupom sektor zgradarstva mo\u017ee doprinijeti i ubrzati UN-ove <strong>globalne ciljeve za odr\u017eivi razvoj<\/strong>.<\/p>\n<p>&nbsp;<\/p>\n<p><iframe title=\"Over 70 Green Building Councils unite for #BuildingforEveryone for WGBW22\" src=\"https:\/\/www.youtube.com\/embed\/XDr-uNBNOfI\" width=\"1280\" height=\"720\" frameborder=\"0\" allowfullscreen=\"allowfullscreen\" data-mce-fragment=\"1\"><\/iframe><\/p>\n<p>&nbsp;<\/p>\n<p>\u010celnici savjeta za zelenu gradnju iz cijelog svijeta <a href=\"https:\/\/www.youtube.com\/watch?v=XDr-uNBNOfI\"><strong>zajedni\u010dki su poslali sna\u017enu poruku<\/strong><\/a> o ozbiljnosti klimatskih promjena i kako odr\u017eiva gradnja mo\u017ee dati svoj doprinos. U video poruci sudjeluje i izvr\u0161ni direktor Hrvatskog savjeta za zelenu gradnju <strong>Dean Smolar<\/strong>.<\/p>\n<p>&nbsp;<\/p>\n<p>Svjetski tjedan zelene gradnje traje od 12. &#8211; 16. Rujna, a vi\u0161e informacija o samom eventu, kao i o idejama koje se promi\u010du mo\u017eete saznati <a href=\"https:\/\/worldgbc.org\/world-green-building-week-2022\"><strong>ovdje<\/strong><\/a>.<\/p>\n","protected":false},"excerpt":{"rendered":"<p>Recentni svjetski \u0161okovi pokazali su ozbiljnost ljudskog utjecaja na svijet u kojem \u017eivimo&#8230;<\/p>\n","protected":false},"author":1,"featured_media":11671,"comment_status":"open","ping_status":"open","sticky":false,"template":"","format":"standard","meta":{"footnotes":""},"categories":[71],"tags":[],"class_list":["post-17634","post","type-post","status-publish","format-standard","has-post-thumbnail","hentry","category-2022-en"],"acf":{"photo_gallery":{"galerija":[[]],"logo1_slike":[[],[]],"logo2_slike":[[],[],[]],"logo3_slike":[[],[],[],[]],"logo4_slike":[[],[],[],[],[]],"logo5_slike":[[],[],[],[],[],[]],"logo6_slike":[[],[],[],[],[],[],[]],"logo7_slike":[[],[],[],[],[],[],[],[]],"logo8_slike":[[],[],[],[],[],[],[],[],[]],"logo9_slike":[[],[],[],[],[],[],[],[],[],[]],"logo10_slike":[[],[],[],[],[],[],[],[],[],[],[]],"logo11_slike":[[],[],[],[],[],[],[],[],[],[],[],[]],"logo12_slike":[[],[],[],[],[],[],[],[],[],[],[],[],[]],"logo13_slike":[[],[],[],[],[],[],[],[],[],[],[],[],[],[]],"logo14_slike":[[],[],[],[],[],[],[],[],[],[],[],[],[],[],[]],"logo15_slike":[[],[],[],[],[],[],[],[],[],[],[],[],[],[],[],[]],"logo16_slike":[[],[],[],[],[],[],[],[],[],[],[],[],[],[],[],[],[]],"logo17_slike":[[],[],[],[],[],[],[],[],[],[],[],[],[],[],[],[],[],[]],"logo18_slike":[[],[],[],[],[],[],[],[],[],[],[],[],[],[],[],[],[],[],[]],"logo19_slike":[[],[],[],[],[],[],[],[],[],[],[],[],[],[],[],[],[],[],[],[]],"logo20_slike":[[],[],[],[],[],[],[],[],[],[],[],[],[],[],[],[],[],[],[],[],[]]}},"yoast_head":"<!-- This site is optimized with the Yoast SEO plugin v26.3 - https:\/\/yoast.com\/wordpress\/plugins\/seo\/ -->\n<title>Pridru\u017eite se svjetskom tjednu za zelenu gradnju! - Hrvatski savjet za zelenu gradnju<\/title>\n<meta name=\"robots\" content=\"index, follow, max-snippet:-1, max-image-preview:large, max-video-preview:-1\" \/>\n<link rel=\"canonical\" href=\"https:\/\/gbccroatia.org\/pridruzite-se-svjetskom-tjednu-za-zelenu-gradnju\/\" \/>\n<meta property=\"og:locale\" content=\"en_US\" \/>\n<meta property=\"og:type\" content=\"article\" \/>\n<meta property=\"og:title\" content=\"Pridru\u017eite se svjetskom tjednu za zelenu gradnju! - Hrvatski savjet za zelenu gradnju\" \/>\n<meta property=\"og:description\" content=\"Recentni svjetski \u0161okovi pokazali su ozbiljnost ljudskog utjecaja na svijet u kojem \u017eivimo...\" \/>\n<meta property=\"og:url\" content=\"https:\/\/gbccroatia.org\/pridruzite-se-svjetskom-tjednu-za-zelenu-gradnju\/\" \/>\n<meta property=\"og:site_name\" content=\"Hrvatski savjet za zelenu gradnju\" \/>\n<meta property=\"article:published_time\" content=\"2023-09-11T18:40:52+00:00\" \/>\n<meta property=\"og:image\" content=\"https:\/\/gbccroatia.org\/wp-content\/uploads\/2023\/09\/screenshot_2022-07-26_at_11-34-12.png\" \/>\n\t<meta property=\"og:image:width\" content=\"1342\" \/>\n\t<meta property=\"og:image:height\" content=\"951\" \/>\n\t<meta property=\"og:image:type\" content=\"image\/png\" \/>\n<meta name=\"author\" content=\"michelWP\" \/>\n<meta name=\"twitter:card\" content=\"summary_large_image\" \/>\n<meta name=\"twitter:label1\" content=\"Written by\" \/>\n\t<meta name=\"twitter:data1\" content=\"michelWP\" \/>\n\t<meta name=\"twitter:label2\" content=\"Est. reading time\" \/>\n\t<meta name=\"twitter:data2\" content=\"1 minute\" \/>\n<script type=\"application\/ld+json\" class=\"yoast-schema-graph\">{\"@context\":\"https:\/\/schema.org\",\"@graph\":[{\"@type\":\"WebPage\",\"@id\":\"https:\/\/gbccroatia.org\/pridruzite-se-svjetskom-tjednu-za-zelenu-gradnju\/\",\"url\":\"https:\/\/gbccroatia.org\/pridruzite-se-svjetskom-tjednu-za-zelenu-gradnju\/\",\"name\":\"Pridru\u017eite se svjetskom tjednu za zelenu gradnju! - Hrvatski savjet za zelenu gradnju\",\"isPartOf\":{\"@id\":\"https:\/\/gbccroatia.org\/#website\"},\"primaryImageOfPage\":{\"@id\":\"https:\/\/gbccroatia.org\/pridruzite-se-svjetskom-tjednu-za-zelenu-gradnju\/#primaryimage\"},\"image\":{\"@id\":\"https:\/\/gbccroatia.org\/pridruzite-se-svjetskom-tjednu-za-zelenu-gradnju\/#primaryimage\"},\"thumbnailUrl\":\"https:\/\/gbccroatia.org\/wp-content\/uploads\/2023\/09\/screenshot_2022-07-26_at_11-34-12.png\",\"datePublished\":\"2023-09-11T18:40:52+00:00\",\"author\":{\"@id\":\"https:\/\/gbccroatia.org\/#\/schema\/person\/2ee378f32578f974b44a9807dbc22176\"},\"breadcrumb\":{\"@id\":\"https:\/\/gbccroatia.org\/pridruzite-se-svjetskom-tjednu-za-zelenu-gradnju\/#breadcrumb\"},\"inLanguage\":\"en-US\",\"potentialAction\":[{\"@type\":\"ReadAction\",\"target\":[\"https:\/\/gbccroatia.org\/pridruzite-se-svjetskom-tjednu-za-zelenu-gradnju\/\"]}]},{\"@type\":\"ImageObject\",\"inLanguage\":\"en-US\",\"@id\":\"https:\/\/gbccroatia.org\/pridruzite-se-svjetskom-tjednu-za-zelenu-gradnju\/#primaryimage\",\"url\":\"https:\/\/gbccroatia.org\/wp-content\/uploads\/2023\/09\/screenshot_2022-07-26_at_11-34-12.png\",\"contentUrl\":\"https:\/\/gbccroatia.org\/wp-content\/uploads\/2023\/09\/screenshot_2022-07-26_at_11-34-12.png\",\"width\":1342,\"height\":951},{\"@type\":\"BreadcrumbList\",\"@id\":\"https:\/\/gbccroatia.org\/pridruzite-se-svjetskom-tjednu-za-zelenu-gradnju\/#breadcrumb\",\"itemListElement\":[{\"@type\":\"ListItem\",\"position\":1,\"name\":\"Po\u010detna stranica\",\"item\":\"https:\/\/gbccroatia.org\/\"},{\"@type\":\"ListItem\",\"position\":2,\"name\":\"Pridru\u017eite se svjetskom tjednu za zelenu gradnju!\"}]},{\"@type\":\"WebSite\",\"@id\":\"https:\/\/gbccroatia.org\/#website\",\"url\":\"https:\/\/gbccroatia.org\/\",\"name\":\"Hrvatski savjet za zelenu gradnju\",\"description\":\"Zelena gradnja u srcu europske budu\u0107nosti\",\"potentialAction\":[{\"@type\":\"SearchAction\",\"target\":{\"@type\":\"EntryPoint\",\"urlTemplate\":\"https:\/\/gbccroatia.org\/?s={search_term_string}\"},\"query-input\":{\"@type\":\"PropertyValueSpecification\",\"valueRequired\":true,\"valueName\":\"search_term_string\"}}],\"inLanguage\":\"en-US\"},{\"@type\":\"Person\",\"@id\":\"https:\/\/gbccroatia.org\/#\/schema\/person\/2ee378f32578f974b44a9807dbc22176\",\"name\":\"michelWP\",\"image\":{\"@type\":\"ImageObject\",\"inLanguage\":\"en-US\",\"@id\":\"https:\/\/gbccroatia.org\/#\/schema\/person\/image\/\",\"url\":\"https:\/\/secure.gravatar.com\/avatar\/2396f1895e66c15a2dc32b7a2cb4bda7cf5792712bfe8117f20e3109b7447481?s=96&d=mm&r=g\",\"contentUrl\":\"https:\/\/secure.gravatar.com\/avatar\/2396f1895e66c15a2dc32b7a2cb4bda7cf5792712bfe8117f20e3109b7447481?s=96&d=mm&r=g\",\"caption\":\"michelWP\"},\"sameAs\":[\"https:\/\/gbccroatia.org\"],\"url\":\"https:\/\/gbccroatia.org\/en\/author\/michelwp\/\"}]}<\/script>\n<!-- \/ Yoast SEO plugin. -->","yoast_head_json":{"title":"Pridru\u017eite se svjetskom tjednu za zelenu gradnju! - Hrvatski savjet za zelenu gradnju","robots":{"index":"index","follow":"follow","max-snippet":"max-snippet:-1","max-image-preview":"max-image-preview:large","max-video-preview":"max-video-preview:-1"},"canonical":"https:\/\/gbccroatia.org\/pridruzite-se-svjetskom-tjednu-za-zelenu-gradnju\/","og_locale":"en_US","og_type":"article","og_title":"Pridru\u017eite se svjetskom tjednu za zelenu gradnju! - Hrvatski savjet za zelenu gradnju","og_description":"Recentni svjetski \u0161okovi pokazali su ozbiljnost ljudskog utjecaja na svijet u kojem \u017eivimo...","og_url":"https:\/\/gbccroatia.org\/pridruzite-se-svjetskom-tjednu-za-zelenu-gradnju\/","og_site_name":"Hrvatski savjet za zelenu gradnju","article_published_time":"2023-09-11T18:40:52+00:00","og_image":[{"width":1342,"height":951,"url":"https:\/\/gbccroatia.org\/wp-content\/uploads\/2023\/09\/screenshot_2022-07-26_at_11-34-12.png","type":"image\/png"}],"author":"michelWP","twitter_card":"summary_large_image","twitter_misc":{"Written by":"michelWP","Est. reading time":"1 minute"},"schema":{"@context":"https:\/\/schema.org","@graph":[{"@type":"WebPage","@id":"https:\/\/gbccroatia.org\/pridruzite-se-svjetskom-tjednu-za-zelenu-gradnju\/","url":"https:\/\/gbccroatia.org\/pridruzite-se-svjetskom-tjednu-za-zelenu-gradnju\/","name":"Pridru\u017eite se svjetskom tjednu za zelenu gradnju! - Hrvatski savjet za zelenu gradnju","isPartOf":{"@id":"https:\/\/gbccroatia.org\/#website"},"primaryImageOfPage":{"@id":"https:\/\/gbccroatia.org\/pridruzite-se-svjetskom-tjednu-za-zelenu-gradnju\/#primaryimage"},"image":{"@id":"https:\/\/gbccroatia.org\/pridruzite-se-svjetskom-tjednu-za-zelenu-gradnju\/#primaryimage"},"thumbnailUrl":"https:\/\/gbccroatia.org\/wp-content\/uploads\/2023\/09\/screenshot_2022-07-26_at_11-34-12.png","datePublished":"2023-09-11T18:40:52+00:00","author":{"@id":"https:\/\/gbccroatia.org\/#\/schema\/person\/2ee378f32578f974b44a9807dbc22176"},"breadcrumb":{"@id":"https:\/\/gbccroatia.org\/pridruzite-se-svjetskom-tjednu-za-zelenu-gradnju\/#breadcrumb"},"inLanguage":"en-US","potentialAction":[{"@type":"ReadAction","target":["https:\/\/gbccroatia.org\/pridruzite-se-svjetskom-tjednu-za-zelenu-gradnju\/"]}]},{"@type":"ImageObject","inLanguage":"en-US","@id":"https:\/\/gbccroatia.org\/pridruzite-se-svjetskom-tjednu-za-zelenu-gradnju\/#primaryimage","url":"https:\/\/gbccroatia.org\/wp-content\/uploads\/2023\/09\/screenshot_2022-07-26_at_11-34-12.png","contentUrl":"https:\/\/gbccroatia.org\/wp-content\/uploads\/2023\/09\/screenshot_2022-07-26_at_11-34-12.png","width":1342,"height":951},{"@type":"BreadcrumbList","@id":"https:\/\/gbccroatia.org\/pridruzite-se-svjetskom-tjednu-za-zelenu-gradnju\/#breadcrumb","itemListElement":[{"@type":"ListItem","position":1,"name":"Po\u010detna stranica","item":"https:\/\/gbccroatia.org\/"},{"@type":"ListItem","position":2,"name":"Pridru\u017eite se svjetskom tjednu za zelenu gradnju!"}]},{"@type":"WebSite","@id":"https:\/\/gbccroatia.org\/#website","url":"https:\/\/gbccroatia.org\/","name":"Hrvatski savjet za zelenu gradnju","description":"Zelena gradnja u srcu europske budu\u0107nosti","potentialAction":[{"@type":"SearchAction","target":{"@type":"EntryPoint","urlTemplate":"https:\/\/gbccroatia.org\/?s={search_term_string}"},"query-input":{"@type":"PropertyValueSpecification","valueRequired":true,"valueName":"search_term_string"}}],"inLanguage":"en-US"},{"@type":"Person","@id":"https:\/\/gbccroatia.org\/#\/schema\/person\/2ee378f32578f974b44a9807dbc22176","name":"michelWP","image":{"@type":"ImageObject","inLanguage":"en-US","@id":"https:\/\/gbccroatia.org\/#\/schema\/person\/image\/","url":"https:\/\/secure.gravatar.com\/avatar\/2396f1895e66c15a2dc32b7a2cb4bda7cf5792712bfe8117f20e3109b7447481?s=96&d=mm&r=g","contentUrl":"https:\/\/secure.gravatar.com\/avatar\/2396f1895e66c15a2dc32b7a2cb4bda7cf5792712bfe8117f20e3109b7447481?s=96&d=mm&r=g","caption":"michelWP"},"sameAs":["https:\/\/gbccroatia.org"],"url":"https:\/\/gbccroatia.org\/en\/author\/michelwp\/"}]}},"_links":{"self":[{"href":"https:\/\/gbccroatia.org\/en\/wp-json\/wp\/v2\/posts\/17634","targetHints":{"allow":["GET"]}}],"collection":[{"href":"https:\/\/gbccroatia.org\/en\/wp-json\/wp\/v2\/posts"}],"about":[{"href":"https:\/\/gbccroatia.org\/en\/wp-json\/wp\/v2\/types\/post"}],"author":[{"embeddable":true,"href":"https:\/\/gbccroatia.org\/en\/wp-json\/wp\/v2\/users\/1"}],"replies":[{"embeddable":true,"href":"https:\/\/gbccroatia.org\/en\/wp-json\/wp\/v2\/comments?post=17634"}],"version-history":[{"count":0,"href":"https:\/\/gbccroatia.org\/en\/wp-json\/wp\/v2\/posts\/17634\/revisions"}],"wp:featuredmedia":[{"embeddable":true,"href":"https:\/\/gbccroatia.org\/en\/wp-json\/wp\/v2\/media\/11671"}],"wp:attachment":[{"href":"https:\/\/gbccroatia.org\/en\/wp-json\/wp\/v2\/media?parent=17634"}],"wp:term":[{"taxonomy":"category","embeddable":true,"href":"https:\/\/gbccroatia.org\/en\/wp-json\/wp\/v2\/categories?post=17634"},{"taxonomy":"post_tag","embeddable":true,"href":"https:\/\/gbccroatia.org\/en\/wp-json\/wp\/v2\/tags?post=17634"}],"curies":[{"name":"wp","href":"https:\/\/api.w.org\/{rel}","templated":true}]}}