{"id":17641,"date":"2023-09-11T18:35:52","date_gmt":"2023-09-11T18:35:52","guid":{"rendered":"https:\/\/gbccroatia.org\/sinergija-eu-projekata-finalna-konferencija-projekta-cli-ma-u-berlinu-i-predstavljanje-projekta-retrofit-hub\/"},"modified":"2023-09-11T18:35:52","modified_gmt":"2023-09-11T18:35:52","slug":"sinergija-eu-projekata-finalna-konferencija-projekta-cli-ma-u-berlinu-i-predstavljanje-projekta-retrofit-hub","status":"publish","type":"post","link":"https:\/\/gbccroatia.org\/en\/sinergija-eu-projekata-finalna-konferencija-projekta-cli-ma-u-berlinu-i-predstavljanje-projekta-retrofit-hub\/","title":{"rendered":"Sinergija EU projekata &#8211; finalna konferencija projekta CLI-MA u Berlinu i predstavljanje projekta Retrofit HUB"},"content":{"rendered":"<p class=\"text-justify\">Predstavnici GBC tima gostovali su na <a href=\"https:\/\/cli-ma.eu\/en\/\" target=\"_blank\" rel=\"noopener\"><strong>finalnoj konferenciji projekta CLI-MA<\/strong><\/a> u Berlinu gdje su iskoristili priliku za diskusiju i izmjenu iskustva na temu energetske obnove vi\u0161estambenih zgrada. Ispred GBC tima sudjelovali su projektna koordinatorica Ana \u0160enhold i voditelj programa Benjamin Petrovi\u0107. Na konferenciji je predstavljen projekt Retrofit HUB koji je, kao i projekt CLI-MA, sufinanciran od strane <a href=\"https:\/\/www.euki.de\/en\/#:~:text=The%20European%20Climate%20Initiative%20(EUKI,to%20mitigate%20greenhouse%20gas%20emissions.\" target=\"_blank\" rel=\"noopener\"><strong>Europske klimatske inicijative (EUKI)<\/strong><\/a>.<\/p>\n<p class=\"text-justify\">Konferencija se odr\u017eala od <strong>5. do 7. rujna 2022. godine<\/strong>, a doma\u0107in je je bila jedna od partnerskih organizacija projekta CLI-MA,\u00a0<em><a href=\"http:\/\/www.iwoev.org\/en\/home\" target=\"_blank\" rel=\"noopener\"><strong>Housing Initiative for Eastern Europe (IWO e.V.)<\/strong><\/a>.<\/em><\/p>\n<p class=\"text-justify\">Prvi dan konferencije predstavljeni su primjeri stanovanja u vi\u0161estambenim zgradama prema principu <em>zajedni\u010dkog stanovanja (cooperative housing<\/em>). Jedan od takvih primjera predstavljen je u obilasku \u0161ireg zapadnog centra Berlina sjeverno od rijeke Spree.<\/p>\n<p class=\"text-justify\">Zajednica unutar kompleksa zgrada na kori\u0161tenje ima ure\u0111ene i denivelirane vanjske povr\u0161ine s dje\u010djim igrali\u0161tem i zonama za boravak i okupljanje, a u prizemlju zgrada nalaze se dom za starije i nemo\u0107ne, praonica rublja te ostali sadr\u017eaji dostupni na kori\u0161tenje zajednici.<\/p>\n<p class=\"text-justify\"><img fetchpriority=\"high\" decoding=\"async\" class=\"alignnone wp-image-13383 size-large\" src=\"https:\/\/gbccroatia.org\/wp-content\/uploads\/2023\/09\/obilazak-cooperative-housing.png-1024x768.jpeg\" alt=\"\" width=\"900\" height=\"675\" srcset=\"https:\/\/gbccroatia.org\/wp-content\/uploads\/2023\/09\/obilazak-cooperative-housing.png-1024x768.jpeg 1024w, https:\/\/gbccroatia.org\/wp-content\/uploads\/2023\/09\/obilazak-cooperative-housing.png-300x225.jpeg 300w, https:\/\/gbccroatia.org\/wp-content\/uploads\/2023\/09\/obilazak-cooperative-housing.png-768x576.jpeg 768w, https:\/\/gbccroatia.org\/wp-content\/uploads\/2023\/09\/obilazak-cooperative-housing.png-1536x1152.jpeg 1536w, https:\/\/gbccroatia.org\/wp-content\/uploads\/2023\/09\/obilazak-cooperative-housing.png-2048x1536.jpeg 2048w\" sizes=\"(max-width: 900px) 100vw, 900px\" \/><\/p>\n<p class=\"text-justify\"><em>Slika: Inga Rovbutas<\/em><\/p>\n<p class=\"text-justify\">Drugi dan konferencije projektna koordinatorica Ana \u0160enhold predstavila je dosada\u0161nji rad GBC tima i projektnih partnera (poljski i ma\u0111arski GBC) na projektu <a href=\"https:\/\/gbccroatia.org\/retrofit-hub\/ponuda\/408\" target=\"_blank\" rel=\"noopener\"><strong>Retrofit HUB<\/strong><\/a> koji ima za cilj unaprijediti znanje i vje\u0161tine upravitelja zgrada, projektanata i izvo\u0111a\u010da energetskih obnova vi\u0161estambenih zgrada kako bi se ubrzao proces obnove u svim partnerskim dr\u017eavama.<\/p>\n<p class=\"text-justify\"><img decoding=\"async\" class=\"alignnone wp-image-13385 size-large\" src=\"https:\/\/gbccroatia.org\/wp-content\/uploads\/2023\/09\/ana-prezentacija.png-1024x768.jpeg\" alt=\"\" width=\"900\" height=\"675\" srcset=\"https:\/\/gbccroatia.org\/wp-content\/uploads\/2023\/09\/ana-prezentacija.png-1024x768.jpeg 1024w, https:\/\/gbccroatia.org\/wp-content\/uploads\/2023\/09\/ana-prezentacija.png-300x225.jpeg 300w, https:\/\/gbccroatia.org\/wp-content\/uploads\/2023\/09\/ana-prezentacija.png-768x576.jpeg 768w, https:\/\/gbccroatia.org\/wp-content\/uploads\/2023\/09\/ana-prezentacija.png-1536x1152.jpeg 1536w, https:\/\/gbccroatia.org\/wp-content\/uploads\/2023\/09\/ana-prezentacija.png.jpeg 2016w\" sizes=\"(max-width: 900px) 100vw, 900px\" \/><\/p>\n<p class=\"text-justify\"><em>Slika: Inga Rovbutas<\/em><\/p>\n<p class=\"text-justify\">Tako\u0111er, predstavljeni su rezultati i postignu\u0107a projekta <a href=\"https:\/\/cli-ma.eu\/en\/\" target=\"_blank\" rel=\"noopener\"><strong>CLI-MA<\/strong><\/a>. Projektnim aktivnostima osmi\u0161ljen je <strong>kurikulum za edukaciju upravitelja zgrada<\/strong> u Latviji i Poljskoj koji kroz nove, sveobuhvatne trening materijale uklju\u010duje znanja o redovnom radu upravitelja za odr\u017eavanje i obnovu zgrada, ali od sada s materijalima za razumijevanje energetske u\u010dinkovitosti i integraciju energetske obnove.<\/p>\n<p class=\"text-justify\"><img decoding=\"async\" class=\"alignnone wp-image-13387 size-large\" src=\"https:\/\/gbccroatia.org\/wp-content\/uploads\/2023\/09\/cli-ma-poljaci.png-1024x768.jpeg\" alt=\"\" width=\"900\" height=\"675\" srcset=\"https:\/\/gbccroatia.org\/wp-content\/uploads\/2023\/09\/cli-ma-poljaci.png-1024x768.jpeg 1024w, https:\/\/gbccroatia.org\/wp-content\/uploads\/2023\/09\/cli-ma-poljaci.png-300x225.jpeg 300w, https:\/\/gbccroatia.org\/wp-content\/uploads\/2023\/09\/cli-ma-poljaci.png-768x576.jpeg 768w, https:\/\/gbccroatia.org\/wp-content\/uploads\/2023\/09\/cli-ma-poljaci.png-1536x1152.jpeg 1536w, https:\/\/gbccroatia.org\/wp-content\/uploads\/2023\/09\/cli-ma-poljaci.png.jpeg 2016w\" sizes=\"(max-width: 900px) 100vw, 900px\" \/><\/p>\n<p class=\"text-justify\"><em>Slika: Inga Rovbutas<\/em><\/p>\n<p class=\"text-justify\">Sudionici konferencije zaklju\u010dili su da oba projekta, CLI-MA i Retrofit HUB, imaju zajedni\u010dke ciljeve koji \u0107e se lak\u0161e posti\u0107i sinergijom, nastavkom suradnje i dijeljenjem iskustava.<\/p>\n<p class=\"text-justify\">Znanja i pristup problematici koji su primijenili partneri projekta CLI-MA, predstavnici GBC-a \u0107e koristiti u diskusiji i pripremi nadolaze\u0107ih aktivnosti unutar projekta Retrofit HUB te u nastavku daljnjeg rada.<\/p>\n<p class=\"text-justify\"><strong>Sinergije i izmjena iskustva nu\u017eni su za svakodnevni rad u provo\u0111enju projekta jer pru\u017eaju nove pristupe ve\u0107 poznatim izazovima<\/strong>.<\/p>\n","protected":false},"excerpt":{"rendered":"<p>Predstavnici GBC tima gostovali su na finalnoj konferenciji projekta CLI-MA&#8230;<\/p>\n","protected":false},"author":1,"featured_media":11666,"comment_status":"open","ping_status":"open","sticky":false,"template":"","format":"standard","meta":{"footnotes":""},"categories":[71],"tags":[],"class_list":["post-17641","post","type-post","status-publish","format-standard","has-post-thumbnail","hentry","category-2022-en"],"acf":{"photo_gallery":{"galerija":[[]],"logo1_slike":[[],[]],"logo2_slike":[[],[],[]],"logo3_slike":[[],[],[],[]],"logo4_slike":[[],[],[],[],[]],"logo5_slike":[[],[],[],[],[],[]],"logo6_slike":[[],[],[],[],[],[],[]],"logo7_slike":[[],[],[],[],[],[],[],[]],"logo8_slike":[[],[],[],[],[],[],[],[],[]],"logo9_slike":[[],[],[],[],[],[],[],[],[],[]],"logo10_slike":[[],[],[],[],[],[],[],[],[],[],[]],"logo11_slike":[[],[],[],[],[],[],[],[],[],[],[],[]],"logo12_slike":[[],[],[],[],[],[],[],[],[],[],[],[],[]],"logo13_slike":[[],[],[],[],[],[],[],[],[],[],[],[],[],[]],"logo14_slike":[[],[],[],[],[],[],[],[],[],[],[],[],[],[],[]],"logo15_slike":[[],[],[],[],[],[],[],[],[],[],[],[],[],[],[],[]],"logo16_slike":[[],[],[],[],[],[],[],[],[],[],[],[],[],[],[],[],[]],"logo17_slike":[[],[],[],[],[],[],[],[],[],[],[],[],[],[],[],[],[],[]],"logo18_slike":[[],[],[],[],[],[],[],[],[],[],[],[],[],[],[],[],[],[],[]],"logo19_slike":[[],[],[],[],[],[],[],[],[],[],[],[],[],[],[],[],[],[],[],[]],"logo20_slike":[[],[],[],[],[],[],[],[],[],[],[],[],[],[],[],[],[],[],[],[],[]]}},"yoast_head":"<!-- This site is optimized with the Yoast SEO plugin v26.3 - https:\/\/yoast.com\/wordpress\/plugins\/seo\/ -->\n<title>Sinergija EU projekata - finalna konferencija projekta CLI-MA u Berlinu i predstavljanje projekta Retrofit HUB - Hrvatski savjet za zelenu gradnju<\/title>\n<meta name=\"robots\" content=\"index, follow, max-snippet:-1, max-image-preview:large, max-video-preview:-1\" \/>\n<link rel=\"canonical\" href=\"https:\/\/gbccroatia.org\/sinergija-eu-projekata-finalna-konferencija-projekta-cli-ma-u-berlinu-i-predstavljanje-projekta-retrofit-hub\/\" \/>\n<meta property=\"og:locale\" content=\"en_US\" \/>\n<meta property=\"og:type\" content=\"article\" \/>\n<meta property=\"og:title\" content=\"Sinergija EU projekata - finalna konferencija projekta CLI-MA u Berlinu i predstavljanje projekta Retrofit HUB - Hrvatski savjet za zelenu gradnju\" \/>\n<meta property=\"og:description\" content=\"Predstavnici GBC tima gostovali su na finalnoj konferenciji projekta CLI-MA...\" \/>\n<meta property=\"og:url\" content=\"https:\/\/gbccroatia.org\/sinergija-eu-projekata-finalna-konferencija-projekta-cli-ma-u-berlinu-i-predstavljanje-projekta-retrofit-hub\/\" \/>\n<meta property=\"og:site_name\" content=\"Hrvatski savjet za zelenu gradnju\" \/>\n<meta property=\"article:published_time\" content=\"2023-09-11T18:35:52+00:00\" \/>\n<meta property=\"og:image\" content=\"https:\/\/gbccroatia.org\/wp-content\/uploads\/2023\/09\/jpg_1.jpg\" \/>\n\t<meta property=\"og:image:width\" content=\"2016\" \/>\n\t<meta property=\"og:image:height\" content=\"1512\" \/>\n\t<meta property=\"og:image:type\" content=\"image\/jpeg\" \/>\n<meta name=\"author\" content=\"michelWP\" \/>\n<meta name=\"twitter:card\" content=\"summary_large_image\" \/>\n<meta name=\"twitter:label1\" content=\"Written by\" \/>\n\t<meta name=\"twitter:data1\" content=\"michelWP\" \/>\n\t<meta name=\"twitter:label2\" content=\"Est. reading time\" \/>\n\t<meta name=\"twitter:data2\" content=\"2 minutes\" \/>\n<script type=\"application\/ld+json\" class=\"yoast-schema-graph\">{\"@context\":\"https:\/\/schema.org\",\"@graph\":[{\"@type\":\"WebPage\",\"@id\":\"https:\/\/gbccroatia.org\/sinergija-eu-projekata-finalna-konferencija-projekta-cli-ma-u-berlinu-i-predstavljanje-projekta-retrofit-hub\/\",\"url\":\"https:\/\/gbccroatia.org\/sinergija-eu-projekata-finalna-konferencija-projekta-cli-ma-u-berlinu-i-predstavljanje-projekta-retrofit-hub\/\",\"name\":\"Sinergija EU projekata - finalna konferencija projekta CLI-MA u Berlinu i predstavljanje projekta Retrofit HUB - Hrvatski savjet za zelenu gradnju\",\"isPartOf\":{\"@id\":\"https:\/\/gbccroatia.org\/#website\"},\"primaryImageOfPage\":{\"@id\":\"https:\/\/gbccroatia.org\/sinergija-eu-projekata-finalna-konferencija-projekta-cli-ma-u-berlinu-i-predstavljanje-projekta-retrofit-hub\/#primaryimage\"},\"image\":{\"@id\":\"https:\/\/gbccroatia.org\/sinergija-eu-projekata-finalna-konferencija-projekta-cli-ma-u-berlinu-i-predstavljanje-projekta-retrofit-hub\/#primaryimage\"},\"thumbnailUrl\":\"https:\/\/gbccroatia.org\/wp-content\/uploads\/2023\/09\/jpg_1.jpg\",\"datePublished\":\"2023-09-11T18:35:52+00:00\",\"author\":{\"@id\":\"https:\/\/gbccroatia.org\/#\/schema\/person\/2ee378f32578f974b44a9807dbc22176\"},\"breadcrumb\":{\"@id\":\"https:\/\/gbccroatia.org\/sinergija-eu-projekata-finalna-konferencija-projekta-cli-ma-u-berlinu-i-predstavljanje-projekta-retrofit-hub\/#breadcrumb\"},\"inLanguage\":\"en-US\",\"potentialAction\":[{\"@type\":\"ReadAction\",\"target\":[\"https:\/\/gbccroatia.org\/sinergija-eu-projekata-finalna-konferencija-projekta-cli-ma-u-berlinu-i-predstavljanje-projekta-retrofit-hub\/\"]}]},{\"@type\":\"ImageObject\",\"inLanguage\":\"en-US\",\"@id\":\"https:\/\/gbccroatia.org\/sinergija-eu-projekata-finalna-konferencija-projekta-cli-ma-u-berlinu-i-predstavljanje-projekta-retrofit-hub\/#primaryimage\",\"url\":\"https:\/\/gbccroatia.org\/wp-content\/uploads\/2023\/09\/jpg_1.jpg\",\"contentUrl\":\"https:\/\/gbccroatia.org\/wp-content\/uploads\/2023\/09\/jpg_1.jpg\",\"width\":2016,\"height\":1512},{\"@type\":\"BreadcrumbList\",\"@id\":\"https:\/\/gbccroatia.org\/sinergija-eu-projekata-finalna-konferencija-projekta-cli-ma-u-berlinu-i-predstavljanje-projekta-retrofit-hub\/#breadcrumb\",\"itemListElement\":[{\"@type\":\"ListItem\",\"position\":1,\"name\":\"Po\u010detna stranica\",\"item\":\"https:\/\/gbccroatia.org\/\"},{\"@type\":\"ListItem\",\"position\":2,\"name\":\"Sinergija EU projekata &#8211; finalna konferencija projekta CLI-MA u Berlinu i predstavljanje projekta Retrofit HUB\"}]},{\"@type\":\"WebSite\",\"@id\":\"https:\/\/gbccroatia.org\/#website\",\"url\":\"https:\/\/gbccroatia.org\/\",\"name\":\"Hrvatski savjet za zelenu gradnju\",\"description\":\"Zelena gradnja u srcu europske budu\u0107nosti\",\"potentialAction\":[{\"@type\":\"SearchAction\",\"target\":{\"@type\":\"EntryPoint\",\"urlTemplate\":\"https:\/\/gbccroatia.org\/?s={search_term_string}\"},\"query-input\":{\"@type\":\"PropertyValueSpecification\",\"valueRequired\":true,\"valueName\":\"search_term_string\"}}],\"inLanguage\":\"en-US\"},{\"@type\":\"Person\",\"@id\":\"https:\/\/gbccroatia.org\/#\/schema\/person\/2ee378f32578f974b44a9807dbc22176\",\"name\":\"michelWP\",\"image\":{\"@type\":\"ImageObject\",\"inLanguage\":\"en-US\",\"@id\":\"https:\/\/gbccroatia.org\/#\/schema\/person\/image\/\",\"url\":\"https:\/\/secure.gravatar.com\/avatar\/2396f1895e66c15a2dc32b7a2cb4bda7cf5792712bfe8117f20e3109b7447481?s=96&d=mm&r=g\",\"contentUrl\":\"https:\/\/secure.gravatar.com\/avatar\/2396f1895e66c15a2dc32b7a2cb4bda7cf5792712bfe8117f20e3109b7447481?s=96&d=mm&r=g\",\"caption\":\"michelWP\"},\"sameAs\":[\"https:\/\/gbccroatia.org\"],\"url\":\"https:\/\/gbccroatia.org\/en\/author\/michelwp\/\"}]}<\/script>\n<!-- \/ Yoast SEO plugin. -->","yoast_head_json":{"title":"Sinergija EU projekata - finalna konferencija projekta CLI-MA u Berlinu i predstavljanje projekta Retrofit HUB - Hrvatski savjet za zelenu gradnju","robots":{"index":"index","follow":"follow","max-snippet":"max-snippet:-1","max-image-preview":"max-image-preview:large","max-video-preview":"max-video-preview:-1"},"canonical":"https:\/\/gbccroatia.org\/sinergija-eu-projekata-finalna-konferencija-projekta-cli-ma-u-berlinu-i-predstavljanje-projekta-retrofit-hub\/","og_locale":"en_US","og_type":"article","og_title":"Sinergija EU projekata - finalna konferencija projekta CLI-MA u Berlinu i predstavljanje projekta Retrofit HUB - Hrvatski savjet za zelenu gradnju","og_description":"Predstavnici GBC tima gostovali su na finalnoj konferenciji projekta CLI-MA...","og_url":"https:\/\/gbccroatia.org\/sinergija-eu-projekata-finalna-konferencija-projekta-cli-ma-u-berlinu-i-predstavljanje-projekta-retrofit-hub\/","og_site_name":"Hrvatski savjet za zelenu gradnju","article_published_time":"2023-09-11T18:35:52+00:00","og_image":[{"width":2016,"height":1512,"url":"https:\/\/gbccroatia.org\/wp-content\/uploads\/2023\/09\/jpg_1.jpg","type":"image\/jpeg"}],"author":"michelWP","twitter_card":"summary_large_image","twitter_misc":{"Written by":"michelWP","Est. reading time":"2 minutes"},"schema":{"@context":"https:\/\/schema.org","@graph":[{"@type":"WebPage","@id":"https:\/\/gbccroatia.org\/sinergija-eu-projekata-finalna-konferencija-projekta-cli-ma-u-berlinu-i-predstavljanje-projekta-retrofit-hub\/","url":"https:\/\/gbccroatia.org\/sinergija-eu-projekata-finalna-konferencija-projekta-cli-ma-u-berlinu-i-predstavljanje-projekta-retrofit-hub\/","name":"Sinergija EU projekata - finalna konferencija projekta CLI-MA u Berlinu i predstavljanje projekta Retrofit HUB - Hrvatski savjet za zelenu gradnju","isPartOf":{"@id":"https:\/\/gbccroatia.org\/#website"},"primaryImageOfPage":{"@id":"https:\/\/gbccroatia.org\/sinergija-eu-projekata-finalna-konferencija-projekta-cli-ma-u-berlinu-i-predstavljanje-projekta-retrofit-hub\/#primaryimage"},"image":{"@id":"https:\/\/gbccroatia.org\/sinergija-eu-projekata-finalna-konferencija-projekta-cli-ma-u-berlinu-i-predstavljanje-projekta-retrofit-hub\/#primaryimage"},"thumbnailUrl":"https:\/\/gbccroatia.org\/wp-content\/uploads\/2023\/09\/jpg_1.jpg","datePublished":"2023-09-11T18:35:52+00:00","author":{"@id":"https:\/\/gbccroatia.org\/#\/schema\/person\/2ee378f32578f974b44a9807dbc22176"},"breadcrumb":{"@id":"https:\/\/gbccroatia.org\/sinergija-eu-projekata-finalna-konferencija-projekta-cli-ma-u-berlinu-i-predstavljanje-projekta-retrofit-hub\/#breadcrumb"},"inLanguage":"en-US","potentialAction":[{"@type":"ReadAction","target":["https:\/\/gbccroatia.org\/sinergija-eu-projekata-finalna-konferencija-projekta-cli-ma-u-berlinu-i-predstavljanje-projekta-retrofit-hub\/"]}]},{"@type":"ImageObject","inLanguage":"en-US","@id":"https:\/\/gbccroatia.org\/sinergija-eu-projekata-finalna-konferencija-projekta-cli-ma-u-berlinu-i-predstavljanje-projekta-retrofit-hub\/#primaryimage","url":"https:\/\/gbccroatia.org\/wp-content\/uploads\/2023\/09\/jpg_1.jpg","contentUrl":"https:\/\/gbccroatia.org\/wp-content\/uploads\/2023\/09\/jpg_1.jpg","width":2016,"height":1512},{"@type":"BreadcrumbList","@id":"https:\/\/gbccroatia.org\/sinergija-eu-projekata-finalna-konferencija-projekta-cli-ma-u-berlinu-i-predstavljanje-projekta-retrofit-hub\/#breadcrumb","itemListElement":[{"@type":"ListItem","position":1,"name":"Po\u010detna stranica","item":"https:\/\/gbccroatia.org\/"},{"@type":"ListItem","position":2,"name":"Sinergija EU projekata &#8211; finalna konferencija projekta CLI-MA u Berlinu i predstavljanje projekta Retrofit HUB"}]},{"@type":"WebSite","@id":"https:\/\/gbccroatia.org\/#website","url":"https:\/\/gbccroatia.org\/","name":"Hrvatski savjet za zelenu gradnju","description":"Zelena gradnja u srcu europske budu\u0107nosti","potentialAction":[{"@type":"SearchAction","target":{"@type":"EntryPoint","urlTemplate":"https:\/\/gbccroatia.org\/?s={search_term_string}"},"query-input":{"@type":"PropertyValueSpecification","valueRequired":true,"valueName":"search_term_string"}}],"inLanguage":"en-US"},{"@type":"Person","@id":"https:\/\/gbccroatia.org\/#\/schema\/person\/2ee378f32578f974b44a9807dbc22176","name":"michelWP","image":{"@type":"ImageObject","inLanguage":"en-US","@id":"https:\/\/gbccroatia.org\/#\/schema\/person\/image\/","url":"https:\/\/secure.gravatar.com\/avatar\/2396f1895e66c15a2dc32b7a2cb4bda7cf5792712bfe8117f20e3109b7447481?s=96&d=mm&r=g","contentUrl":"https:\/\/secure.gravatar.com\/avatar\/2396f1895e66c15a2dc32b7a2cb4bda7cf5792712bfe8117f20e3109b7447481?s=96&d=mm&r=g","caption":"michelWP"},"sameAs":["https:\/\/gbccroatia.org"],"url":"https:\/\/gbccroatia.org\/en\/author\/michelwp\/"}]}},"_links":{"self":[{"href":"https:\/\/gbccroatia.org\/en\/wp-json\/wp\/v2\/posts\/17641","targetHints":{"allow":["GET"]}}],"collection":[{"href":"https:\/\/gbccroatia.org\/en\/wp-json\/wp\/v2\/posts"}],"about":[{"href":"https:\/\/gbccroatia.org\/en\/wp-json\/wp\/v2\/types\/post"}],"author":[{"embeddable":true,"href":"https:\/\/gbccroatia.org\/en\/wp-json\/wp\/v2\/users\/1"}],"replies":[{"embeddable":true,"href":"https:\/\/gbccroatia.org\/en\/wp-json\/wp\/v2\/comments?post=17641"}],"version-history":[{"count":0,"href":"https:\/\/gbccroatia.org\/en\/wp-json\/wp\/v2\/posts\/17641\/revisions"}],"wp:featuredmedia":[{"embeddable":true,"href":"https:\/\/gbccroatia.org\/en\/wp-json\/wp\/v2\/media\/11666"}],"wp:attachment":[{"href":"https:\/\/gbccroatia.org\/en\/wp-json\/wp\/v2\/media?parent=17641"}],"wp:term":[{"taxonomy":"category","embeddable":true,"href":"https:\/\/gbccroatia.org\/en\/wp-json\/wp\/v2\/categories?post=17641"},{"taxonomy":"post_tag","embeddable":true,"href":"https:\/\/gbccroatia.org\/en\/wp-json\/wp\/v2\/tags?post=17641"}],"curies":[{"name":"wp","href":"https:\/\/api.w.org\/{rel}","templated":true}]}}