{"id":17655,"date":"2023-09-11T18:25:29","date_gmt":"2023-09-11T18:25:29","guid":{"rendered":"https:\/\/gbccroatia.org\/odrzana-ljetna-zelena-radionica-tradicionalno-okupljanje-gbc-clanova\/"},"modified":"2023-09-11T18:25:29","modified_gmt":"2023-09-11T18:25:29","slug":"odrzana-ljetna-zelena-radionica-tradicionalno-okupljanje-gbc-clanova","status":"publish","type":"post","link":"https:\/\/gbccroatia.org\/en\/odrzana-ljetna-zelena-radionica-tradicionalno-okupljanje-gbc-clanova\/","title":{"rendered":"Odr\u017eana Ljetna zelena radionica \u2013 tradicionalno okupljanje GBC \u010dlanova"},"content":{"rendered":"<p class=\"text-justify\">Zagreb, 6.7.2022. &#8211; S ciljem osvje\u0161tavanja o klju\u010dnim klimatskim pitanjima, postizanja energetske u\u0161tede i klimatske neutralnosti do 2050. godine, Hrvatski savjet za zelenu gradnju odr\u017eao je Ljetnu zelenu radionicu koja je okupila vi\u0161e od 70 predstavnika iz podru\u010dja graditeljstva, energetike, gospodarstva, javne uprave i akademske zajednice.<\/p>\n<p class=\"text-justify\">Dean Smolar, izvr\u0161ni direktor, otvorio je doga\u0111anje kratkom prezentacijom u okviru koje su bile istaknute sve odra\u0111ene aktivnosti u prvom dijelu 2022. godine uklju\u010duju\u0107i i projektna postignu\u0107a te je najavio nadolaze\u0107e GBC edukacije i konferencije.<\/p>\n<p class=\"text-justify\">Potom je uslijedila interaktivna radionica koja je obuhvatila sljede\u0107e teme:<\/p>\n<ol class=\"text-justify\">\n<li>Dekarbonizacija zgrada \u2013 Building Life Nacionalni leadership forum<\/li>\n<\/ol>\n<ul class=\"text-justify\">\n<li>Predstavljanje Building Life Roadmap-a<\/li>\n<li>Kako posti\u0107i dekarbonizaciju zgrada tijekom cjelo\u017eivotnog ciklusa<\/li>\n<\/ul>\n<ol class=\"text-justify\" start=\"2\">\n<li>Energetska obnova vi\u0161estambenih zgrada \u2013 Retrofit HUB NFG<\/li>\n<\/ol>\n<ul class=\"text-justify\">\n<li>Kako pove\u0107ati broj obnovljenih vi\u0161estambenih zgrada<\/li>\n<li>Tehni\u010dki, financijski i komunikacijski izazovi i prilike<\/li>\n<\/ul>\n<p class=\"text-justify\">U okviru radionice, sudionicima su predstavljena dva aktualna GBC projekta usmjerena prema ostvarenju ni\u017eih razina emisija CO<sub>2<\/sub> unutar gra\u0111evinskog sektora, ubrzanju prihva\u0107anja odredbi EU Green Deala te provo\u0111enju inicijativa energetske obnove vi\u0161estambenih zgrada.<\/p>\n<p><em><img fetchpriority=\"high\" decoding=\"async\" src=\"https:\/\/gbccroatia.org\/storage\/uploads\/editor\/cr0_7874.jpg\" alt=\"\" width=\"305\" height=\"195\" \/>\u00a0<img decoding=\"async\" src=\"https:\/\/gbccroatia.org\/storage\/uploads\/editor\/cr0_8036.jpg\" alt=\"\" width=\"291\" height=\"194\" \/>\u00a0<img decoding=\"async\" src=\"https:\/\/gbccroatia.org\/storage\/uploads\/editor\/cr0_8053.jpg\" alt=\"\" width=\"599\" height=\"399\" \/><\/em><\/p>\n<p class=\"text-justify\">Projekt Retrofit HUB usmjeren je na energetsku obnovu vi\u0161estambenih zgrada kroz educiranje i podizanje svijesti stanara, predstavnika stanara, upravitelja zgrada te stru\u010dnjaka iz privatnog sektora o\u00a0na\u010dinima implementacije inicijativa obnove, tijeku te postupcima prijava i provedbe, instalacijama, materijalima i na\u010dinu verifikacije kvalitete provedene obnove. Projekt isti\u010de dobrobiti energetske obnove kroz va\u017enost utjecaja na klimu, klimatsku otpornost, prilagodbu te poja\u0161njenje energetske u\u010dinkovitosti.<\/p>\n<p class=\"text-justify\">\u201eNaime, vi\u0161estambene zgrade predstavljaju oko 35% ukupnog stambenog fonda u\u00a0 Hrvatskoj. Sve te zgrade izgra\u0111ene su prije trenutnih tehni\u010dkih propisa i odgovorne su za 40% potro\u0161nje energije i 36% emisije CO<sub>2<\/sub>. Bez pove\u0107anja stope energetske obnove vi\u0161estambenih zgrada, te\u0161ko mo\u017eemo posti\u0107i dekarbonizaciju i ciljeve klimatske neutralnosti do 2050. godine\u201c, smatra Aleksandar Jelovac, voditelj projekata u Hrvatskom savjetu zelenu gradnju.<\/p>\n<p class=\"text-justify\">Projekt BuildingLife poti\u010de suradnju izme\u0111u privatnog i javnog sektora s ciljem promjene u europskim politikama koje se odnose na ukupni utjecaj zgrada na okoli\u0161, iz perspektive ugljika i ostalih \u010dimbenika, u cjelo\u017eivotnom ciklusu izgra\u0111enog okoli\u0161a. Projekt je klju\u010dan za ostvarenje dekarbonizacije i postizanje ciljeva klimatske neutralnosti, jer se zajedni\u010dkim suo\u010davanjem s pitanjem ostvarenja nultih stopa emisija CO<sub>2<\/sub>, omogu\u0107ava br\u017ei gospodarski oporavak i pozitivan utjecaj na zdravlje ljudi i okoli\u0161.<\/p>\n<p class=\"text-justify\">\u201eCilj je ubrzanje dekarbonizacije zgrada do 2050. te borba protiv emisija CO<sub>2<\/sub> u operativnoj fazi zgrade sve do previ\u0111enog utjecaja emisija nastalih zbog kori\u0161tenog materijala i samog procesa gradnje. Velika ve\u0107ina ukupnog fonda zgrada u EU je stara i neu\u010dinkovita. Stoga kroz ovaj projekt izra\u0111ujemo \u201eNacionalni putokaz za ostvarenje ni\u017eih emisija cjelo\u017eivotnog ugljika\u201c koji uklju\u010duje\u00a0 pregled pozitivnih me\u0111unarodnih praksi, nacionalnog zakonodavstva, pregled stanja na tr\u017ei\u0161tu, kao i transformaciju tih istih okvira u Hrvatskoj implementacijom cjelo\u017eivotnog ugljika, kako bi se postigli ciljevi dekarbonizacije i proveo ambiciozni Europski zeleni plan\u201c, istaknula je Josipa Arapovi\u0107, voditeljica projekata u Hrvatskom savjetu za zelenu gradnju.<\/p>\n<p class=\"text-justify\">\u201eKao proizvo\u0111a\u010d gra\u0111evinskih materijala podr\u017eavamo oba projekta, jer je to jedini na\u010din da pove\u017eemo sve dionike graditeljstva. A dekarbonizacije ne\u0107e biti ako se svi dionici ne sjednu za stol i dogovore svaki svoje obaveze. Pri tome smatramo klju\u010dnim da javni sektor po\u010dne zahtijevati kriterije zelene javne nabave, da primjerom poka\u017eu smjer. Glavna tema Hrvatskog foruma o odr\u017eivoj gradnji jo\u0161 je 2015. godine bila zelena javna nabava u graditeljstvu, a to jo\u0161 nije za\u017eivjelo. Trebali bismo odraditi barem jedan pilot projekt, da se uvjerimo da to mo\u017eemo, mislim da bi nam onda bilo lak\u0161e krenuti prema dekarbonizaciji\u201c, istaknula je Julija \u0160koro, direktorica odr\u017eivosti, Holcim (Hrvatska) d.o.o.<\/p>\n<p class=\"text-justify\">Zeleni partner radionice bio je Fond za za\u0161titu okoli\u0161a i energetsku u\u010dinkovitost.<\/p>\n<p class=\"font-size-l\"><strong>ORGANIZATOR\u00a0 \u00a0 \u00a0 ZELENI PARTNER\u00a0 \u00a0 \u00a0 \u00a0\u00a0<\/strong><\/p>\n<p><img loading=\"lazy\" decoding=\"async\" src=\"https:\/\/gbccroatia.org\/storage\/uploads\/editor\/logo1_en_2.jpg\" alt=\"\" width=\"161\" height=\"94\" \/>\u00a0 \u00a0 \u00a0 \u00a0 \u00a0 \u00a0\u00a0<a title=\"FZOEU\" href=\"http:\/\/www.fzoeu.hr\/\" target=\"_blank\" rel=\"noopener\">\u00a0 \u00a0<img loading=\"lazy\" decoding=\"async\" title=\"Fond za za\u0161titu okoli\u0161a i energetsku u\u010dinkovitost\" src=\"https:\/\/gbccroatia.org\/storage\/uploads\/editor\/logofonda.jpg\" alt=\"Fond za za\u0161titu okoli\u0161a i energetsku u\u010dinkovitost\" width=\"143\" height=\"87\" \/><\/a><\/p>\n","protected":false},"excerpt":{"rendered":"<p>S ciljem osvje\u0161tavanja o klju\u010dnim klimatskim pitanjima, postizanja energetske u\u0161tede&#8230;<\/p>\n","protected":false},"author":1,"featured_media":11655,"comment_status":"open","ping_status":"open","sticky":false,"template":"","format":"standard","meta":{"footnotes":""},"categories":[71],"tags":[],"class_list":["post-17655","post","type-post","status-publish","format-standard","has-post-thumbnail","hentry","category-2022-en"],"acf":{"photo_gallery":{"galerija":[[]],"logo1_slike":[[],[]],"logo2_slike":[[],[],[]],"logo3_slike":[[],[],[],[]],"logo4_slike":[[],[],[],[],[]],"logo5_slike":[[],[],[],[],[],[]],"logo6_slike":[[],[],[],[],[],[],[]],"logo7_slike":[[],[],[],[],[],[],[],[]],"logo8_slike":[[],[],[],[],[],[],[],[],[]],"logo9_slike":[[],[],[],[],[],[],[],[],[],[]],"logo10_slike":[[],[],[],[],[],[],[],[],[],[],[]],"logo11_slike":[[],[],[],[],[],[],[],[],[],[],[],[]],"logo12_slike":[[],[],[],[],[],[],[],[],[],[],[],[],[]],"logo13_slike":[[],[],[],[],[],[],[],[],[],[],[],[],[],[]],"logo14_slike":[[],[],[],[],[],[],[],[],[],[],[],[],[],[],[]],"logo15_slike":[[],[],[],[],[],[],[],[],[],[],[],[],[],[],[],[]],"logo16_slike":[[],[],[],[],[],[],[],[],[],[],[],[],[],[],[],[],[]],"logo17_slike":[[],[],[],[],[],[],[],[],[],[],[],[],[],[],[],[],[],[]],"logo18_slike":[[],[],[],[],[],[],[],[],[],[],[],[],[],[],[],[],[],[],[]],"logo19_slike":[[],[],[],[],[],[],[],[],[],[],[],[],[],[],[],[],[],[],[],[]],"logo20_slike":[[],[],[],[],[],[],[],[],[],[],[],[],[],[],[],[],[],[],[],[],[]]}},"yoast_head":"<!-- This site is optimized with the Yoast SEO plugin v26.3 - https:\/\/yoast.com\/wordpress\/plugins\/seo\/ -->\n<title>Odr\u017eana Ljetna zelena radionica \u2013 tradicionalno okupljanje GBC \u010dlanova - Hrvatski savjet za zelenu gradnju<\/title>\n<meta name=\"robots\" content=\"index, follow, max-snippet:-1, max-image-preview:large, max-video-preview:-1\" \/>\n<link rel=\"canonical\" href=\"https:\/\/gbccroatia.org\/odrzana-ljetna-zelena-radionica-tradicionalno-okupljanje-gbc-clanova\/\" \/>\n<meta property=\"og:locale\" content=\"en_US\" \/>\n<meta property=\"og:type\" content=\"article\" \/>\n<meta property=\"og:title\" content=\"Odr\u017eana Ljetna zelena radionica \u2013 tradicionalno okupljanje GBC \u010dlanova - Hrvatski savjet za zelenu gradnju\" \/>\n<meta property=\"og:description\" content=\"S ciljem osvje\u0161tavanja o klju\u010dnim klimatskim pitanjima, postizanja energetske u\u0161tede...\" \/>\n<meta property=\"og:url\" content=\"https:\/\/gbccroatia.org\/odrzana-ljetna-zelena-radionica-tradicionalno-okupljanje-gbc-clanova\/\" \/>\n<meta property=\"og:site_name\" content=\"Hrvatski savjet za zelenu gradnju\" \/>\n<meta property=\"article:published_time\" content=\"2023-09-11T18:25:29+00:00\" \/>\n<meta property=\"og:image\" content=\"https:\/\/gbccroatia.org\/wp-content\/uploads\/2023\/09\/cr0_7957.jpg\" \/>\n\t<meta property=\"og:image:width\" content=\"2500\" \/>\n\t<meta property=\"og:image:height\" content=\"1664\" \/>\n\t<meta property=\"og:image:type\" content=\"image\/jpeg\" \/>\n<meta name=\"author\" content=\"michelWP\" \/>\n<meta name=\"twitter:card\" content=\"summary_large_image\" \/>\n<meta name=\"twitter:label1\" content=\"Written by\" \/>\n\t<meta name=\"twitter:data1\" content=\"michelWP\" \/>\n\t<meta name=\"twitter:label2\" content=\"Est. reading time\" \/>\n\t<meta name=\"twitter:data2\" content=\"3 minutes\" \/>\n<script type=\"application\/ld+json\" class=\"yoast-schema-graph\">{\"@context\":\"https:\/\/schema.org\",\"@graph\":[{\"@type\":\"WebPage\",\"@id\":\"https:\/\/gbccroatia.org\/odrzana-ljetna-zelena-radionica-tradicionalno-okupljanje-gbc-clanova\/\",\"url\":\"https:\/\/gbccroatia.org\/odrzana-ljetna-zelena-radionica-tradicionalno-okupljanje-gbc-clanova\/\",\"name\":\"Odr\u017eana Ljetna zelena radionica \u2013 tradicionalno okupljanje GBC \u010dlanova - Hrvatski savjet za zelenu gradnju\",\"isPartOf\":{\"@id\":\"https:\/\/gbccroatia.org\/#website\"},\"primaryImageOfPage\":{\"@id\":\"https:\/\/gbccroatia.org\/odrzana-ljetna-zelena-radionica-tradicionalno-okupljanje-gbc-clanova\/#primaryimage\"},\"image\":{\"@id\":\"https:\/\/gbccroatia.org\/odrzana-ljetna-zelena-radionica-tradicionalno-okupljanje-gbc-clanova\/#primaryimage\"},\"thumbnailUrl\":\"https:\/\/gbccroatia.org\/wp-content\/uploads\/2023\/09\/cr0_7957.jpg\",\"datePublished\":\"2023-09-11T18:25:29+00:00\",\"author\":{\"@id\":\"https:\/\/gbccroatia.org\/#\/schema\/person\/2ee378f32578f974b44a9807dbc22176\"},\"breadcrumb\":{\"@id\":\"https:\/\/gbccroatia.org\/odrzana-ljetna-zelena-radionica-tradicionalno-okupljanje-gbc-clanova\/#breadcrumb\"},\"inLanguage\":\"en-US\",\"potentialAction\":[{\"@type\":\"ReadAction\",\"target\":[\"https:\/\/gbccroatia.org\/odrzana-ljetna-zelena-radionica-tradicionalno-okupljanje-gbc-clanova\/\"]}]},{\"@type\":\"ImageObject\",\"inLanguage\":\"en-US\",\"@id\":\"https:\/\/gbccroatia.org\/odrzana-ljetna-zelena-radionica-tradicionalno-okupljanje-gbc-clanova\/#primaryimage\",\"url\":\"https:\/\/gbccroatia.org\/wp-content\/uploads\/2023\/09\/cr0_7957.jpg\",\"contentUrl\":\"https:\/\/gbccroatia.org\/wp-content\/uploads\/2023\/09\/cr0_7957.jpg\",\"width\":2500,\"height\":1664},{\"@type\":\"BreadcrumbList\",\"@id\":\"https:\/\/gbccroatia.org\/odrzana-ljetna-zelena-radionica-tradicionalno-okupljanje-gbc-clanova\/#breadcrumb\",\"itemListElement\":[{\"@type\":\"ListItem\",\"position\":1,\"name\":\"Po\u010detna stranica\",\"item\":\"https:\/\/gbccroatia.org\/\"},{\"@type\":\"ListItem\",\"position\":2,\"name\":\"Odr\u017eana Ljetna zelena radionica \u2013 tradicionalno okupljanje GBC \u010dlanova\"}]},{\"@type\":\"WebSite\",\"@id\":\"https:\/\/gbccroatia.org\/#website\",\"url\":\"https:\/\/gbccroatia.org\/\",\"name\":\"Hrvatski savjet za zelenu gradnju\",\"description\":\"Zelena gradnja u srcu europske budu\u0107nosti\",\"potentialAction\":[{\"@type\":\"SearchAction\",\"target\":{\"@type\":\"EntryPoint\",\"urlTemplate\":\"https:\/\/gbccroatia.org\/?s={search_term_string}\"},\"query-input\":{\"@type\":\"PropertyValueSpecification\",\"valueRequired\":true,\"valueName\":\"search_term_string\"}}],\"inLanguage\":\"en-US\"},{\"@type\":\"Person\",\"@id\":\"https:\/\/gbccroatia.org\/#\/schema\/person\/2ee378f32578f974b44a9807dbc22176\",\"name\":\"michelWP\",\"image\":{\"@type\":\"ImageObject\",\"inLanguage\":\"en-US\",\"@id\":\"https:\/\/gbccroatia.org\/#\/schema\/person\/image\/\",\"url\":\"https:\/\/secure.gravatar.com\/avatar\/2396f1895e66c15a2dc32b7a2cb4bda7cf5792712bfe8117f20e3109b7447481?s=96&d=mm&r=g\",\"contentUrl\":\"https:\/\/secure.gravatar.com\/avatar\/2396f1895e66c15a2dc32b7a2cb4bda7cf5792712bfe8117f20e3109b7447481?s=96&d=mm&r=g\",\"caption\":\"michelWP\"},\"sameAs\":[\"https:\/\/gbccroatia.org\"],\"url\":\"https:\/\/gbccroatia.org\/en\/author\/michelwp\/\"}]}<\/script>\n<!-- \/ Yoast SEO plugin. -->","yoast_head_json":{"title":"Odr\u017eana Ljetna zelena radionica \u2013 tradicionalno okupljanje GBC \u010dlanova - Hrvatski savjet za zelenu gradnju","robots":{"index":"index","follow":"follow","max-snippet":"max-snippet:-1","max-image-preview":"max-image-preview:large","max-video-preview":"max-video-preview:-1"},"canonical":"https:\/\/gbccroatia.org\/odrzana-ljetna-zelena-radionica-tradicionalno-okupljanje-gbc-clanova\/","og_locale":"en_US","og_type":"article","og_title":"Odr\u017eana Ljetna zelena radionica \u2013 tradicionalno okupljanje GBC \u010dlanova - Hrvatski savjet za zelenu gradnju","og_description":"S ciljem osvje\u0161tavanja o klju\u010dnim klimatskim pitanjima, postizanja energetske u\u0161tede...","og_url":"https:\/\/gbccroatia.org\/odrzana-ljetna-zelena-radionica-tradicionalno-okupljanje-gbc-clanova\/","og_site_name":"Hrvatski savjet za zelenu gradnju","article_published_time":"2023-09-11T18:25:29+00:00","og_image":[{"width":2500,"height":1664,"url":"https:\/\/gbccroatia.org\/wp-content\/uploads\/2023\/09\/cr0_7957.jpg","type":"image\/jpeg"}],"author":"michelWP","twitter_card":"summary_large_image","twitter_misc":{"Written by":"michelWP","Est. reading time":"3 minutes"},"schema":{"@context":"https:\/\/schema.org","@graph":[{"@type":"WebPage","@id":"https:\/\/gbccroatia.org\/odrzana-ljetna-zelena-radionica-tradicionalno-okupljanje-gbc-clanova\/","url":"https:\/\/gbccroatia.org\/odrzana-ljetna-zelena-radionica-tradicionalno-okupljanje-gbc-clanova\/","name":"Odr\u017eana Ljetna zelena radionica \u2013 tradicionalno okupljanje GBC \u010dlanova - Hrvatski savjet za zelenu gradnju","isPartOf":{"@id":"https:\/\/gbccroatia.org\/#website"},"primaryImageOfPage":{"@id":"https:\/\/gbccroatia.org\/odrzana-ljetna-zelena-radionica-tradicionalno-okupljanje-gbc-clanova\/#primaryimage"},"image":{"@id":"https:\/\/gbccroatia.org\/odrzana-ljetna-zelena-radionica-tradicionalno-okupljanje-gbc-clanova\/#primaryimage"},"thumbnailUrl":"https:\/\/gbccroatia.org\/wp-content\/uploads\/2023\/09\/cr0_7957.jpg","datePublished":"2023-09-11T18:25:29+00:00","author":{"@id":"https:\/\/gbccroatia.org\/#\/schema\/person\/2ee378f32578f974b44a9807dbc22176"},"breadcrumb":{"@id":"https:\/\/gbccroatia.org\/odrzana-ljetna-zelena-radionica-tradicionalno-okupljanje-gbc-clanova\/#breadcrumb"},"inLanguage":"en-US","potentialAction":[{"@type":"ReadAction","target":["https:\/\/gbccroatia.org\/odrzana-ljetna-zelena-radionica-tradicionalno-okupljanje-gbc-clanova\/"]}]},{"@type":"ImageObject","inLanguage":"en-US","@id":"https:\/\/gbccroatia.org\/odrzana-ljetna-zelena-radionica-tradicionalno-okupljanje-gbc-clanova\/#primaryimage","url":"https:\/\/gbccroatia.org\/wp-content\/uploads\/2023\/09\/cr0_7957.jpg","contentUrl":"https:\/\/gbccroatia.org\/wp-content\/uploads\/2023\/09\/cr0_7957.jpg","width":2500,"height":1664},{"@type":"BreadcrumbList","@id":"https:\/\/gbccroatia.org\/odrzana-ljetna-zelena-radionica-tradicionalno-okupljanje-gbc-clanova\/#breadcrumb","itemListElement":[{"@type":"ListItem","position":1,"name":"Po\u010detna stranica","item":"https:\/\/gbccroatia.org\/"},{"@type":"ListItem","position":2,"name":"Odr\u017eana Ljetna zelena radionica \u2013 tradicionalno okupljanje GBC \u010dlanova"}]},{"@type":"WebSite","@id":"https:\/\/gbccroatia.org\/#website","url":"https:\/\/gbccroatia.org\/","name":"Hrvatski savjet za zelenu gradnju","description":"Zelena gradnja u srcu europske budu\u0107nosti","potentialAction":[{"@type":"SearchAction","target":{"@type":"EntryPoint","urlTemplate":"https:\/\/gbccroatia.org\/?s={search_term_string}"},"query-input":{"@type":"PropertyValueSpecification","valueRequired":true,"valueName":"search_term_string"}}],"inLanguage":"en-US"},{"@type":"Person","@id":"https:\/\/gbccroatia.org\/#\/schema\/person\/2ee378f32578f974b44a9807dbc22176","name":"michelWP","image":{"@type":"ImageObject","inLanguage":"en-US","@id":"https:\/\/gbccroatia.org\/#\/schema\/person\/image\/","url":"https:\/\/secure.gravatar.com\/avatar\/2396f1895e66c15a2dc32b7a2cb4bda7cf5792712bfe8117f20e3109b7447481?s=96&d=mm&r=g","contentUrl":"https:\/\/secure.gravatar.com\/avatar\/2396f1895e66c15a2dc32b7a2cb4bda7cf5792712bfe8117f20e3109b7447481?s=96&d=mm&r=g","caption":"michelWP"},"sameAs":["https:\/\/gbccroatia.org"],"url":"https:\/\/gbccroatia.org\/en\/author\/michelwp\/"}]}},"_links":{"self":[{"href":"https:\/\/gbccroatia.org\/en\/wp-json\/wp\/v2\/posts\/17655","targetHints":{"allow":["GET"]}}],"collection":[{"href":"https:\/\/gbccroatia.org\/en\/wp-json\/wp\/v2\/posts"}],"about":[{"href":"https:\/\/gbccroatia.org\/en\/wp-json\/wp\/v2\/types\/post"}],"author":[{"embeddable":true,"href":"https:\/\/gbccroatia.org\/en\/wp-json\/wp\/v2\/users\/1"}],"replies":[{"embeddable":true,"href":"https:\/\/gbccroatia.org\/en\/wp-json\/wp\/v2\/comments?post=17655"}],"version-history":[{"count":0,"href":"https:\/\/gbccroatia.org\/en\/wp-json\/wp\/v2\/posts\/17655\/revisions"}],"wp:featuredmedia":[{"embeddable":true,"href":"https:\/\/gbccroatia.org\/en\/wp-json\/wp\/v2\/media\/11655"}],"wp:attachment":[{"href":"https:\/\/gbccroatia.org\/en\/wp-json\/wp\/v2\/media?parent=17655"}],"wp:term":[{"taxonomy":"category","embeddable":true,"href":"https:\/\/gbccroatia.org\/en\/wp-json\/wp\/v2\/categories?post=17655"},{"taxonomy":"post_tag","embeddable":true,"href":"https:\/\/gbccroatia.org\/en\/wp-json\/wp\/v2\/tags?post=17655"}],"curies":[{"name":"wp","href":"https:\/\/api.w.org\/{rel}","templated":true}]}}