{"id":17673,"date":"2023-09-11T18:12:10","date_gmt":"2023-09-11T18:12:10","guid":{"rendered":"https:\/\/gbccroatia.org\/alukonigstahl-otvoren-natjecaj-za-izradu-idejnoga-arhitektonskog-rjesenja-pogled-kroz-kucu\/"},"modified":"2023-09-11T18:12:10","modified_gmt":"2023-09-11T18:12:10","slug":"alukonigstahl-otvoren-natjecaj-za-izradu-idejnoga-arhitektonskog-rjesenja-pogled-kroz-kucu","status":"publish","type":"post","link":"https:\/\/gbccroatia.org\/en\/alukonigstahl-otvoren-natjecaj-za-izradu-idejnoga-arhitektonskog-rjesenja-pogled-kroz-kucu\/","title":{"rendered":"AluK\u00f6nigStahl: otvoren natje\u010daj za izradu idejnoga arhitektonskog rje\u0161enja &#8216;Pogled kroz ku\u0107u&#8217;"},"content":{"rendered":"<p class=\"text-justify\"><strong>AluK\u00f6nigStahl d.o.o.\u00a0<\/strong>raspisuje i organizira, a<strong>\u00a0Arhitektonski fakultet Sveu\u010dili\u0161ta u Zagrebu\u00a0<\/strong>suorganizira i provodi javni, studentski natje\u010daj za izradu idejnoga arhitektonskog rje\u0161enja:<\/p>\n<p>&nbsp;<\/p>\n<h1 class=\"text-justify\"><strong class=\"ms-rteThemeForeColor-2-0\">POGLED KROZ KU\u0106U<\/strong><\/h1>\n<p class=\"text-justify\">\n<p class=\"text-justify\">\n<p class=\"text-justify\"><strong>RASPISIVA\u010c I ORGANIZATOR NATJE\u010cAJA<\/strong><\/p>\n<p class=\"text-justify\">AluK\u00f6nigStahl d.o.o., Strojarska cesta 22, Zagreb<\/p>\n<p class=\"text-justify\">Odgovorna osoba Raspisiva\u010da i Organizatora: Olja Lackovi\u0107, dipl.oec., AluK\u00f6nigStahl d.o.o.<\/p>\n<p class=\"text-justify\">E:\u00a0<a href=\"mailto:marketing@alukoenigstahl.hr\"><span class=\"ms-rteForeColor-8\">marketing@alukoenigstahl.hr<\/span><\/a><\/p>\n<p class=\"text-justify\">\n<p class=\"text-justify\"><strong>SUORGANIZATOR I PROVODITELJ NATJE\u010cAJA<\/strong><\/p>\n<p class=\"text-justify\">Arhitektonski fakultet Sveu\u010dili\u0161ta u Zagrebu, Andrije Ka\u010di\u0107a Mio\u0161i\u0107a 26, Zagreb<\/p>\n<p class=\"text-justify\">Odgovorna osoba Suorganizatora i Provoditelja: izv.prof.dr.sc. Zoran Ver\u0161i\u0107<\/p>\n<p class=\"text-justify\">E:\u00a0<a href=\"mailto:zversic@arhitekt.hr\"><span class=\"ms-rteForeColor-8\">zversic@arhitekt.hr<\/span><\/a><\/p>\n<p class=\"text-justify\">\n<table class=\"ms-rteTable-default text-justify\" width=\"100%\" cellspacing=\"0\">\n<tbody>\n<tr>\n<td class=\"ms-rteTable-default\"><strong>VRSTA NATJE\u010cAJA<\/strong><\/td>\n<\/tr>\n<\/tbody>\n<\/table>\n<p class=\"text-justify\"><strong>\u00a0<\/strong><\/p>\n<p class=\"text-justify\">Natje\u010daj je arhitektonski, javni i anonimni, namijenjen prije svega studentima Arhitektonskog fakulteta Sveu\u010dili\u0161ta u Zagrebu, a sekundarno i studentima drugih tehni\u010dkih fakulteta Sveu\u010dili\u0161ta u Zagrebu.<\/p>\n<p class=\"text-justify\"><strong>\u00a0<\/strong><\/p>\n<table class=\"ms-rteTable-default text-justify\" width=\"100%\" cellspacing=\"0\">\n<tbody>\n<tr>\n<td class=\"ms-rteTable-default\"><strong>PROGRAM NATJE\u010cAJA<\/strong><\/td>\n<\/tr>\n<\/tbody>\n<\/table>\n<p class=\"text-justify\"><strong>\u00a0<\/strong><\/p>\n<p class=\"text-justify\">Natje\u010dajem se \u017eele potaknuti progresivna studentska motri\u0161ta s ciljem stvaranja odva\u017enih arhitektonskih rje\u0161enja u domeni individualnog stanovanja.<\/p>\n<p class=\"text-justify\">Naslovom\u00a0<strong>&#8216;<\/strong><strong>Pogled kroz ku\u0107u<\/strong>&#8216; najavljena je jedna od obaveznih prostornih pod-tema rada &#8211; sagledavanje odnosa unutarnjih i vanjskih prostora ku\u0107e. Taj je odnos nu\u017eno dvosmjeran: ku\u0107a se sastoji od\u00a0<em>interijerskih i eksterijerskih<\/em>\u00a0mjesta koja su u kontinuiranom prostornom dijalogu.\u00a0<em>Pogled iz ku\u0107e<\/em>\u00a0jednako je bitan kao i\u00a0<em>pogled na ku\u0107u<\/em>.<\/p>\n<p class=\"text-justify\">\u0160iroko postavljen tematski okvir ostavlja prostora za autorske interpretacije i proizvoljno definiranje dodatnih dru\u0161tvenih i prostornih pod-tema koje se mogu ugraditi u projekt.<\/p>\n<p class=\"text-justify\">Projektni zadatak obuhva\u0107a jednu stambenu jedinicu \u2013 ku\u0107u \u2013 smje\u0161tenu i smisleno uklopljenu u proizvoljan (stvarni ili imaginarni) prostorni kontekst. Veli\u010dinu ku\u0107e, strukturu njenih korisnika i posljedi\u010dnu prostorno-funkcionalnu organizaciju definiraju autori sukladno koncepciji rje\u0161enja, pri \u010demu se treba zadr\u017eati u okviru od 20 do 200 m2 (zatvorene povr\u0161ine).<\/p>\n<p class=\"text-justify\">Poseban naglasak prilikom projektiranja idejnog rje\u0161enja potrebno je staviti na primjenu sistema koje\u00a0<em>AluK\u00f6nigStahl<\/em>\u00a0zastupa \u2013\u00a0<em>Sch\u00fcco, Jansen\u00a0<\/em>i\u00a0<em>Warema<\/em>: kako u oblikovnom i funkcionalnom pogledu, tako i u pogledu postignute niskoenergetske odrednice ku\u0107e i svih drugih tehni\u010dkih karakteristika. Kroz idejno rje\u0161enje potrebno je koristiti\u00a0<em>Sch\u00fcco<\/em>\u00a0aluminijske ili PVC sisteme i\/ili\u00a0<em>Jansen<\/em>\u00a0sisteme za prozore, vrata, klizne sisteme, fasadne sisteme te\u00a0<em>Warema<\/em>\u00a0sisteme za\u0161tite od sunca. Pa\u017eljiva i kreativna implementacija navedenih sistema &#8211;\u00a0<em>Sch\u00fcco, Jansen i Warema<\/em>, za korisnika ku\u0107e ima za cilj osigurati i pove\u0107ati kvalitetu i ugodu stanovanja.<\/p>\n<p class=\"text-justify\">\n<table class=\"ms-rteTable-default text-justify\" width=\"100%\" cellspacing=\"0\">\n<tbody>\n<tr>\n<td class=\"ms-rteTable-default\"><strong>PRAVO SUDJELOVANJA<\/strong><\/td>\n<\/tr>\n<\/tbody>\n<\/table>\n<p class=\"text-justify\"><strong>\u00a0<\/strong><\/p>\n<p class=\"text-justify\">Pravo sudjelovanja na\u00a0natje\u010daj\u00a0imaju isklju\u010divo studenti, u prvom redu Arhitektonskog fakulteta Sveu\u010dili\u0161ta u Zagrebu. Autorske skupine broje minimalno tri do maksimalno pet \u010dlanova, uz uvjet da su u svakoj skupini najmanje dva studenta Arhitektonskog fakulteta Sveu\u010dili\u0161ta u Zagrebu. Ostali \u010dlanovi natjecateljskog tima mogu biti i studenti s drugih tehni\u010dkih fakulteta Sveu\u010dili\u0161ta u Zagrebu.<\/p>\n<p class=\"text-justify\">Svaka autorska skupina ima pravo sudjelovanja na ovom natje\u010daju samo s jednim radom, a pojedini student ne mo\u017ee biti \u010dlan vi\u0161e od jedne autorske skupine. Sudjelovanje svih studenata i autorskih skupina je anonimno. Na natje\u010daju ne mogu sudjelovati zaposlenici Raspisiva\u010da i Organizatora, kao niti zaposlenici Suorganizatora i Provoditelja te \u010dlanovi Ocjenjiva\u010dkog suda. Sve ostale osobe koje bi naru\u0161ile ravnopravnost natjecatelja ili neovisno odlu\u010divanje Ocjenjiva\u010dkog suda tako\u0111er ne mogu sudjelovati u natje\u010daju.<\/p>\n<p class=\"text-justify\">\n<table class=\"ms-rteTable-default text-justify\" width=\"100%\" cellspacing=\"0\">\n<tbody>\n<tr>\n<td class=\"ms-rteTable-default\"><strong>REGISTRACIJA<\/strong><\/td>\n<\/tr>\n<\/tbody>\n<\/table>\n<p class=\"text-justify\"><strong>\u00a0<\/strong><\/p>\n<p class=\"text-justify\">Prilikom izrade idejnog arhitektonskog rje\u0161enja Sudionici natje\u010daja\u00a0obvezni su registrirati se na AKS TechDoc \u2013 online platformu za dokumentaciju, pri \u010demu prijava mora biti u\u010dinjena mail adresom s domenom\u00a0@arhitekt.hr.<\/p>\n<p class=\"text-justify\">Tako\u0111er, prijava samo jednog \u010dlana biti \u0107e dovoljna, tj. prihva\u0107ena prilikom ocjenjivanja rada.<\/p>\n<p class=\"text-justify\"><strong>AKS TechDoc<\/strong>\u00a0\u2013 online platforma za dokumentaciju putem koje se pristupa aktualnim informacijama svih sistema\u00a0<em>(Sch\u00fcco\/Jansen\/Warema)<\/em>\u00a0koje zastupa\u00a0<em>AluK\u00f6nigStahl<\/em>\u00a0u digitalnoj formi, odli\u010dno je rje\u0161enje i dobrodo\u0161la podr\u0161ka za realizaciju idejnog rje\u0161enja.<\/p>\n<p class=\"text-justify\"><strong>\u200b<\/strong><\/p>\n<p class=\"text-justify\"><strong>Prijava na AKS TechDoc je mogu\u0107a na sljede\u0107i na\u010din:<\/strong><\/p>\n<p class=\"text-justify\"><strong>1.<\/strong>\u00a0 ispunite registracijski obrazac na\u00a0<em>AluK\u00f6nigStahl<\/em>\u00a0internet stranici:<\/p>\n<p class=\"text-justify\"><a href=\"https:\/\/login.alukoenigstahl.com\/account\/register?defaultCountry=HR&amp;language=HR&amp;returnUrl=https:\/\/www.alukoenigstahl.hr\/_layouts\/15\/authenticate.aspx\"><span class=\"ms-rteForeColor-8\">https:\/\/login.alukoenigstahl.com\/account\/register?defaultCountry=HR&amp;language=HR&amp;returnUrl=https:\/\/www.alukoenigstahl.hr\/_layouts\/15\/authenticate.aspx<\/span><\/a><span class=\"ms-rteForeColor-8\">\u00a0<\/span><\/p>\n<p class=\"text-justify\"><strong>2.<\/strong>\u00a0 na mail adresu zaprimit \u0107ete potvrdu registracije s korisni\u010dkim imenom i lozinkom<\/p>\n<p class=\"text-justify\"><strong>3.<\/strong>\u00a0 nakon svih odra\u0111enih koraka, biti \u0107e omogu\u0107en direktan pristup AKS TechDoc platformi putem\u00a0<em>AluK\u00f6nigStahl<\/em>\u00a0internet stranice ili putem AKS TechDoc Mobile aplikacije za pametne telefone.<\/p>\n<p class=\"text-justify\"><strong>VA\u017dNO!\u00a0\u00a0<\/strong><\/p>\n<p class=\"text-justify\">Za pristup je potrebno koristiti istu \u0161ifru kao i za\u00a0<em>AluK\u00f6nigStahl<\/em>\u00a0internet stranicu.<\/p>\n<p class=\"text-justify\"><strong>\u00a0<\/strong><\/p>\n<table class=\"ms-rteTable-default text-justify\" width=\"100%\" cellspacing=\"0\">\n<tbody>\n<tr>\n<td class=\"ms-rteTable-default\"><strong>ROKOVI<\/strong><\/td>\n<\/tr>\n<\/tbody>\n<\/table>\n<p class=\"text-justify\"><strong>\u00a0<\/strong><\/p>\n<p class=\"text-justify\"><strong>Po\u010detak natje\u010daja:<\/strong>\u00a005.travnja 2022.<\/p>\n<p class=\"text-justify\"><strong>Rok za prijavu\u00a0na natje\u010daj i postavljanje pitanja:<\/strong>\u00a0do 05.svibnja 2022.<\/p>\n<p class=\"text-justify\"><strong>\u200bPitanja se dostavljaju putem elektroni\u010dke po\u0161te<\/strong>:\u00a0<a href=\"mailto:marketing@alukoenigstahl.hr\"><span class=\"ms-rteForeColor-8\">marketing@alukoenigstahl.hr<\/span><\/a><\/p>\n<p class=\"text-justify\"><strong>Odgovori na sva pitanja biti \u0107e dostavljeni svim registriranim natjecateljima:<\/strong>\u00a0do 17.svibnja 2022.<\/p>\n<p class=\"text-justify\"><strong>Rok predaje natje\u010dajnih radova:<\/strong>\u00a006.rujna 2022.<\/p>\n<p class=\"text-justify\">Sav materijal potrebno je fizi\u010dki dostaviti na adresu Arhitektonski fakultet Sveu\u010dili\u0161ta u Zagrebu,<br \/>\nAndrije Ka\u010di\u0107a Mio\u0161i\u0107a 26, Zagreb, n\/r g\u0111a. Ivona Cvitkovi\u0107 (tajnici natje\u010daja), soba br. 6 u suterenu,\u00a0radnim danom od 10:00 do 12:00 sati.<br \/>\nMaterijali se predaju u printanom i digitalnom obliku.<\/p>\n<p class=\"text-justify\"><strong>Ocjenjiva\u010dki sud zavr\u0161ava s valorizacijom radova:<\/strong>\u00a0do po\u010detka listopada 2022.<\/p>\n<p class=\"text-justify\">Rezultati natje\u010daja i progla\u0161enje pobjednika biti \u0107e objavljeni\u00a0 na otvorenju izlo\u017ebe svih pristiglih radova.<\/p>\n<p class=\"text-justify\">Datum i mjesto odr\u017eavanja izlo\u017ebe biti \u0107e pravovremeno objavljeni na internet stranicama\u00a0<em>AluK\u00f6nigStahl-a<\/em>\u00a0i Arhitektonskog fakulteta Sveu\u010dili\u0161ta u Zagrebu.<\/p>\n<p class=\"text-justify\">\n<table class=\"ms-rteTable-default text-justify\" width=\"100%\" cellspacing=\"0\">\n<tbody>\n<tr>\n<td class=\"ms-rteTable-default\"><strong>NAGRADE<\/strong><\/td>\n<\/tr>\n<\/tbody>\n<\/table>\n<p class=\"text-justify\">\n<p class=\"text-justify\">Sve pristigle radove koji odgovaraju Uvjetima natje\u010daja, Ocjenjiva\u010dki sud \u0107e valorizirati i sukladno tome dodijeliti sljede\u0107e nagrade:<\/p>\n<table class=\"ms-rteTable-default text-justify\" width=\"100%\" cellspacing=\"0\">\n<tbody>\n<tr>\n<td class=\"ms-rteTable-default\">1. NAGRADA<\/td>\n<td class=\"ms-rteTable-default\">2. NAGRADA<\/td>\n<td class=\"ms-rteTable-default\">\u00a0 3. NAGRADA<\/td>\n<\/tr>\n<tr>\n<td class=\"ms-rteTable-default\">vi\u0161ednevno putovanje u inozemstvo<\/td>\n<td class=\"ms-rteTable-default\">jednodnevno putovanje u inozemstvo<\/td>\n<td class=\"ms-rteTable-default\">\u00a0ulaznice za arhitektonski doga\u0111aj<\/td>\n<\/tr>\n<\/tbody>\n<\/table>\n<p class=\"text-justify\">\n<p class=\"text-justify\">Svi Sudionici natje\u010daja biti \u0107e nagra\u0111eni poklon paketom na otvorenju izlo\u017ebe prilikom progla\u0161enja pobjednika.<\/p>\n<p class=\"text-justify\">Prijavljene autorske skupine i njihove natje\u010dajne radove\u00a0<em>AluK\u00f6nigStahl\u00a0<\/em>\u0107e dodatno predstaviti i promovirati putem dru\u0161tvenih mre\u017ea.<\/p>\n<p class=\"text-justify\"><strong>\u00a0<\/strong><\/p>\n<table class=\"ms-rteTable-default text-justify\" width=\"100%\" cellspacing=\"0\">\n<tbody>\n<tr>\n<td class=\"ms-rteTable-default\"><strong>KRITERIJI OCJENJIVANJA<\/strong><\/td>\n<\/tr>\n<\/tbody>\n<\/table>\n<p class=\"text-justify\">\n<p class=\"text-justify\">Pored uskla\u0111enosti rada s uvjetima raspisa (u pogledu sadr\u017eaja, rokova i obaveznih priloga), pri ocjenjivanju radova vrednovat \u0107e se kvaliteta arhitektonske zamisli, suvremenost interpretacije individualnog stanovanja, progresivnost prostorne koncepcije, odmjerenost i odr\u017eivost te promi\u0161ljena implementacija zadanih arhitektonskih sistema (<em>Sch\u00fcco\/Jansen\/Warema<\/em>).<\/p>\n<p class=\"text-justify\">\n<table class=\"ms-rteTable-default text-justify\" width=\"100%\" cellspacing=\"0\">\n<tbody>\n<tr>\n<td class=\"ms-rteTable-default\"><strong>SADR\u017dAJ NATJE\u010cAJNOG RADA<\/strong><\/td>\n<\/tr>\n<\/tbody>\n<\/table>\n<p class=\"text-justify\"><strong>\u00a0<\/strong><\/p>\n<p class=\"text-justify\">Popis obaveznih priloga za predaju:<\/p>\n<p class=\"text-justify\"><strong>I<\/strong><strong>\u00a0\u00a0\u00a0\u00a0\u00a0\u00a0\u00a0\u00a0\u00a0\u00a0<\/strong><strong>esej o ku\u0107i<\/strong><\/p>\n<p class=\"text-justify\">\u00a0\u00a0\u00a0\u00a0\u00a0\u00a0\u00a0\u00a0\u00a0\u00a0\u00a0elaboracija ideje (do jedne kartice teksta)<\/p>\n<p class=\"text-justify\"><strong>II<\/strong><strong>\u00a0\u00a0\u00a0\u00a0\u00a0\u00a0\u00a0\u00a0\u00a0<\/strong><strong>grafi\u010dki prilozi<\/strong><\/p>\n<p class=\"text-justify\">\u00a0 \u00a0 \u00a0 \u00a0 \u00a0 \u00a0prostorni kontekst (proizvoljno mjerilo)<\/p>\n<p class=\"text-justify\">\u00a0\u00a0\u00a0\u00a0\u00a0\u00a0\u00a0\u00a0\u00a0\u00a0\u00a0tlocrti, presjeci i pogledi (mj. 1:100)<\/p>\n<p class=\"text-justify\">\u00a0 \u00a0 \u00a0 \u00a0 \u00a0 \u00a0pogledi iz ku\u0107e i pogledi na ku\u0107u: unutarnja i vanjska pro\u010delja za minimalno dva\u00a0<em>mjesta<\/em>\u00a0u ku\u0107i i ispred ku\u0107e<\/p>\n<p class=\"text-justify\">\u00a0 \u00a0 \u00a0 \u00a0 \u00a0 \u00a0(centralna perspektiva\u00a0<em>mjesta<\/em>,\u00a0s\u00a0ortogonalnim prikazom pogledane ovojnice) (mj. 1:100)<\/p>\n<p class=\"text-justify\">\u00a0\u00a0\u00a0\u00a0\u00a0\u00a0\u00a0\u00a0\u00a0\u00a0\u00a0arhitektonski detalji za minimalno dva\u00a0<em>mjesta<\/em>\u00a0\u2013 tlocrt, presjek i pogled na ovojnicu (mj. 1:20)<\/p>\n<p class=\"text-justify\"><strong>III\u00a0<\/strong><strong>\u00a0\u00a0\u00a0\u00a0\u00a0\u00a0\u00a0<\/strong><strong>maketa<\/strong><\/p>\n<p class=\"text-justify\">\u00a0\u00a0\u00a0\u00a0\u00a0\u00a0\u00a0\u00a0\u00a0\u00a0\u00a0koja prikazuje klju\u010dne prostorne odnose (mj. 1:100)<\/p>\n<p class=\"text-justify\">\n<table class=\"ms-rteTable-default text-justify\" width=\"100%\" cellspacing=\"0\">\n<tbody>\n<tr>\n<td class=\"ms-rteTable-default\"><strong>OPREMA NATJE\u010cAJNOG RADA<\/strong><\/td>\n<\/tr>\n<\/tbody>\n<\/table>\n<p class=\"text-justify\">\n<p class=\"text-justify\">Obavezan je format vertikalno polo\u017eenih listova A3 formata za sve grafi\u010dke i tekstualne priloge (I i II), uz upotrebu minimalnog mogu\u0107eg broja listova potrebnih za adekvatno razumijevanje projekta. Svi listovi predaju se u papirnatom obliku, neka\u0161irani, neuvezani, numerirani, u zatvorenom omotu (1).<\/p>\n<p class=\"text-justify\">Identi\u010dni prilozi predaju se i u digitalnom obliku (.pdf file na usb stick-u), u istom omotu (1).<\/p>\n<p class=\"text-justify\">Maketa (III)\u00a0se predaje u zasebnom, zatvorenom omotu (2).<\/p>\n<p class=\"text-justify\">Dodatno, natjecatelji predaju zatvorenu omotnicu (3) u kojoj su sadr\u017eana imena svih \u010dlanova autorske skupine. Za svakog \u010dlana autorske skupine potrebno je navesti ime fakulteta te osobne podatke: OIB, adresa, e-mail, br.telefona. Navesti osobu zadu\u017eenu za kontakt.<\/p>\n<p class=\"text-justify\">Svi predani prilozi, uklju\u010divo omot i pakiranje, dostavljaju se bez \u0161ifre, potpisa i sl. U protivnom, rad se ne\u0107e razmatrati.<\/p>\n<p class=\"text-justify\">Sva tri omota predaju se istovremeno na adresu Arhitektonski fakultet Sveu\u010dili\u0161ta u Zagrebu, Andrije Ka\u010di\u0107a Mio\u0161i\u0107a 26, Zagreb, n\/r g\u0111a. Ivona Cvitkovi\u0107 (tajnici natje\u010daja), soba br. 6 u suterenu,\u00a0radnim danom od 10:00 do 12:00 sati.<\/p>\n<p class=\"text-justify\">\u200bSvi autori du\u017eni su \u010duvati anonimnost rada do objave rezultata natje\u010daja.<\/p>\n<p class=\"text-justify\">\n<table class=\"ms-rteTable-default text-justify\" width=\"100%\" cellspacing=\"0\">\n<tbody>\n<tr>\n<td class=\"ms-rteTable-default\"><strong>OCJENJIVA\u010cKI SUD<\/strong><\/td>\n<\/tr>\n<\/tbody>\n<\/table>\n<p class=\"text-justify\">\n<p class=\"text-justify\">Za ocjenu radova imenovan je Ocjenjiva\u010dki sud u sastavu od pet (5) \u010dlanova:<\/p>\n<p class=\"text-justify\">\n<p class=\"text-justify\">Marin Ku\u010di\u0161, dipl.ing.str. \/ AluK\u00f6nigStahl d.o.o. &#8211; predstavnik Raspisiva\u010da i Organizatora natje\u010daja<\/p>\n<p class=\"text-justify\">izv.prof.dr.sc. Zoran Ver\u0161i\u0107 \/ Arhitektonski fakultet Sveu\u010dili\u0161ta u Zagrebu &#8211; predstavnik Suorganizatora i Provoditelja natje\u010daja<\/p>\n<p class=\"text-justify\">izv.prof.art. Ivana Ergi\u0107 \/ Arhitektonski fakultet Sveu\u010dili\u0161ta u Zagrebu &#8211; predstavnica Suorganizatora i Provoditelja natje\u010daja<\/p>\n<p class=\"text-justify\">\u200bVedran Juki\u0107, dipl.ing.arh. \/ SODAA &#8211; neovisni \u010dlan<\/p>\n<p class=\"text-justify\">Anamarija Dujmovi\u0107, studentica \/ Arhitektonski fakultet i SUPEUS udruga\u00a0<em>&#8211;<\/em>\u00a0neovisna\u00a0\u010dlanica<\/p>\n<p class=\"text-justify\"><em>\u00a0<\/em><\/p>\n<p class=\"text-justify\">\n<p class=\"text-justify\"><strong>Zamjenice \u010dlanova Ocjenjiva\u010dkog suda:<\/strong><\/p>\n<p class=\"text-justify\">Olja Lackovi\u0107, dipl.oec. \/ AluK\u00f6nigStahl d.o.o. &#8211; predstavnica Raspisiva\u010da i Organizatora natje\u010daja<\/p>\n<p class=\"text-justify\">asist. Jana Horvat \/ Arhitektonski fakultet Sveu\u010dili\u0161ta u Zagrebu &#8211;\u00a0predstavnica Suorganizatora i Provoditelja natje\u010daja<\/p>\n<p class=\"text-justify\"><strong>\u00a0<\/strong><\/p>\n<p class=\"text-justify\"><strong>Tajnica natje\u010daja:<\/strong><\/p>\n<p class=\"text-justify\">Ivona Cvitkovi\u0107, dipl.iur. \/ Arhitektonski fakultet Sveu\u010dili\u0161ta u Zagrebu &#8211;\u00a0predstavnica Suorganizatora i Provoditelja natje\u010daja<\/p>\n<p class=\"text-justify\">\n<p class=\"text-justify\">Preuzeto sa: <a href=\"https:\/\/www.alukoenigstahl.hr\/hr\/sustav\/ihr_mehrwert\/aks-natje%C4%8Daj-za-studente?fbclid=IwAR2j9OtHsmR4qnbWPO5SS58AnKC2QnyqHIwQuSmjHuUk0bdAGYTKskP2rpY\">https:\/\/www.alukoenigstahl.hr\/hr\/sustav\/ihr_mehrwert\/aks-natje%C4%8Daj-za-studente?fbclid=IwAR2j9OtHsmR4qnbWPO5SS58AnKC2QnyqHIwQuSmjHuUk0bdAGYTKskP2rpY<\/a><\/p>\n","protected":false},"excerpt":{"rendered":"<p>AluK\u00f6nigStahl d.o.o.\u00a0raspisuje i organizira, a\u00a0Arhitektonski fakultet Sveu\u010dili\u0161ta&#8230;<\/p>\n","protected":false},"author":1,"featured_media":11638,"comment_status":"open","ping_status":"open","sticky":false,"template":"","format":"standard","meta":{"footnotes":""},"categories":[71],"tags":[],"class_list":["post-17673","post","type-post","status-publish","format-standard","has-post-thumbnail","hentry","category-2022-en"],"acf":{"photo_gallery":{"galerija":[[]],"logo1_slike":[[],[]],"logo2_slike":[[],[],[]],"logo3_slike":[[],[],[],[]],"logo4_slike":[[],[],[],[],[]],"logo5_slike":[[],[],[],[],[],[]],"logo6_slike":[[],[],[],[],[],[],[]],"logo7_slike":[[],[],[],[],[],[],[],[]],"logo8_slike":[[],[],[],[],[],[],[],[],[]],"logo9_slike":[[],[],[],[],[],[],[],[],[],[]],"logo10_slike":[[],[],[],[],[],[],[],[],[],[],[]],"logo11_slike":[[],[],[],[],[],[],[],[],[],[],[],[]],"logo12_slike":[[],[],[],[],[],[],[],[],[],[],[],[],[]],"logo13_slike":[[],[],[],[],[],[],[],[],[],[],[],[],[],[]],"logo14_slike":[[],[],[],[],[],[],[],[],[],[],[],[],[],[],[]],"logo15_slike":[[],[],[],[],[],[],[],[],[],[],[],[],[],[],[],[]],"logo16_slike":[[],[],[],[],[],[],[],[],[],[],[],[],[],[],[],[],[]],"logo17_slike":[[],[],[],[],[],[],[],[],[],[],[],[],[],[],[],[],[],[]],"logo18_slike":[[],[],[],[],[],[],[],[],[],[],[],[],[],[],[],[],[],[],[]],"logo19_slike":[[],[],[],[],[],[],[],[],[],[],[],[],[],[],[],[],[],[],[],[]],"logo20_slike":[[],[],[],[],[],[],[],[],[],[],[],[],[],[],[],[],[],[],[],[],[]]}},"yoast_head":"<!-- This site is optimized with the Yoast SEO plugin v26.3 - https:\/\/yoast.com\/wordpress\/plugins\/seo\/ -->\n<title>AluK\u00f6nigStahl: otvoren natje\u010daj za izradu idejnoga arhitektonskog rje\u0161enja &#039;Pogled kroz ku\u0107u&#039; - Hrvatski savjet za zelenu gradnju<\/title>\n<meta name=\"robots\" content=\"index, follow, max-snippet:-1, max-image-preview:large, max-video-preview:-1\" \/>\n<link rel=\"canonical\" href=\"https:\/\/gbccroatia.org\/alukonigstahl-otvoren-natjecaj-za-izradu-idejnoga-arhitektonskog-rjesenja-pogled-kroz-kucu\/\" \/>\n<meta property=\"og:locale\" content=\"en_US\" \/>\n<meta property=\"og:type\" content=\"article\" \/>\n<meta property=\"og:title\" content=\"AluK\u00f6nigStahl: otvoren natje\u010daj za izradu idejnoga arhitektonskog rje\u0161enja &#039;Pogled kroz ku\u0107u&#039; - Hrvatski savjet za zelenu gradnju\" \/>\n<meta property=\"og:description\" content=\"AluK\u00f6nigStahl d.o.o.\u00a0raspisuje i organizira, a\u00a0Arhitektonski fakultet Sveu\u010dili\u0161ta...\" \/>\n<meta property=\"og:url\" content=\"https:\/\/gbccroatia.org\/alukonigstahl-otvoren-natjecaj-za-izradu-idejnoga-arhitektonskog-rjesenja-pogled-kroz-kucu\/\" \/>\n<meta property=\"og:site_name\" content=\"Hrvatski savjet za zelenu gradnju\" \/>\n<meta property=\"article:published_time\" content=\"2023-09-11T18:12:10+00:00\" \/>\n<meta property=\"og:image\" content=\"https:\/\/gbccroatia.org\/wp-content\/uploads\/2023\/09\/aks-natjecaj.jpg\" \/>\n\t<meta property=\"og:image:width\" content=\"1130\" \/>\n\t<meta property=\"og:image:height\" content=\"786\" \/>\n\t<meta property=\"og:image:type\" content=\"image\/jpeg\" \/>\n<meta name=\"author\" content=\"michelWP\" \/>\n<meta name=\"twitter:card\" content=\"summary_large_image\" \/>\n<meta name=\"twitter:label1\" content=\"Written by\" \/>\n\t<meta name=\"twitter:data1\" content=\"michelWP\" \/>\n\t<meta name=\"twitter:label2\" content=\"Est. reading time\" \/>\n\t<meta name=\"twitter:data2\" content=\"7 minutes\" \/>\n<script type=\"application\/ld+json\" class=\"yoast-schema-graph\">{\"@context\":\"https:\/\/schema.org\",\"@graph\":[{\"@type\":\"WebPage\",\"@id\":\"https:\/\/gbccroatia.org\/alukonigstahl-otvoren-natjecaj-za-izradu-idejnoga-arhitektonskog-rjesenja-pogled-kroz-kucu\/\",\"url\":\"https:\/\/gbccroatia.org\/alukonigstahl-otvoren-natjecaj-za-izradu-idejnoga-arhitektonskog-rjesenja-pogled-kroz-kucu\/\",\"name\":\"AluK\u00f6nigStahl: otvoren natje\u010daj za izradu idejnoga arhitektonskog rje\u0161enja 'Pogled kroz ku\u0107u' - Hrvatski savjet za zelenu gradnju\",\"isPartOf\":{\"@id\":\"https:\/\/gbccroatia.org\/#website\"},\"primaryImageOfPage\":{\"@id\":\"https:\/\/gbccroatia.org\/alukonigstahl-otvoren-natjecaj-za-izradu-idejnoga-arhitektonskog-rjesenja-pogled-kroz-kucu\/#primaryimage\"},\"image\":{\"@id\":\"https:\/\/gbccroatia.org\/alukonigstahl-otvoren-natjecaj-za-izradu-idejnoga-arhitektonskog-rjesenja-pogled-kroz-kucu\/#primaryimage\"},\"thumbnailUrl\":\"https:\/\/gbccroatia.org\/wp-content\/uploads\/2023\/09\/aks-natjecaj.jpg\",\"datePublished\":\"2023-09-11T18:12:10+00:00\",\"author\":{\"@id\":\"https:\/\/gbccroatia.org\/#\/schema\/person\/2ee378f32578f974b44a9807dbc22176\"},\"breadcrumb\":{\"@id\":\"https:\/\/gbccroatia.org\/alukonigstahl-otvoren-natjecaj-za-izradu-idejnoga-arhitektonskog-rjesenja-pogled-kroz-kucu\/#breadcrumb\"},\"inLanguage\":\"en-US\",\"potentialAction\":[{\"@type\":\"ReadAction\",\"target\":[\"https:\/\/gbccroatia.org\/alukonigstahl-otvoren-natjecaj-za-izradu-idejnoga-arhitektonskog-rjesenja-pogled-kroz-kucu\/\"]}]},{\"@type\":\"ImageObject\",\"inLanguage\":\"en-US\",\"@id\":\"https:\/\/gbccroatia.org\/alukonigstahl-otvoren-natjecaj-za-izradu-idejnoga-arhitektonskog-rjesenja-pogled-kroz-kucu\/#primaryimage\",\"url\":\"https:\/\/gbccroatia.org\/wp-content\/uploads\/2023\/09\/aks-natjecaj.jpg\",\"contentUrl\":\"https:\/\/gbccroatia.org\/wp-content\/uploads\/2023\/09\/aks-natjecaj.jpg\",\"width\":1130,\"height\":786},{\"@type\":\"BreadcrumbList\",\"@id\":\"https:\/\/gbccroatia.org\/alukonigstahl-otvoren-natjecaj-za-izradu-idejnoga-arhitektonskog-rjesenja-pogled-kroz-kucu\/#breadcrumb\",\"itemListElement\":[{\"@type\":\"ListItem\",\"position\":1,\"name\":\"Po\u010detna stranica\",\"item\":\"https:\/\/gbccroatia.org\/\"},{\"@type\":\"ListItem\",\"position\":2,\"name\":\"AluK\u00f6nigStahl: otvoren natje\u010daj za izradu idejnoga arhitektonskog rje\u0161enja &#8216;Pogled kroz ku\u0107u&#8217;\"}]},{\"@type\":\"WebSite\",\"@id\":\"https:\/\/gbccroatia.org\/#website\",\"url\":\"https:\/\/gbccroatia.org\/\",\"name\":\"Hrvatski savjet za zelenu gradnju\",\"description\":\"Zelena gradnja u srcu europske budu\u0107nosti\",\"potentialAction\":[{\"@type\":\"SearchAction\",\"target\":{\"@type\":\"EntryPoint\",\"urlTemplate\":\"https:\/\/gbccroatia.org\/?s={search_term_string}\"},\"query-input\":{\"@type\":\"PropertyValueSpecification\",\"valueRequired\":true,\"valueName\":\"search_term_string\"}}],\"inLanguage\":\"en-US\"},{\"@type\":\"Person\",\"@id\":\"https:\/\/gbccroatia.org\/#\/schema\/person\/2ee378f32578f974b44a9807dbc22176\",\"name\":\"michelWP\",\"image\":{\"@type\":\"ImageObject\",\"inLanguage\":\"en-US\",\"@id\":\"https:\/\/gbccroatia.org\/#\/schema\/person\/image\/\",\"url\":\"https:\/\/secure.gravatar.com\/avatar\/2396f1895e66c15a2dc32b7a2cb4bda7cf5792712bfe8117f20e3109b7447481?s=96&d=mm&r=g\",\"contentUrl\":\"https:\/\/secure.gravatar.com\/avatar\/2396f1895e66c15a2dc32b7a2cb4bda7cf5792712bfe8117f20e3109b7447481?s=96&d=mm&r=g\",\"caption\":\"michelWP\"},\"sameAs\":[\"https:\/\/gbccroatia.org\"],\"url\":\"https:\/\/gbccroatia.org\/en\/author\/michelwp\/\"}]}<\/script>\n<!-- \/ Yoast SEO plugin. -->","yoast_head_json":{"title":"AluK\u00f6nigStahl: otvoren natje\u010daj za izradu idejnoga arhitektonskog rje\u0161enja 'Pogled kroz ku\u0107u' - Hrvatski savjet za zelenu gradnju","robots":{"index":"index","follow":"follow","max-snippet":"max-snippet:-1","max-image-preview":"max-image-preview:large","max-video-preview":"max-video-preview:-1"},"canonical":"https:\/\/gbccroatia.org\/alukonigstahl-otvoren-natjecaj-za-izradu-idejnoga-arhitektonskog-rjesenja-pogled-kroz-kucu\/","og_locale":"en_US","og_type":"article","og_title":"AluK\u00f6nigStahl: otvoren natje\u010daj za izradu idejnoga arhitektonskog rje\u0161enja 'Pogled kroz ku\u0107u' - Hrvatski savjet za zelenu gradnju","og_description":"AluK\u00f6nigStahl d.o.o.\u00a0raspisuje i organizira, a\u00a0Arhitektonski fakultet Sveu\u010dili\u0161ta...","og_url":"https:\/\/gbccroatia.org\/alukonigstahl-otvoren-natjecaj-za-izradu-idejnoga-arhitektonskog-rjesenja-pogled-kroz-kucu\/","og_site_name":"Hrvatski savjet za zelenu gradnju","article_published_time":"2023-09-11T18:12:10+00:00","og_image":[{"width":1130,"height":786,"url":"https:\/\/gbccroatia.org\/wp-content\/uploads\/2023\/09\/aks-natjecaj.jpg","type":"image\/jpeg"}],"author":"michelWP","twitter_card":"summary_large_image","twitter_misc":{"Written by":"michelWP","Est. reading time":"7 minutes"},"schema":{"@context":"https:\/\/schema.org","@graph":[{"@type":"WebPage","@id":"https:\/\/gbccroatia.org\/alukonigstahl-otvoren-natjecaj-za-izradu-idejnoga-arhitektonskog-rjesenja-pogled-kroz-kucu\/","url":"https:\/\/gbccroatia.org\/alukonigstahl-otvoren-natjecaj-za-izradu-idejnoga-arhitektonskog-rjesenja-pogled-kroz-kucu\/","name":"AluK\u00f6nigStahl: otvoren natje\u010daj za izradu idejnoga arhitektonskog rje\u0161enja 'Pogled kroz ku\u0107u' - Hrvatski savjet za zelenu gradnju","isPartOf":{"@id":"https:\/\/gbccroatia.org\/#website"},"primaryImageOfPage":{"@id":"https:\/\/gbccroatia.org\/alukonigstahl-otvoren-natjecaj-za-izradu-idejnoga-arhitektonskog-rjesenja-pogled-kroz-kucu\/#primaryimage"},"image":{"@id":"https:\/\/gbccroatia.org\/alukonigstahl-otvoren-natjecaj-za-izradu-idejnoga-arhitektonskog-rjesenja-pogled-kroz-kucu\/#primaryimage"},"thumbnailUrl":"https:\/\/gbccroatia.org\/wp-content\/uploads\/2023\/09\/aks-natjecaj.jpg","datePublished":"2023-09-11T18:12:10+00:00","author":{"@id":"https:\/\/gbccroatia.org\/#\/schema\/person\/2ee378f32578f974b44a9807dbc22176"},"breadcrumb":{"@id":"https:\/\/gbccroatia.org\/alukonigstahl-otvoren-natjecaj-za-izradu-idejnoga-arhitektonskog-rjesenja-pogled-kroz-kucu\/#breadcrumb"},"inLanguage":"en-US","potentialAction":[{"@type":"ReadAction","target":["https:\/\/gbccroatia.org\/alukonigstahl-otvoren-natjecaj-za-izradu-idejnoga-arhitektonskog-rjesenja-pogled-kroz-kucu\/"]}]},{"@type":"ImageObject","inLanguage":"en-US","@id":"https:\/\/gbccroatia.org\/alukonigstahl-otvoren-natjecaj-za-izradu-idejnoga-arhitektonskog-rjesenja-pogled-kroz-kucu\/#primaryimage","url":"https:\/\/gbccroatia.org\/wp-content\/uploads\/2023\/09\/aks-natjecaj.jpg","contentUrl":"https:\/\/gbccroatia.org\/wp-content\/uploads\/2023\/09\/aks-natjecaj.jpg","width":1130,"height":786},{"@type":"BreadcrumbList","@id":"https:\/\/gbccroatia.org\/alukonigstahl-otvoren-natjecaj-za-izradu-idejnoga-arhitektonskog-rjesenja-pogled-kroz-kucu\/#breadcrumb","itemListElement":[{"@type":"ListItem","position":1,"name":"Po\u010detna stranica","item":"https:\/\/gbccroatia.org\/"},{"@type":"ListItem","position":2,"name":"AluK\u00f6nigStahl: otvoren natje\u010daj za izradu idejnoga arhitektonskog rje\u0161enja &#8216;Pogled kroz ku\u0107u&#8217;"}]},{"@type":"WebSite","@id":"https:\/\/gbccroatia.org\/#website","url":"https:\/\/gbccroatia.org\/","name":"Hrvatski savjet za zelenu gradnju","description":"Zelena gradnja u srcu europske budu\u0107nosti","potentialAction":[{"@type":"SearchAction","target":{"@type":"EntryPoint","urlTemplate":"https:\/\/gbccroatia.org\/?s={search_term_string}"},"query-input":{"@type":"PropertyValueSpecification","valueRequired":true,"valueName":"search_term_string"}}],"inLanguage":"en-US"},{"@type":"Person","@id":"https:\/\/gbccroatia.org\/#\/schema\/person\/2ee378f32578f974b44a9807dbc22176","name":"michelWP","image":{"@type":"ImageObject","inLanguage":"en-US","@id":"https:\/\/gbccroatia.org\/#\/schema\/person\/image\/","url":"https:\/\/secure.gravatar.com\/avatar\/2396f1895e66c15a2dc32b7a2cb4bda7cf5792712bfe8117f20e3109b7447481?s=96&d=mm&r=g","contentUrl":"https:\/\/secure.gravatar.com\/avatar\/2396f1895e66c15a2dc32b7a2cb4bda7cf5792712bfe8117f20e3109b7447481?s=96&d=mm&r=g","caption":"michelWP"},"sameAs":["https:\/\/gbccroatia.org"],"url":"https:\/\/gbccroatia.org\/en\/author\/michelwp\/"}]}},"_links":{"self":[{"href":"https:\/\/gbccroatia.org\/en\/wp-json\/wp\/v2\/posts\/17673","targetHints":{"allow":["GET"]}}],"collection":[{"href":"https:\/\/gbccroatia.org\/en\/wp-json\/wp\/v2\/posts"}],"about":[{"href":"https:\/\/gbccroatia.org\/en\/wp-json\/wp\/v2\/types\/post"}],"author":[{"embeddable":true,"href":"https:\/\/gbccroatia.org\/en\/wp-json\/wp\/v2\/users\/1"}],"replies":[{"embeddable":true,"href":"https:\/\/gbccroatia.org\/en\/wp-json\/wp\/v2\/comments?post=17673"}],"version-history":[{"count":0,"href":"https:\/\/gbccroatia.org\/en\/wp-json\/wp\/v2\/posts\/17673\/revisions"}],"wp:featuredmedia":[{"embeddable":true,"href":"https:\/\/gbccroatia.org\/en\/wp-json\/wp\/v2\/media\/11638"}],"wp:attachment":[{"href":"https:\/\/gbccroatia.org\/en\/wp-json\/wp\/v2\/media?parent=17673"}],"wp:term":[{"taxonomy":"category","embeddable":true,"href":"https:\/\/gbccroatia.org\/en\/wp-json\/wp\/v2\/categories?post=17673"},{"taxonomy":"post_tag","embeddable":true,"href":"https:\/\/gbccroatia.org\/en\/wp-json\/wp\/v2\/tags?post=17673"}],"curies":[{"name":"wp","href":"https:\/\/api.w.org\/{rel}","templated":true}]}}