{"id":17674,"date":"2023-09-11T18:11:11","date_gmt":"2023-09-11T18:11:11","guid":{"rendered":"https:\/\/gbccroatia.org\/sto-podruznica-u-hrvatskoj-postala-clan-gbc-a\/"},"modified":"2023-09-11T18:11:11","modified_gmt":"2023-09-11T18:11:11","slug":"sto-podruznica-u-hrvatskoj-postala-clan-gbc-a","status":"publish","type":"post","link":"https:\/\/gbccroatia.org\/en\/sto-podruznica-u-hrvatskoj-postala-clan-gbc-a\/","title":{"rendered":"STO podru\u017enica u Hrvatskoj postala \u010dlan GBC-a"},"content":{"rendered":"<p class=\"text-justify\">&#8220;Graditi svjesno&#8221; odavno je princip tvrtke STO.<\/p>\n<p class=\"text-justify\">U tvrtki STO odr\u017eivost se visoko cijeni na svim podru\u010djima: pobolj\u0161anje logistike, klimatske in-house akcije, proizvodnja koja \u010duva resurse, ekolo\u0161ko svjesni postupak &#8211; sve to doprinosi da se CO2 otisak tvrtke Sto sve vi\u0161e smanjuje. Operativni monitoring energije, kori\u0161tenje zelene elektri\u010dne energije i suradnja s partnerima za ekolo\u0161ka pitanja moraju osigurati da su postupci usmjereni prema odr\u017eivosti. Osim toga, cijela tvrtka je klima neutralna.<\/p>\n<p class=\"text-justify\"><img fetchpriority=\"high\" decoding=\"async\" class=\"alignnone wp-image-13445 size-large\" src=\"https:\/\/gbccroatia.org\/wp-content\/uploads\/2023\/09\/img-20220407-wa0006-1024x689.jpg\" alt=\"\" width=\"900\" height=\"606\" srcset=\"https:\/\/gbccroatia.org\/wp-content\/uploads\/2023\/09\/img-20220407-wa0006-1024x689.jpg 1024w, https:\/\/gbccroatia.org\/wp-content\/uploads\/2023\/09\/img-20220407-wa0006-300x202.jpg 300w, https:\/\/gbccroatia.org\/wp-content\/uploads\/2023\/09\/img-20220407-wa0006-768x517.jpg 768w, https:\/\/gbccroatia.org\/wp-content\/uploads\/2023\/09\/img-20220407-wa0006-1536x1033.jpg 1536w, https:\/\/gbccroatia.org\/wp-content\/uploads\/2023\/09\/img-20220407-wa0006.jpg 1866w\" sizes=\"(max-width: 900px) 100vw, 900px\" \/><\/p>\n<p class=\"text-justify\"><strong>Sljede\u0107i logi\u010dan korak putu ka odr\u017eivosti bilo je umre\u017eiti se sa najve\u0107om organizacijom u Hrvatskoj koja se bavi podru\u010djem odr\u017eive gradnje, infrastrukture i zelene energije \u2013 Hrvatskim savjetom za zelenu gradnju (GBC-ijem), kojeg \u010dini poslovna mre\u017ea najboljih firmi i organizacija koje su predvodnici tranzicije iz tradicionalnog u odr\u017eivo gospodarstvo. Sa vi\u0161e od 100 \u010dlanova iz podru\u010dja graditeljstva, energetike, gospodarstva, javne uprave i akademske zajednice, Sto je po\u010detkom 2022. godine postao dio platforme za promicanje pozitivnih utjecaja odr\u017eive gradnje.<\/strong><\/p>\n<p class=\"text-justify\">Inicijativa StoClimate kombinira sve odr\u017eive mjere te u suradnji sa stru\u010dnjacima izra\u0111uje proizvode koji su u skladu s prirodom. Sa prirodnim materijalima i energetski efikasnom proizvodnjom u kombinaciji s visokom u\u010dinkovitosti i poznatom kvalitetom, tvrtka Sto donosi jedinstvene proizvode za fasade i interijera.<\/p>\n<p class=\"text-justify\">Odr\u017eivost i energetska u\u010dinkovitost danas su pored \u010dvrstih arhitektonskih koncepata dio projektiranja za budu\u0107nost. Ovje\u0161eni ventilirani fasadni sustavi povezuju zahtjevnu arhitekturu sa zahtjevima gra\u0111evinske fizike. Ovje\u0161ena ventilirana fasada posebno uzima u obzir stalno rastu\u0107e gra\u0111evinsko-fizikalne zahtjeve prema zgradama, a posljedi\u010dno i fasadama, poput za\u0161tite od vremenskih utjecaja, zvu\u010dne izolacije i posebice toplinske izolacije. Ventiliranjem se osigurava dugovje\u010dnost cijelog sustava. Visoka razina slobode pri ure\u0111enju bojama, formatima i razli\u010ditim povr\u0161inama dopu\u0161ta kod ovje\u0161enih ventiliranih fasada veliku raznolikost glede dizajna. Zahvaljuju\u0107i modularnom na\u010dinu gradnje ovje\u0161enih ventiliranih fasadnih sustava mogu\u0107i su primjena i kombinacija velikog broja povr\u0161ina i materijala. S integracijom fotonaponske energije Sto je uspio razviti funkcionalnu fasadu <strong>\u2013 StoVentec Photovoltaics Inlay &#8211; ovje\u0161ena ventilirana fasada s nagla\u0161enim spojnicama i uokvirenim fotonaponskim modulima.<\/strong><\/p>\n<p class=\"text-justify\">Zbog svoje mogu\u0107nosti proizvodnje energije, mogu\u0107nosti recikliranja i dugotrajnosti StoVentec Photovoltaics Inlay predstavlja odr\u017eivo rje\u0161enje za suvremeno i privla\u010dno ure\u0111enje fasada. Energija koja je potrebna za proizvodnju fotonaponskih modula amortizira se ve\u0107 u prvim godinama njihovog kori\u0161tenja. I nakon isteka njihovog \u017eivotnog vijeka se fotonaponski moduli vra\u0107aju natrag u kru\u017eno gospodarstvo za proizvodnju drugih proizvoda.<\/p>\n<p class=\"text-justify\">Smanjenje energetske potro\u0161nje zgrada od velike je va\u017enosti kako bi se u skladu s Europskim zelenim planom postiglo smanjenje emisija stakleni\u010dkih plinova za najmanje 55 % do 2030. godine i smanjili energetski tro\u0161kovi za potro\u0161a\u010de i industriju. Tvrtka Sto s ovim sustavom podr\u017eava prijelaz prema modernim, resursno u\u010dinkovitim i ekonomi\u010dnim zgradama.<\/p>\n<p class=\"text-justify\">Pregled svih prednosti:<\/p>\n<ul class=\"text-justify\">\n<li>Funkcionalna fasada za proizvodnju solarne energije<\/li>\n<li>Toplinska za\u0161tita<\/li>\n<li>Za\u0161tita od vlage zahvaljuju\u0107i difuzijski otvorenim komponentama zida<\/li>\n<li>Za\u0161tita gra\u0111evinske supstance od vremenskih utjecaja<\/li>\n<li>Zvu\u010dna izolacija pobolj\u0161anjem indeksa za do 12 dB<\/li>\n<li>Opse\u017ene mogu\u0107nosti ure\u0111enja za atraktivan izgled fasade<\/li>\n<li>Monta\u017ea neovisna o vremenskim uvjetima zahvaljuju\u0107i monta\u017enim modulima fasade<\/li>\n<li>Dobra mogu\u0107nost demonta\u017ee zahvaljuju\u0107i modularnim komponentama sustava<\/li>\n<\/ul>\n<p><img decoding=\"async\" class=\"alignnone wp-image-13447 size-large\" src=\"https:\/\/gbccroatia.org\/wp-content\/uploads\/2023\/09\/sto-1-1024x499.png\" alt=\"\" width=\"900\" height=\"439\" srcset=\"https:\/\/gbccroatia.org\/wp-content\/uploads\/2023\/09\/sto-1-1024x499.png 1024w, https:\/\/gbccroatia.org\/wp-content\/uploads\/2023\/09\/sto-1-300x146.png 300w, https:\/\/gbccroatia.org\/wp-content\/uploads\/2023\/09\/sto-1-768x375.png 768w, https:\/\/gbccroatia.org\/wp-content\/uploads\/2023\/09\/sto-1.png 1433w\" sizes=\"(max-width: 900px) 100vw, 900px\" \/><\/p>\n<p class=\"text-justify\"><strong>Fasada kao elektrana<\/strong><\/p>\n<p class=\"text-justify\">Bilo da se postavi na krov ili fasadu, svaki \u010detvorni metar povr\u0161ine oblo\u017een fotonaponskim modulima proizvodi energiju koja se direktno mo\u017ee koristiti na zgradi. Za instaliranu snagu od 1 kWp je potrebno oko 6 m\u00b2 fasadne povr\u0161ine \u0161to odgovara 4 modula s nazivnom snagom od 350 Wp i formata 1668 x 994 mm. Godi\u0161nji prinos instalirane snage izme\u0111u ostalog ovisi o lokaciji zgrade kao i orijentaciji (strana svijeta i nagib) fotonaponskih modula. Prednosti mo\u017ee donijeti integracija fotonaponskih modula u isto\u010dnu, zapadnu i ju\u017enu fasadu. Tako \u0107e se sunce tijekom dana, po\u010dev\u0161i od izlaska sunca na istoku sve do zalaska sunca na zapadu, a time i energija koja je zra\u010dila na fasadu najbolje iskoristiti. Zbog razli\u010ditih nagiba fotonaponskih modula na krovu i fasadi prema suncu se na fasadi ostvaruje oko 30 % manji prinos energije nego na krovu. Bitna prednost se, me\u0111utim, nalazi u tome \u0161to mjese\u010dno ostvareni prinos energije bolje odgovara stvarnoj potrebi tijekom godine jer zbog ni\u017eeg polo\u017eaja sunca posebice u hladnijim mjesecima se na fasadi proizvodi vi\u0161e energije nego na krovu.<\/p>\n<p class=\"text-justify\"><img decoding=\"async\" class=\"alignnone wp-image-13449 size-full\" src=\"https:\/\/gbccroatia.org\/wp-content\/uploads\/2023\/09\/sto-2.png\" alt=\"\" width=\"975\" height=\"501\" srcset=\"https:\/\/gbccroatia.org\/wp-content\/uploads\/2023\/09\/sto-2.png 975w, https:\/\/gbccroatia.org\/wp-content\/uploads\/2023\/09\/sto-2-300x154.png 300w, https:\/\/gbccroatia.org\/wp-content\/uploads\/2023\/09\/sto-2-768x395.png 768w\" sizes=\"(max-width: 975px) 100vw, 975px\" \/><\/p>\n<p class=\"text-justify\">Nova prijemna i uredska zgrada izra\u0111ena je kao zgrada nulte energije standardom pasivne ku\u0107e te je za nju Njema\u010dko dru\u0161tvo za odr\u017eivu gradnju (DGNB) dodijelilo oznaku kvalitete Platin. Jezgreni dio ove zgrade predstavlja energetski koncept s minimaliziranom energetskom potro\u0161njom i odr\u017eivom proizvodnjom energije. Jedan dio proizvodnje energije preuzimaju fotonaponski moduli instalirani na krovu i na jugoisto\u010dnoj fasadi. Na fasadu su montirani fotonaponski moduli fasadnog sustava StoVentec Photovoltaics. Kombinirano s daljnjim ovje\u0161enim ventiliranim fasadnim sustavima marke Sto (StoVentec R i StoVentec Glass) je nastao arhitektonski zahtjevan i odr\u017eiv cjelokupni objekt na lokaciji u Weizenu. Svim fotonaponskim projektima prethode opse\u017ene konzultacije i sadr\u017ee u okviru servisnih usluga i simulaciju o\u010dekivanog godi\u0161njeg prinosa energije. Mjerenje stvarno ostvarenih prinosa energije u 2018. i 2019. godini na Sto zgradi pokazuje da se podudara s prethodnim izra\u010dunima prinosa struje. Rado \u0107emo Vam u svakom trenutku pru\u017eiti podr\u0161ku i u konstrukcijskom i u energetskom projektiranju fotonaponske instalacije integrirane u fasadu.<\/p>\n<p class=\"text-justify\">Vi\u0161e informacija mo\u017eete saznati ako posjetite <a href=\"https:\/\/www.sto.hr\/hr\/home\/home.html\">https:\/\/www.sto.hr\/hr\/home\/home.html<\/a><\/p>\n<p class=\"text-justify\">Dodatne bro\u0161ure pogledajte ovdje: <a href=\"https:\/\/www.sto.hr\/hr\/topnav\/medijski-centar\/test.html\">https:\/\/www.sto.hr\/hr\/topnav\/medijski-centar\/test.html<\/a><\/p>\n<p class=\"text-justify\">Izvori:<\/p>\n<ul class=\"text-justify\">\n<li><a href=\"https:\/\/www.sto.hr\/hr\/poduze-e\/stoclimate\/philosopie_3.html\">https:\/\/www.sto.hr\/hr\/poduze-e\/stoclimate\/philosopie_3.html<\/a><\/li>\n<li><a href=\"https:\/\/gbccroatia.org\/storage\/uploads\/editor\/stoventec-photovoltaics-inlay.pdf\" target=\"_blank\" rel=\"noopener\">StoVentec Photovoltaics Inlay bro\u0161ura<\/a><\/li>\n<\/ul>\n","protected":false},"excerpt":{"rendered":"<p>&#8220;Graditi svjesno&#8221; odavno je princip tvrtke STO&#8230;.<\/p>\n","protected":false},"author":1,"featured_media":11637,"comment_status":"open","ping_status":"open","sticky":false,"template":"","format":"standard","meta":{"footnotes":""},"categories":[71],"tags":[],"class_list":["post-17674","post","type-post","status-publish","format-standard","has-post-thumbnail","hentry","category-2022-en"],"acf":{"photo_gallery":{"galerija":[[]],"logo1_slike":[[],[]],"logo2_slike":[[],[],[]],"logo3_slike":[[],[],[],[]],"logo4_slike":[[],[],[],[],[]],"logo5_slike":[[],[],[],[],[],[]],"logo6_slike":[[],[],[],[],[],[],[]],"logo7_slike":[[],[],[],[],[],[],[],[]],"logo8_slike":[[],[],[],[],[],[],[],[],[]],"logo9_slike":[[],[],[],[],[],[],[],[],[],[]],"logo10_slike":[[],[],[],[],[],[],[],[],[],[],[]],"logo11_slike":[[],[],[],[],[],[],[],[],[],[],[],[]],"logo12_slike":[[],[],[],[],[],[],[],[],[],[],[],[],[]],"logo13_slike":[[],[],[],[],[],[],[],[],[],[],[],[],[],[]],"logo14_slike":[[],[],[],[],[],[],[],[],[],[],[],[],[],[],[]],"logo15_slike":[[],[],[],[],[],[],[],[],[],[],[],[],[],[],[],[]],"logo16_slike":[[],[],[],[],[],[],[],[],[],[],[],[],[],[],[],[],[]],"logo17_slike":[[],[],[],[],[],[],[],[],[],[],[],[],[],[],[],[],[],[]],"logo18_slike":[[],[],[],[],[],[],[],[],[],[],[],[],[],[],[],[],[],[],[]],"logo19_slike":[[],[],[],[],[],[],[],[],[],[],[],[],[],[],[],[],[],[],[],[]],"logo20_slike":[[],[],[],[],[],[],[],[],[],[],[],[],[],[],[],[],[],[],[],[],[]]}},"yoast_head":"<!-- This site is optimized with the Yoast SEO plugin v26.3 - https:\/\/yoast.com\/wordpress\/plugins\/seo\/ -->\n<title>STO podru\u017enica u Hrvatskoj postala \u010dlan GBC-a - Hrvatski savjet za zelenu gradnju<\/title>\n<meta name=\"robots\" content=\"index, follow, max-snippet:-1, max-image-preview:large, max-video-preview:-1\" \/>\n<link rel=\"canonical\" href=\"https:\/\/gbccroatia.org\/sto-podruznica-u-hrvatskoj-postala-clan-gbc-a\/\" \/>\n<meta property=\"og:locale\" content=\"en_US\" \/>\n<meta property=\"og:type\" content=\"article\" \/>\n<meta property=\"og:title\" content=\"STO podru\u017enica u Hrvatskoj postala \u010dlan GBC-a - Hrvatski savjet za zelenu gradnju\" \/>\n<meta property=\"og:description\" content=\"&quot;Graditi svjesno&quot; odavno je princip tvrtke STO....\" \/>\n<meta property=\"og:url\" content=\"https:\/\/gbccroatia.org\/sto-podruznica-u-hrvatskoj-postala-clan-gbc-a\/\" \/>\n<meta property=\"og:site_name\" content=\"Hrvatski savjet za zelenu gradnju\" \/>\n<meta property=\"article:published_time\" content=\"2023-09-11T18:11:11+00:00\" \/>\n<meta property=\"og:image\" content=\"https:\/\/gbccroatia.org\/wp-content\/uploads\/2023\/09\/img-20220407-wa0008.jpg\" \/>\n\t<meta property=\"og:image:width\" content=\"1774\" \/>\n\t<meta property=\"og:image:height\" content=\"1225\" \/>\n\t<meta property=\"og:image:type\" content=\"image\/jpeg\" \/>\n<meta name=\"author\" content=\"michelWP\" \/>\n<meta name=\"twitter:card\" content=\"summary_large_image\" \/>\n<meta name=\"twitter:label1\" content=\"Written by\" \/>\n\t<meta name=\"twitter:data1\" content=\"michelWP\" \/>\n\t<meta name=\"twitter:label2\" content=\"Est. reading time\" \/>\n\t<meta name=\"twitter:data2\" content=\"5 minutes\" \/>\n<script type=\"application\/ld+json\" class=\"yoast-schema-graph\">{\"@context\":\"https:\/\/schema.org\",\"@graph\":[{\"@type\":\"WebPage\",\"@id\":\"https:\/\/gbccroatia.org\/sto-podruznica-u-hrvatskoj-postala-clan-gbc-a\/\",\"url\":\"https:\/\/gbccroatia.org\/sto-podruznica-u-hrvatskoj-postala-clan-gbc-a\/\",\"name\":\"STO podru\u017enica u Hrvatskoj postala \u010dlan GBC-a - Hrvatski savjet za zelenu gradnju\",\"isPartOf\":{\"@id\":\"https:\/\/gbccroatia.org\/#website\"},\"primaryImageOfPage\":{\"@id\":\"https:\/\/gbccroatia.org\/sto-podruznica-u-hrvatskoj-postala-clan-gbc-a\/#primaryimage\"},\"image\":{\"@id\":\"https:\/\/gbccroatia.org\/sto-podruznica-u-hrvatskoj-postala-clan-gbc-a\/#primaryimage\"},\"thumbnailUrl\":\"https:\/\/gbccroatia.org\/wp-content\/uploads\/2023\/09\/img-20220407-wa0008.jpg\",\"datePublished\":\"2023-09-11T18:11:11+00:00\",\"author\":{\"@id\":\"https:\/\/gbccroatia.org\/#\/schema\/person\/2ee378f32578f974b44a9807dbc22176\"},\"breadcrumb\":{\"@id\":\"https:\/\/gbccroatia.org\/sto-podruznica-u-hrvatskoj-postala-clan-gbc-a\/#breadcrumb\"},\"inLanguage\":\"en-US\",\"potentialAction\":[{\"@type\":\"ReadAction\",\"target\":[\"https:\/\/gbccroatia.org\/sto-podruznica-u-hrvatskoj-postala-clan-gbc-a\/\"]}]},{\"@type\":\"ImageObject\",\"inLanguage\":\"en-US\",\"@id\":\"https:\/\/gbccroatia.org\/sto-podruznica-u-hrvatskoj-postala-clan-gbc-a\/#primaryimage\",\"url\":\"https:\/\/gbccroatia.org\/wp-content\/uploads\/2023\/09\/img-20220407-wa0008.jpg\",\"contentUrl\":\"https:\/\/gbccroatia.org\/wp-content\/uploads\/2023\/09\/img-20220407-wa0008.jpg\",\"width\":1774,\"height\":1225},{\"@type\":\"BreadcrumbList\",\"@id\":\"https:\/\/gbccroatia.org\/sto-podruznica-u-hrvatskoj-postala-clan-gbc-a\/#breadcrumb\",\"itemListElement\":[{\"@type\":\"ListItem\",\"position\":1,\"name\":\"Po\u010detna stranica\",\"item\":\"https:\/\/gbccroatia.org\/\"},{\"@type\":\"ListItem\",\"position\":2,\"name\":\"STO podru\u017enica u Hrvatskoj postala \u010dlan GBC-a\"}]},{\"@type\":\"WebSite\",\"@id\":\"https:\/\/gbccroatia.org\/#website\",\"url\":\"https:\/\/gbccroatia.org\/\",\"name\":\"Hrvatski savjet za zelenu gradnju\",\"description\":\"Zelena gradnja u srcu europske budu\u0107nosti\",\"potentialAction\":[{\"@type\":\"SearchAction\",\"target\":{\"@type\":\"EntryPoint\",\"urlTemplate\":\"https:\/\/gbccroatia.org\/?s={search_term_string}\"},\"query-input\":{\"@type\":\"PropertyValueSpecification\",\"valueRequired\":true,\"valueName\":\"search_term_string\"}}],\"inLanguage\":\"en-US\"},{\"@type\":\"Person\",\"@id\":\"https:\/\/gbccroatia.org\/#\/schema\/person\/2ee378f32578f974b44a9807dbc22176\",\"name\":\"michelWP\",\"image\":{\"@type\":\"ImageObject\",\"inLanguage\":\"en-US\",\"@id\":\"https:\/\/gbccroatia.org\/#\/schema\/person\/image\/\",\"url\":\"https:\/\/secure.gravatar.com\/avatar\/2396f1895e66c15a2dc32b7a2cb4bda7cf5792712bfe8117f20e3109b7447481?s=96&d=mm&r=g\",\"contentUrl\":\"https:\/\/secure.gravatar.com\/avatar\/2396f1895e66c15a2dc32b7a2cb4bda7cf5792712bfe8117f20e3109b7447481?s=96&d=mm&r=g\",\"caption\":\"michelWP\"},\"sameAs\":[\"https:\/\/gbccroatia.org\"],\"url\":\"https:\/\/gbccroatia.org\/en\/author\/michelwp\/\"}]}<\/script>\n<!-- \/ Yoast SEO plugin. -->","yoast_head_json":{"title":"STO podru\u017enica u Hrvatskoj postala \u010dlan GBC-a - Hrvatski savjet za zelenu gradnju","robots":{"index":"index","follow":"follow","max-snippet":"max-snippet:-1","max-image-preview":"max-image-preview:large","max-video-preview":"max-video-preview:-1"},"canonical":"https:\/\/gbccroatia.org\/sto-podruznica-u-hrvatskoj-postala-clan-gbc-a\/","og_locale":"en_US","og_type":"article","og_title":"STO podru\u017enica u Hrvatskoj postala \u010dlan GBC-a - Hrvatski savjet za zelenu gradnju","og_description":"\"Graditi svjesno\" odavno je princip tvrtke STO....","og_url":"https:\/\/gbccroatia.org\/sto-podruznica-u-hrvatskoj-postala-clan-gbc-a\/","og_site_name":"Hrvatski savjet za zelenu gradnju","article_published_time":"2023-09-11T18:11:11+00:00","og_image":[{"width":1774,"height":1225,"url":"https:\/\/gbccroatia.org\/wp-content\/uploads\/2023\/09\/img-20220407-wa0008.jpg","type":"image\/jpeg"}],"author":"michelWP","twitter_card":"summary_large_image","twitter_misc":{"Written by":"michelWP","Est. reading time":"5 minutes"},"schema":{"@context":"https:\/\/schema.org","@graph":[{"@type":"WebPage","@id":"https:\/\/gbccroatia.org\/sto-podruznica-u-hrvatskoj-postala-clan-gbc-a\/","url":"https:\/\/gbccroatia.org\/sto-podruznica-u-hrvatskoj-postala-clan-gbc-a\/","name":"STO podru\u017enica u Hrvatskoj postala \u010dlan GBC-a - Hrvatski savjet za zelenu gradnju","isPartOf":{"@id":"https:\/\/gbccroatia.org\/#website"},"primaryImageOfPage":{"@id":"https:\/\/gbccroatia.org\/sto-podruznica-u-hrvatskoj-postala-clan-gbc-a\/#primaryimage"},"image":{"@id":"https:\/\/gbccroatia.org\/sto-podruznica-u-hrvatskoj-postala-clan-gbc-a\/#primaryimage"},"thumbnailUrl":"https:\/\/gbccroatia.org\/wp-content\/uploads\/2023\/09\/img-20220407-wa0008.jpg","datePublished":"2023-09-11T18:11:11+00:00","author":{"@id":"https:\/\/gbccroatia.org\/#\/schema\/person\/2ee378f32578f974b44a9807dbc22176"},"breadcrumb":{"@id":"https:\/\/gbccroatia.org\/sto-podruznica-u-hrvatskoj-postala-clan-gbc-a\/#breadcrumb"},"inLanguage":"en-US","potentialAction":[{"@type":"ReadAction","target":["https:\/\/gbccroatia.org\/sto-podruznica-u-hrvatskoj-postala-clan-gbc-a\/"]}]},{"@type":"ImageObject","inLanguage":"en-US","@id":"https:\/\/gbccroatia.org\/sto-podruznica-u-hrvatskoj-postala-clan-gbc-a\/#primaryimage","url":"https:\/\/gbccroatia.org\/wp-content\/uploads\/2023\/09\/img-20220407-wa0008.jpg","contentUrl":"https:\/\/gbccroatia.org\/wp-content\/uploads\/2023\/09\/img-20220407-wa0008.jpg","width":1774,"height":1225},{"@type":"BreadcrumbList","@id":"https:\/\/gbccroatia.org\/sto-podruznica-u-hrvatskoj-postala-clan-gbc-a\/#breadcrumb","itemListElement":[{"@type":"ListItem","position":1,"name":"Po\u010detna stranica","item":"https:\/\/gbccroatia.org\/"},{"@type":"ListItem","position":2,"name":"STO podru\u017enica u Hrvatskoj postala \u010dlan GBC-a"}]},{"@type":"WebSite","@id":"https:\/\/gbccroatia.org\/#website","url":"https:\/\/gbccroatia.org\/","name":"Hrvatski savjet za zelenu gradnju","description":"Zelena gradnja u srcu europske budu\u0107nosti","potentialAction":[{"@type":"SearchAction","target":{"@type":"EntryPoint","urlTemplate":"https:\/\/gbccroatia.org\/?s={search_term_string}"},"query-input":{"@type":"PropertyValueSpecification","valueRequired":true,"valueName":"search_term_string"}}],"inLanguage":"en-US"},{"@type":"Person","@id":"https:\/\/gbccroatia.org\/#\/schema\/person\/2ee378f32578f974b44a9807dbc22176","name":"michelWP","image":{"@type":"ImageObject","inLanguage":"en-US","@id":"https:\/\/gbccroatia.org\/#\/schema\/person\/image\/","url":"https:\/\/secure.gravatar.com\/avatar\/2396f1895e66c15a2dc32b7a2cb4bda7cf5792712bfe8117f20e3109b7447481?s=96&d=mm&r=g","contentUrl":"https:\/\/secure.gravatar.com\/avatar\/2396f1895e66c15a2dc32b7a2cb4bda7cf5792712bfe8117f20e3109b7447481?s=96&d=mm&r=g","caption":"michelWP"},"sameAs":["https:\/\/gbccroatia.org"],"url":"https:\/\/gbccroatia.org\/en\/author\/michelwp\/"}]}},"_links":{"self":[{"href":"https:\/\/gbccroatia.org\/en\/wp-json\/wp\/v2\/posts\/17674","targetHints":{"allow":["GET"]}}],"collection":[{"href":"https:\/\/gbccroatia.org\/en\/wp-json\/wp\/v2\/posts"}],"about":[{"href":"https:\/\/gbccroatia.org\/en\/wp-json\/wp\/v2\/types\/post"}],"author":[{"embeddable":true,"href":"https:\/\/gbccroatia.org\/en\/wp-json\/wp\/v2\/users\/1"}],"replies":[{"embeddable":true,"href":"https:\/\/gbccroatia.org\/en\/wp-json\/wp\/v2\/comments?post=17674"}],"version-history":[{"count":0,"href":"https:\/\/gbccroatia.org\/en\/wp-json\/wp\/v2\/posts\/17674\/revisions"}],"wp:featuredmedia":[{"embeddable":true,"href":"https:\/\/gbccroatia.org\/en\/wp-json\/wp\/v2\/media\/11637"}],"wp:attachment":[{"href":"https:\/\/gbccroatia.org\/en\/wp-json\/wp\/v2\/media?parent=17674"}],"wp:term":[{"taxonomy":"category","embeddable":true,"href":"https:\/\/gbccroatia.org\/en\/wp-json\/wp\/v2\/categories?post=17674"},{"taxonomy":"post_tag","embeddable":true,"href":"https:\/\/gbccroatia.org\/en\/wp-json\/wp\/v2\/tags?post=17674"}],"curies":[{"name":"wp","href":"https:\/\/api.w.org\/{rel}","templated":true}]}}