{"id":17687,"date":"2023-09-11T18:05:31","date_gmt":"2023-09-11T18:05:31","guid":{"rendered":"https:\/\/gbccroatia.org\/odrzana-dvodnevna-radionica-o-obnovi-zgrada-kulturne-bastine-u-gradu-rijeci\/"},"modified":"2023-09-11T18:05:31","modified_gmt":"2023-09-11T18:05:31","slug":"odrzana-dvodnevna-radionica-o-obnovi-zgrada-kulturne-bastine-u-gradu-rijeci","status":"publish","type":"post","link":"https:\/\/gbccroatia.org\/en\/odrzana-dvodnevna-radionica-o-obnovi-zgrada-kulturne-bastine-u-gradu-rijeci\/","title":{"rendered":"Odr\u017eana dvodnevna radionica o obnovi zgrada kulturne ba\u0161tine u Gradu Rijeci"},"content":{"rendered":"<p>Grad Rijeka bio je doma\u0107in druge po redu <a href=\"https:\/\/gbccroatia.org\/climbuild-climate-mitigation-in-heritage-b\/ponuda\/382\" target=\"_blank\" rel=\"noopener\">ClimBuild<\/a> radionice koje se odr\u017eavaju u tri grada (Koprivnica, Rijeka i Zagreb). Radionice u\u017eivo su nastavak <a href=\"https:\/\/gbccroatia.org\/besplatni-edukativni-program-renovacija-i\/ponuda\/398\" target=\"_blank\" rel=\"noopener\">jednomjese\u010dne provedene online radionice<\/a> u listopadu 2021. godine.<\/p>\n<p>Polaznicima radionice predstvljen je rad Croatia GBC-a te cjelokupni kontektst ClimBuild projekta, kao i dosad provedene projekne aktivnosti. Uvod radionice te predstavljanju 3 gra\u0111evine koje su poslu\u017eile kao studije slu\u010daja za obnovu, popratile su i Ravnateljica Direkcije za za\u0161titu i o\u010duvanje kulturnih dobara, gospo\u0111a Vlasta Lini\u0107 te vi\u0161a stru\u010dna suradnica za pripremu i provedbu projekta, gospo\u0111a Ksenija Bateli\u0107.<\/p>\n<p>15 sudionika radionice, imalo je prilike u\u017eivo obi\u0107i i pogledati 3 zgrade koje su za\u0161ti\u0107ena kulturna dobra &#8211; zgrada Fillodrammatice, zgrada Hrvatskog kulturnog doma na Su\u0161aku te zgradu Gradske Uprave na Titovom trgu kako bi s ne dobio kvalitetan uvid u stvarno stanje gra\u0111evina da bi se moglo predlagati konkretna rje\u0161enja za obnovu.<\/p>\n<p><img fetchpriority=\"high\" decoding=\"async\" class=\"alignnone wp-image-13563 size-large\" src=\"https:\/\/gbccroatia.org\/wp-content\/uploads\/2023\/09\/img_20220317_124136-1024x768.jpg\" alt=\"\" width=\"900\" height=\"675\" srcset=\"https:\/\/gbccroatia.org\/wp-content\/uploads\/2023\/09\/img_20220317_124136-1024x768.jpg 1024w, https:\/\/gbccroatia.org\/wp-content\/uploads\/2023\/09\/img_20220317_124136-300x225.jpg 300w, https:\/\/gbccroatia.org\/wp-content\/uploads\/2023\/09\/img_20220317_124136-768x576.jpg 768w, https:\/\/gbccroatia.org\/wp-content\/uploads\/2023\/09\/img_20220317_124136-1536x1152.jpg 1536w, https:\/\/gbccroatia.org\/wp-content\/uploads\/2023\/09\/img_20220317_124136-2048x1536.jpg 2048w\" sizes=\"(max-width: 900px) 100vw, 900px\" \/> <img decoding=\"async\" class=\"alignnone wp-image-13565 size-large\" src=\"https:\/\/gbccroatia.org\/wp-content\/uploads\/2023\/09\/20220317_132615-1024x768.jpg\" alt=\"\" width=\"900\" height=\"675\" srcset=\"https:\/\/gbccroatia.org\/wp-content\/uploads\/2023\/09\/20220317_132615-1024x768.jpg 1024w, https:\/\/gbccroatia.org\/wp-content\/uploads\/2023\/09\/20220317_132615-300x225.jpg 300w, https:\/\/gbccroatia.org\/wp-content\/uploads\/2023\/09\/20220317_132615-768x576.jpg 768w, https:\/\/gbccroatia.org\/wp-content\/uploads\/2023\/09\/20220317_132615-1536x1152.jpg 1536w, https:\/\/gbccroatia.org\/wp-content\/uploads\/2023\/09\/20220317_132615-2048x1536.jpg 2048w\" sizes=\"(max-width: 900px) 100vw, 900px\" \/><\/p>\n<p>Sudionici su bili podijeljeni u 3 grupe i svaka grupa je radila na smjernicama i prijedlozima obnove za jednu zgradu. Kao dodatna pomo\u0107 pri izradi ideja, polaznicima je predstavljen i algoritam za postizanje\u00a0<em>optimalnog opsega energetske obnove<\/em>. Algoritam uklju\u010duje odabir: izolacijske tehnologije, ventialcijskih sustava, tehnologije proizvodnje energije i sustava grijanja. Algoritam \u0107e biti sastavni dio zavr\u0161ne publikacije te \u0107e biti dostupan i online kada publikacija bude objavljena.<\/p>\n<p>&nbsp;<\/p>\n<p>Voditelji radionice su i ovaj put bili gospo\u0111a Mihaela Zamolo te Kemal Lojo te predstavnici Croatia GBC-a Ana \u0160enhold i Aleksandar Jelovac. Zavr\u0161noj prezentaciji uradaka polaznika, prisustvovali su pro\u010delnik za kulturu grada Rijeke &#8211; Ivan \u0160arar te vi\u0161a savjetnica gradona\u010delnika za enegergetiku ,gospo\u0111a Tajana Juki\u0107 Neznanovi\u0107.<\/p>\n<p><strong>Posljednja ClimBuild radionica odr\u017eat \u0107e se u Zagrebu 3. i 4. svibnja 2022. godine.<\/strong><\/p>\n<p><img decoding=\"async\" class=\"alignnone wp-image-13567 size-large\" src=\"https:\/\/gbccroatia.org\/wp-content\/uploads\/2023\/09\/img_20220317_102349-1024x768.jpg\" alt=\"\" width=\"900\" height=\"675\" srcset=\"https:\/\/gbccroatia.org\/wp-content\/uploads\/2023\/09\/img_20220317_102349-1024x768.jpg 1024w, https:\/\/gbccroatia.org\/wp-content\/uploads\/2023\/09\/img_20220317_102349-300x225.jpg 300w, https:\/\/gbccroatia.org\/wp-content\/uploads\/2023\/09\/img_20220317_102349-768x576.jpg 768w, https:\/\/gbccroatia.org\/wp-content\/uploads\/2023\/09\/img_20220317_102349-1536x1152.jpg 1536w, https:\/\/gbccroatia.org\/wp-content\/uploads\/2023\/09\/img_20220317_102349-2048x1536.jpg 2048w\" sizes=\"(max-width: 900px) 100vw, 900px\" \/><\/p>\n","protected":false},"excerpt":{"rendered":"<p>Grad Rijeka bio je doma\u0107in druge po redu ClimBuild radionice koje se odr\u017eavaju&#8230;<\/p>\n","protected":false},"author":1,"featured_media":11630,"comment_status":"open","ping_status":"open","sticky":false,"template":"","format":"standard","meta":{"footnotes":""},"categories":[71],"tags":[],"class_list":["post-17687","post","type-post","status-publish","format-standard","has-post-thumbnail","hentry","category-2022-en"],"acf":{"photo_gallery":{"galerija":[[]],"logo1_slike":[[],[]],"logo2_slike":[[],[],[]],"logo3_slike":[[],[],[],[]],"logo4_slike":[[],[],[],[],[]],"logo5_slike":[[],[],[],[],[],[]],"logo6_slike":[[],[],[],[],[],[],[]],"logo7_slike":[[],[],[],[],[],[],[],[]],"logo8_slike":[[],[],[],[],[],[],[],[],[]],"logo9_slike":[[],[],[],[],[],[],[],[],[],[]],"logo10_slike":[[],[],[],[],[],[],[],[],[],[],[]],"logo11_slike":[[],[],[],[],[],[],[],[],[],[],[],[]],"logo12_slike":[[],[],[],[],[],[],[],[],[],[],[],[],[]],"logo13_slike":[[],[],[],[],[],[],[],[],[],[],[],[],[],[]],"logo14_slike":[[],[],[],[],[],[],[],[],[],[],[],[],[],[],[]],"logo15_slike":[[],[],[],[],[],[],[],[],[],[],[],[],[],[],[],[]],"logo16_slike":[[],[],[],[],[],[],[],[],[],[],[],[],[],[],[],[],[]],"logo17_slike":[[],[],[],[],[],[],[],[],[],[],[],[],[],[],[],[],[],[]],"logo18_slike":[[],[],[],[],[],[],[],[],[],[],[],[],[],[],[],[],[],[],[]],"logo19_slike":[[],[],[],[],[],[],[],[],[],[],[],[],[],[],[],[],[],[],[],[]],"logo20_slike":[[],[],[],[],[],[],[],[],[],[],[],[],[],[],[],[],[],[],[],[],[]]}},"yoast_head":"<!-- This site is optimized with the Yoast SEO plugin v26.3 - https:\/\/yoast.com\/wordpress\/plugins\/seo\/ -->\n<title>Odr\u017eana dvodnevna radionica o obnovi zgrada kulturne ba\u0161tine u Gradu Rijeci - Hrvatski savjet za zelenu gradnju<\/title>\n<meta name=\"robots\" content=\"index, follow, max-snippet:-1, max-image-preview:large, max-video-preview:-1\" \/>\n<link rel=\"canonical\" href=\"https:\/\/gbccroatia.org\/odrzana-dvodnevna-radionica-o-obnovi-zgrada-kulturne-bastine-u-gradu-rijeci\/\" \/>\n<meta property=\"og:locale\" content=\"en_US\" \/>\n<meta property=\"og:type\" content=\"article\" \/>\n<meta property=\"og:title\" content=\"Odr\u017eana dvodnevna radionica o obnovi zgrada kulturne ba\u0161tine u Gradu Rijeci - Hrvatski savjet za zelenu gradnju\" \/>\n<meta property=\"og:description\" content=\"Grad Rijeka bio je doma\u0107in druge po redu ClimBuild radionice koje se odr\u017eavaju...\" \/>\n<meta property=\"og:url\" content=\"https:\/\/gbccroatia.org\/odrzana-dvodnevna-radionica-o-obnovi-zgrada-kulturne-bastine-u-gradu-rijeci\/\" \/>\n<meta property=\"og:site_name\" content=\"Hrvatski savjet za zelenu gradnju\" \/>\n<meta property=\"article:published_time\" content=\"2023-09-11T18:05:31+00:00\" \/>\n<meta property=\"og:image\" content=\"https:\/\/gbccroatia.org\/wp-content\/uploads\/2023\/09\/20220318_103359.jpg\" \/>\n\t<meta property=\"og:image:width\" content=\"1234\" \/>\n\t<meta property=\"og:image:height\" content=\"931\" \/>\n\t<meta property=\"og:image:type\" content=\"image\/jpeg\" \/>\n<meta name=\"author\" content=\"michelWP\" \/>\n<meta name=\"twitter:card\" content=\"summary_large_image\" \/>\n<meta name=\"twitter:label1\" content=\"Written by\" \/>\n\t<meta name=\"twitter:data1\" content=\"michelWP\" \/>\n\t<meta name=\"twitter:label2\" content=\"Est. reading time\" \/>\n\t<meta name=\"twitter:data2\" content=\"1 minute\" \/>\n<script type=\"application\/ld+json\" class=\"yoast-schema-graph\">{\"@context\":\"https:\/\/schema.org\",\"@graph\":[{\"@type\":\"WebPage\",\"@id\":\"https:\/\/gbccroatia.org\/odrzana-dvodnevna-radionica-o-obnovi-zgrada-kulturne-bastine-u-gradu-rijeci\/\",\"url\":\"https:\/\/gbccroatia.org\/odrzana-dvodnevna-radionica-o-obnovi-zgrada-kulturne-bastine-u-gradu-rijeci\/\",\"name\":\"Odr\u017eana dvodnevna radionica o obnovi zgrada kulturne ba\u0161tine u Gradu Rijeci - Hrvatski savjet za zelenu gradnju\",\"isPartOf\":{\"@id\":\"https:\/\/gbccroatia.org\/#website\"},\"primaryImageOfPage\":{\"@id\":\"https:\/\/gbccroatia.org\/odrzana-dvodnevna-radionica-o-obnovi-zgrada-kulturne-bastine-u-gradu-rijeci\/#primaryimage\"},\"image\":{\"@id\":\"https:\/\/gbccroatia.org\/odrzana-dvodnevna-radionica-o-obnovi-zgrada-kulturne-bastine-u-gradu-rijeci\/#primaryimage\"},\"thumbnailUrl\":\"https:\/\/gbccroatia.org\/wp-content\/uploads\/2023\/09\/20220318_103359.jpg\",\"datePublished\":\"2023-09-11T18:05:31+00:00\",\"author\":{\"@id\":\"https:\/\/gbccroatia.org\/#\/schema\/person\/2ee378f32578f974b44a9807dbc22176\"},\"breadcrumb\":{\"@id\":\"https:\/\/gbccroatia.org\/odrzana-dvodnevna-radionica-o-obnovi-zgrada-kulturne-bastine-u-gradu-rijeci\/#breadcrumb\"},\"inLanguage\":\"en-US\",\"potentialAction\":[{\"@type\":\"ReadAction\",\"target\":[\"https:\/\/gbccroatia.org\/odrzana-dvodnevna-radionica-o-obnovi-zgrada-kulturne-bastine-u-gradu-rijeci\/\"]}]},{\"@type\":\"ImageObject\",\"inLanguage\":\"en-US\",\"@id\":\"https:\/\/gbccroatia.org\/odrzana-dvodnevna-radionica-o-obnovi-zgrada-kulturne-bastine-u-gradu-rijeci\/#primaryimage\",\"url\":\"https:\/\/gbccroatia.org\/wp-content\/uploads\/2023\/09\/20220318_103359.jpg\",\"contentUrl\":\"https:\/\/gbccroatia.org\/wp-content\/uploads\/2023\/09\/20220318_103359.jpg\",\"width\":1234,\"height\":931},{\"@type\":\"BreadcrumbList\",\"@id\":\"https:\/\/gbccroatia.org\/odrzana-dvodnevna-radionica-o-obnovi-zgrada-kulturne-bastine-u-gradu-rijeci\/#breadcrumb\",\"itemListElement\":[{\"@type\":\"ListItem\",\"position\":1,\"name\":\"Po\u010detna stranica\",\"item\":\"https:\/\/gbccroatia.org\/\"},{\"@type\":\"ListItem\",\"position\":2,\"name\":\"Odr\u017eana dvodnevna radionica o obnovi zgrada kulturne ba\u0161tine u Gradu Rijeci\"}]},{\"@type\":\"WebSite\",\"@id\":\"https:\/\/gbccroatia.org\/#website\",\"url\":\"https:\/\/gbccroatia.org\/\",\"name\":\"Hrvatski savjet za zelenu gradnju\",\"description\":\"Zelena gradnja u srcu europske budu\u0107nosti\",\"potentialAction\":[{\"@type\":\"SearchAction\",\"target\":{\"@type\":\"EntryPoint\",\"urlTemplate\":\"https:\/\/gbccroatia.org\/?s={search_term_string}\"},\"query-input\":{\"@type\":\"PropertyValueSpecification\",\"valueRequired\":true,\"valueName\":\"search_term_string\"}}],\"inLanguage\":\"en-US\"},{\"@type\":\"Person\",\"@id\":\"https:\/\/gbccroatia.org\/#\/schema\/person\/2ee378f32578f974b44a9807dbc22176\",\"name\":\"michelWP\",\"image\":{\"@type\":\"ImageObject\",\"inLanguage\":\"en-US\",\"@id\":\"https:\/\/gbccroatia.org\/#\/schema\/person\/image\/\",\"url\":\"https:\/\/secure.gravatar.com\/avatar\/2396f1895e66c15a2dc32b7a2cb4bda7cf5792712bfe8117f20e3109b7447481?s=96&d=mm&r=g\",\"contentUrl\":\"https:\/\/secure.gravatar.com\/avatar\/2396f1895e66c15a2dc32b7a2cb4bda7cf5792712bfe8117f20e3109b7447481?s=96&d=mm&r=g\",\"caption\":\"michelWP\"},\"sameAs\":[\"https:\/\/gbccroatia.org\"],\"url\":\"https:\/\/gbccroatia.org\/en\/author\/michelwp\/\"}]}<\/script>\n<!-- \/ Yoast SEO plugin. -->","yoast_head_json":{"title":"Odr\u017eana dvodnevna radionica o obnovi zgrada kulturne ba\u0161tine u Gradu Rijeci - Hrvatski savjet za zelenu gradnju","robots":{"index":"index","follow":"follow","max-snippet":"max-snippet:-1","max-image-preview":"max-image-preview:large","max-video-preview":"max-video-preview:-1"},"canonical":"https:\/\/gbccroatia.org\/odrzana-dvodnevna-radionica-o-obnovi-zgrada-kulturne-bastine-u-gradu-rijeci\/","og_locale":"en_US","og_type":"article","og_title":"Odr\u017eana dvodnevna radionica o obnovi zgrada kulturne ba\u0161tine u Gradu Rijeci - Hrvatski savjet za zelenu gradnju","og_description":"Grad Rijeka bio je doma\u0107in druge po redu ClimBuild radionice koje se odr\u017eavaju...","og_url":"https:\/\/gbccroatia.org\/odrzana-dvodnevna-radionica-o-obnovi-zgrada-kulturne-bastine-u-gradu-rijeci\/","og_site_name":"Hrvatski savjet za zelenu gradnju","article_published_time":"2023-09-11T18:05:31+00:00","og_image":[{"width":1234,"height":931,"url":"https:\/\/gbccroatia.org\/wp-content\/uploads\/2023\/09\/20220318_103359.jpg","type":"image\/jpeg"}],"author":"michelWP","twitter_card":"summary_large_image","twitter_misc":{"Written by":"michelWP","Est. reading time":"1 minute"},"schema":{"@context":"https:\/\/schema.org","@graph":[{"@type":"WebPage","@id":"https:\/\/gbccroatia.org\/odrzana-dvodnevna-radionica-o-obnovi-zgrada-kulturne-bastine-u-gradu-rijeci\/","url":"https:\/\/gbccroatia.org\/odrzana-dvodnevna-radionica-o-obnovi-zgrada-kulturne-bastine-u-gradu-rijeci\/","name":"Odr\u017eana dvodnevna radionica o obnovi zgrada kulturne ba\u0161tine u Gradu Rijeci - Hrvatski savjet za zelenu gradnju","isPartOf":{"@id":"https:\/\/gbccroatia.org\/#website"},"primaryImageOfPage":{"@id":"https:\/\/gbccroatia.org\/odrzana-dvodnevna-radionica-o-obnovi-zgrada-kulturne-bastine-u-gradu-rijeci\/#primaryimage"},"image":{"@id":"https:\/\/gbccroatia.org\/odrzana-dvodnevna-radionica-o-obnovi-zgrada-kulturne-bastine-u-gradu-rijeci\/#primaryimage"},"thumbnailUrl":"https:\/\/gbccroatia.org\/wp-content\/uploads\/2023\/09\/20220318_103359.jpg","datePublished":"2023-09-11T18:05:31+00:00","author":{"@id":"https:\/\/gbccroatia.org\/#\/schema\/person\/2ee378f32578f974b44a9807dbc22176"},"breadcrumb":{"@id":"https:\/\/gbccroatia.org\/odrzana-dvodnevna-radionica-o-obnovi-zgrada-kulturne-bastine-u-gradu-rijeci\/#breadcrumb"},"inLanguage":"en-US","potentialAction":[{"@type":"ReadAction","target":["https:\/\/gbccroatia.org\/odrzana-dvodnevna-radionica-o-obnovi-zgrada-kulturne-bastine-u-gradu-rijeci\/"]}]},{"@type":"ImageObject","inLanguage":"en-US","@id":"https:\/\/gbccroatia.org\/odrzana-dvodnevna-radionica-o-obnovi-zgrada-kulturne-bastine-u-gradu-rijeci\/#primaryimage","url":"https:\/\/gbccroatia.org\/wp-content\/uploads\/2023\/09\/20220318_103359.jpg","contentUrl":"https:\/\/gbccroatia.org\/wp-content\/uploads\/2023\/09\/20220318_103359.jpg","width":1234,"height":931},{"@type":"BreadcrumbList","@id":"https:\/\/gbccroatia.org\/odrzana-dvodnevna-radionica-o-obnovi-zgrada-kulturne-bastine-u-gradu-rijeci\/#breadcrumb","itemListElement":[{"@type":"ListItem","position":1,"name":"Po\u010detna stranica","item":"https:\/\/gbccroatia.org\/"},{"@type":"ListItem","position":2,"name":"Odr\u017eana dvodnevna radionica o obnovi zgrada kulturne ba\u0161tine u Gradu Rijeci"}]},{"@type":"WebSite","@id":"https:\/\/gbccroatia.org\/#website","url":"https:\/\/gbccroatia.org\/","name":"Hrvatski savjet za zelenu gradnju","description":"Zelena gradnja u srcu europske budu\u0107nosti","potentialAction":[{"@type":"SearchAction","target":{"@type":"EntryPoint","urlTemplate":"https:\/\/gbccroatia.org\/?s={search_term_string}"},"query-input":{"@type":"PropertyValueSpecification","valueRequired":true,"valueName":"search_term_string"}}],"inLanguage":"en-US"},{"@type":"Person","@id":"https:\/\/gbccroatia.org\/#\/schema\/person\/2ee378f32578f974b44a9807dbc22176","name":"michelWP","image":{"@type":"ImageObject","inLanguage":"en-US","@id":"https:\/\/gbccroatia.org\/#\/schema\/person\/image\/","url":"https:\/\/secure.gravatar.com\/avatar\/2396f1895e66c15a2dc32b7a2cb4bda7cf5792712bfe8117f20e3109b7447481?s=96&d=mm&r=g","contentUrl":"https:\/\/secure.gravatar.com\/avatar\/2396f1895e66c15a2dc32b7a2cb4bda7cf5792712bfe8117f20e3109b7447481?s=96&d=mm&r=g","caption":"michelWP"},"sameAs":["https:\/\/gbccroatia.org"],"url":"https:\/\/gbccroatia.org\/en\/author\/michelwp\/"}]}},"_links":{"self":[{"href":"https:\/\/gbccroatia.org\/en\/wp-json\/wp\/v2\/posts\/17687","targetHints":{"allow":["GET"]}}],"collection":[{"href":"https:\/\/gbccroatia.org\/en\/wp-json\/wp\/v2\/posts"}],"about":[{"href":"https:\/\/gbccroatia.org\/en\/wp-json\/wp\/v2\/types\/post"}],"author":[{"embeddable":true,"href":"https:\/\/gbccroatia.org\/en\/wp-json\/wp\/v2\/users\/1"}],"replies":[{"embeddable":true,"href":"https:\/\/gbccroatia.org\/en\/wp-json\/wp\/v2\/comments?post=17687"}],"version-history":[{"count":0,"href":"https:\/\/gbccroatia.org\/en\/wp-json\/wp\/v2\/posts\/17687\/revisions"}],"wp:featuredmedia":[{"embeddable":true,"href":"https:\/\/gbccroatia.org\/en\/wp-json\/wp\/v2\/media\/11630"}],"wp:attachment":[{"href":"https:\/\/gbccroatia.org\/en\/wp-json\/wp\/v2\/media?parent=17687"}],"wp:term":[{"taxonomy":"category","embeddable":true,"href":"https:\/\/gbccroatia.org\/en\/wp-json\/wp\/v2\/categories?post=17687"},{"taxonomy":"post_tag","embeddable":true,"href":"https:\/\/gbccroatia.org\/en\/wp-json\/wp\/v2\/tags?post=17687"}],"curies":[{"name":"wp","href":"https:\/\/api.w.org\/{rel}","templated":true}]}}