{"id":17696,"date":"2023-09-11T15:28:23","date_gmt":"2023-09-11T15:28:23","guid":{"rendered":"https:\/\/gbccroatia.org\/konferencija-o-potresu-i-kulturnoj-bastini-u-gbc-organizaciji-okupila-800-strucnjaka\/"},"modified":"2023-09-11T15:28:23","modified_gmt":"2023-09-11T15:28:23","slug":"konferencija-o-potresu-i-kulturnoj-bastini-u-gbc-organizaciji-okupila-800-strucnjaka","status":"publish","type":"post","link":"https:\/\/gbccroatia.org\/en\/konferencija-o-potresu-i-kulturnoj-bastini-u-gbc-organizaciji-okupila-800-strucnjaka\/","title":{"rendered":"Konferencija o potresu i kulturnoj ba\u0161tini, u GBC organizaciji, okupila 800 stru\u010dnjaka"},"content":{"rendered":"<p class=\"text-justify\">Hrvatski savjet za zelenu gradnju organizator je izrazito uspje\u0161ne Konferencije o potresu i zgradama za\u0161ti\u0107ene kulturne ba\u0161tine, koja se odr\u017eala 3. o\u017eujka 2022. godine, u digitalnom formatu, od 09:00 \u2013 15:00 sati.<\/p>\n<p class=\"text-justify\">Konferencija je okupila preko 800 sudionika koji su cijeli dan imali prilike slu\u0161ati najnovije informacije vezane uz teme: post-potresne obnove zgrada pod kulturnom za\u0161titom, konzervatorske smjernice, primjere uspje\u0161ne obnove, primjene novih tehnologija, potresne otpornosti i energetske u\u010dinkovitosti.<\/p>\n<p class=\"text-justify\">Institucionalni partneri konferencije bili su: Ministarstvo kulture i medija te Ministarstvo prostornoga ure\u0111enja, graditeljstva i dr\u017eavne imovine, a zeleni partner Fond za za\u0161titu okoli\u0161a i energetsku u\u010dinkovitost.<\/p>\n<p class=\"text-justify\">Nakon dviju stru\u010dnih prezentacija Ministarstva, jedne koja je otkrila izazove obnove graditeljskog naslje\u0111a nakon potresa i druge u okviru koje je prezentiran program energetske obnove zgrada, uslijedila je izrazito zanimljiva panel rasprava.<\/p>\n<p><img fetchpriority=\"high\" decoding=\"async\" class=\"alignnone wp-image-13537 size-full\" src=\"https:\/\/gbccroatia.org\/wp-content\/uploads\/2023\/09\/panelisti_zajednicka-3_3_2022.jpg\" alt=\"\" width=\"746\" height=\"510\" srcset=\"https:\/\/gbccroatia.org\/wp-content\/uploads\/2023\/09\/panelisti_zajednicka-3_3_2022.jpg 746w, https:\/\/gbccroatia.org\/wp-content\/uploads\/2023\/09\/panelisti_zajednicka-3_3_2022-300x205.jpg 300w\" sizes=\"(max-width: 746px) 100vw, 746px\" \/><\/p>\n<p class=\"text-justify\">Panel \u201ePost-potresna obnova vi\u0161estambenih zgrada pod kulturnom za\u0161titom &#8211; privilegija, pravo, obaveza ili odgovornost?\u201c moderirala je Vedrana Likan. Na panelu su se okupili predstavnici najrelevantnijih institucija te su zajedni\u010dki raspravljali o klju\u010dnim pitanjima i aktualnim temama. Na panel su se odazvali sljede\u0107i govornici:<\/p>\n<p>&nbsp;<\/p>\n<ul>\n<li>Irena Kri\u017e \u0160elendi\u0107, dipl.ing.gra\u0111., v.d. ravnatelja, Ministarstvo prostornoga ure\u0111enja graditeljstva i dr\u017eavne imovine<\/li>\n<li>Davor Trupkovi\u0107, dipl. ing. arh., glavni konzervator, Ministarstvo kulture i medija<\/li>\n<li>sc. Luka Korlaet, dipl.ing.arh., zamjenik gradona\u010delnika Grada Zagreba<\/li>\n<li>Marijana Sironi\u0107, dipl.ing.arh., pro\u010delnica Gradskog zavoda za za\u0161titu spomenika i kulture<\/li>\n<li>Bo\u017eana Ojvan-Soldo, dipl.ing.gra\u0111., savjetnik ravnatelja, Fond za obnovu<\/li>\n<li>Domagoj \u0160e\u0161ok, direktor tehni\u010dkog sektora, GSKG<\/li>\n<li>Igor Kordi\u0107, predstavnik suvlasnika, Sva\u010di\u0107ev trg \u2013 Ku\u0107a Slavex, arh. Viktor Kova\u010di\u0107<\/li>\n<\/ul>\n<p>&nbsp;<\/p>\n<p class=\"text-justify\">Nakon izrazito zanimljive i konstruktivne rasprave u nastavku programa Konferencije uslijedilo je nekoliko stru\u010dnih prezentacija GBC \u010dlanova \u2013 Mapei, Baumit, Ytong i Alu K\u00f6nig Stahl, koje su pokazale inovativna tehni\u010dka rje\u0161enja, kvalitetne materijale te primjere uspje\u0161ne obnove za\u0161ti\u0107enih zgrada. Kroz prezentaciju Fonda za za\u0161titu okoli\u0161a i energetsku u\u010dinkovitost saznalo se vi\u0161e o mjerama gospodarenja otpadom na potresom pogo\u0111enom podru\u010dju.<\/p>\n<p class=\"text-justify\">Nadalje, program se nastavio kroz jo\u0161 2 stru\u010dne prezentacije, koje su se bavile izazovima i prilikama cjelovite obnove te konstrukcijskim odlukama kada se radi o za\u0161ti\u0107enim zgradama.<\/p>\n<p class=\"text-justify\">Tako\u0111er, prezentiran je ClimBuild projekt koji Savjet trenutno provodi, a predstavljena su i 3 izvrsna primjera dobre prakse &#8211; \u00a0Grad Dubrovnik, potresom pogo\u0111ena podru\u010dja u Sloveniji i Italiji s naglaskom na zgrade za\u0161ti\u0107ene kulturne ba\u0161tine.<\/p>\n<p class=\"text-justify\">Glavni sponzori konferencije bili su: Mapei Croatia, Baumit, Ytong porobeton te Alu K\u00f6nig Stahl.<\/p>\n<p class=\"text-justify\">Stru\u010dni partner Konferencije bila je Hrvatska udruga proizvo\u0111a\u010da toplinsko-fasadnih sustava, a srebrni sponzor tvrtka Saint-Gobain.<\/p>\n<p class=\"text-justify\">Konferenciji su podr\u0161ku dali i brojni pokrovitelji, projekti i medijski partneri.<\/p>\n<p class=\"font-size-l\"><strong>ORGANIZATOR\u00a0 \u00a0 \u00a0 \u00a0 \u00a0 \u00a0 \u00a0 \u00a0 \u00a0 \u00a0 \u00a0ZELENI PARTNER<\/strong><\/p>\n<p><img decoding=\"async\" src=\"https:\/\/gbccroatia.org\/storage\/uploads\/editor\/logo1_en_2.jpg\" alt=\"\" width=\"161\" height=\"94\" \/>\u00a0 \u00a0 \u00a0 \u00a0 \u00a0 \u00a0\u00a0<a title=\"FZOEU\" href=\"http:\/\/www.fzoeu.hr\/\" target=\"_blank\" rel=\"noopener\">\u00a0 \u00a0<img decoding=\"async\" title=\"Fond za za\u0161titu okoli\u0161a i energetsku u\u010dinkovitost\" src=\"https:\/\/gbccroatia.org\/storage\/uploads\/editor\/logofonda.jpg\" alt=\"Fond za za\u0161titu okoli\u0161a i energetsku u\u010dinkovitost\" width=\"143\" height=\"87\" \/><\/a><\/p>\n<p>&nbsp;<\/p>\n<p class=\"font-size-l\"><strong>STRU\u010cNI PARTNER<\/strong><\/p>\n<p class=\"font-size-l\"><img loading=\"lazy\" decoding=\"async\" class=\"alignnone size-full wp-image-13484\" src=\"https:\/\/gbccroatia.org\/wp-content\/uploads\/2023\/09\/hupfas_1.png\" alt=\"\" width=\"150\" height=\"38\" \/><\/p>\n<p class=\"font-size-l\"><strong>GLAVNI INSTITUCIONALNI POKROVITELJI<\/strong><\/p>\n<p class=\"font-size-l\"><strong><a href=\"https:\/\/mgipu.gov.hr\/\" target=\"_blank\" rel=\"noopener\"><img loading=\"lazy\" decoding=\"async\" src=\"https:\/\/gbccroatia.org\/storage\/uploads\/editor\/mpgi_1.png\" alt=\"\" width=\"428\" height=\"88\" \/><\/a><\/strong> <a href=\"https:\/\/min-kulture.gov.hr\/\"><img loading=\"lazy\" decoding=\"async\" class=\"alignnone wp-image-13540 \" src=\"https:\/\/gbccroatia.org\/wp-content\/uploads\/2023\/09\/mkm-logo-275x300.jpg\" alt=\"\" width=\"135\" height=\"147\" srcset=\"https:\/\/gbccroatia.org\/wp-content\/uploads\/2023\/09\/mkm-logo-275x300.jpg 275w, https:\/\/gbccroatia.org\/wp-content\/uploads\/2023\/09\/mkm-logo.jpg 600w\" sizes=\"(max-width: 135px) 100vw, 135px\" \/><\/a><\/p>\n<p class=\"font-size-l\"><strong>POKROVITELJI\u00a0\u00a0<\/strong><\/p>\n<table width=\"682\">\n<tbody>\n<tr>\n<td><strong><a href=\"https:\/\/www.udruga-gradova.hr\/\" target=\"_blank\" rel=\"noopener\"><img loading=\"lazy\" decoding=\"async\" src=\"https:\/\/gbccroatia.org\/storage\/uploads\/editor\/udruga-gradova-logo.jpg\" alt=\"\" width=\"148\" height=\"113\" \/><\/a><\/strong><\/td>\n<td><strong><a title=\"Hrvatska zajednica \u017eupanija\" href=\"https:\/\/www.hrvzz.hr\/\" target=\"_blank\" rel=\"noopener\"><img loading=\"lazy\" decoding=\"async\" title=\"Hrvatska zajednica \u017eupanija\" src=\"https:\/\/hrvatski-savjet-640.demo.startcomms.com\/storage\/uploads\/editor\/hzz.png\" alt=\"Hrvatska zajednica \u017eupanija\" width=\"310\" height=\"70\" \/><\/a><\/strong><\/td>\n<td><strong><a href=\"https:\/\/www.hgk.hr\/\" target=\"_blank\" rel=\"noopener\"><img loading=\"lazy\" decoding=\"async\" src=\"https:\/\/gbccroatia.org\/storage\/uploads\/editor\/hgk_logo_1.png\" alt=\"\" width=\"109\" height=\"130\" \/><\/a><\/strong><\/td>\n<\/tr>\n<tr>\n<td><a href=\"https:\/\/www.arhitekti-hka.hr\/\" target=\"_blank\" rel=\"noopener\"><img loading=\"lazy\" decoding=\"async\" class=\"alignnone wp-image-9984 size-medium\" src=\"https:\/\/gbccroatia.org\/wp-content\/uploads\/2023\/09\/hka_logo_1_rodjendan-300x150.jpg\" alt=\"\" width=\"300\" height=\"150\" srcset=\"https:\/\/gbccroatia.org\/wp-content\/uploads\/2023\/09\/hka_logo_1_rodjendan-300x150.jpg 300w, https:\/\/gbccroatia.org\/wp-content\/uploads\/2023\/09\/hka_logo_1_rodjendan.jpg 590w\" sizes=\"(max-width: 300px) 100vw, 300px\" \/><\/a><\/td>\n<td><a title=\"Hrvatska zajednica \u017eupanija\" href=\"https:\/\/www.hkig.hr\/\" target=\"_blank\" rel=\"noopener\"><img loading=\"lazy\" decoding=\"async\" class=\"alignnone wp-image-9980 size-medium\" src=\"https:\/\/gbccroatia.org\/wp-content\/uploads\/2023\/09\/hkig_1_1-300x187.jpg\" alt=\"\" width=\"300\" height=\"187\" srcset=\"https:\/\/gbccroatia.org\/wp-content\/uploads\/2023\/09\/hkig_1_1-300x187.jpg 300w, https:\/\/gbccroatia.org\/wp-content\/uploads\/2023\/09\/hkig_1_1.jpg 700w\" sizes=\"(max-width: 300px) 100vw, 300px\" \/><\/a><\/td>\n<td><\/td>\n<\/tr>\n<\/tbody>\n<\/table>\n<p class=\"font-size-l\"><strong>GLAVNI SPONZORI<\/strong><\/p>\n<div>\n<table width=\"637\">\n<tbody>\n<tr>\n<td><a href=\"https:\/\/www.alukoenigstahl.hr\/hr\/\" target=\"_blank\" rel=\"noopener\"><img loading=\"lazy\" decoding=\"async\" src=\"https:\/\/gbccroatia.org\/storage\/uploads\/editor\/aks-2022-malo.png\" alt=\"\" width=\"300\" height=\"85\" \/><\/a><\/td>\n<td><a href=\"https:\/\/www.mapei.com\/hr\/hr\/pocetna-stranica\"><img loading=\"lazy\" decoding=\"async\" class=\"alignnone wp-image-9976 size-medium\" src=\"https:\/\/gbccroatia.org\/wp-content\/uploads\/2023\/09\/mapeilogo_blue_2-300x75.jpg\" alt=\"\" width=\"300\" height=\"75\" srcset=\"https:\/\/gbccroatia.org\/wp-content\/uploads\/2023\/09\/mapeilogo_blue_2-300x75.jpg 300w, https:\/\/gbccroatia.org\/wp-content\/uploads\/2023\/09\/mapeilogo_blue_2-1024x256.jpg 1024w, https:\/\/gbccroatia.org\/wp-content\/uploads\/2023\/09\/mapeilogo_blue_2-768x192.jpg 768w, https:\/\/gbccroatia.org\/wp-content\/uploads\/2023\/09\/mapeilogo_blue_2.jpg 1417w\" sizes=\"(max-width: 300px) 100vw, 300px\" \/><\/a><\/td>\n<td><\/td>\n<\/tr>\n<tr>\n<td><a href=\"https:\/\/www.ytong.hr\/\" target=\"_blank\" rel=\"noopener\"><img loading=\"lazy\" decoding=\"async\" src=\"https:\/\/gbccroatia.org\/storage\/uploads\/editor\/ytong-2022_2.jpg\" alt=\"\" width=\"314\" height=\"108\" \/><\/a><\/td>\n<td><a href=\"https:\/\/baumit.hr\/\" target=\"_blank\" rel=\"noopener\"><img loading=\"lazy\" decoding=\"async\" src=\"https:\/\/gbccroatia.org\/storage\/uploads\/editor\/baumit-2021_3.png\" alt=\"\" width=\"115\" height=\"104\" \/><\/a><\/td>\n<td><\/td>\n<\/tr>\n<\/tbody>\n<\/table>\n<\/div>\n<div><\/div>\n<div>\n<p class=\"font-size-l\"><strong>SREBRNI SPONZOR<\/strong><\/p>\n<p class=\"font-size-l\"><a href=\"https:\/\/www.saint-gobain.hr\/\"><img loading=\"lazy\" decoding=\"async\" class=\"alignnone wp-image-13188 size-full\" src=\"https:\/\/gbccroatia.org\/wp-content\/uploads\/2023\/09\/saintgobain_1.jpeg\" alt=\"\" width=\"272\" height=\"114\" \/><\/a><\/p>\n<p class=\"font-size-l\"><strong>UZ PODR\u0160KU<\/strong><\/p>\n<\/div>\n<div><\/div>\n<div><\/div>\n<div>\n<table width=\"662\">\n<tbody>\n<tr>\n<td><img loading=\"lazy\" decoding=\"async\" src=\"https:\/\/ws6dae05.cdn.startcomms.com\/storage\/uploads\/dizajn-bez-naslova.png\" width=\"211\" height=\"140\" \/><\/td>\n<td><a href=\"https:\/\/gbccroatia.org\/building-life\/ponuda\/386\" target=\"_blank\" rel=\"noopener\"><img loading=\"lazy\" decoding=\"async\" src=\"https:\/\/gbccroatia.org\/storage\/uploads\/editor\/buildinglife-logo-stacked-navy.png\" alt=\"\" width=\"213\" height=\"120\" \/><\/a><\/td>\n<td><a title=\"LIFE LEVEL(s)\" href=\"https:\/\/lifelevels.eu\/\" target=\"_blank\" rel=\"noopener\"><img loading=\"lazy\" decoding=\"async\" src=\"https:\/\/gbccroatia.org\/storage\/uploads\/editor\/lifelevelslogo.jpg\" alt=\"\" width=\"226\" height=\"111\" \/><\/a><\/td>\n<\/tr>\n<tr>\n<td><a href=\"https:\/\/gbccroatia.org\/climbuild-climate-mitigation-in-heritage-b\/ponuda\/382\"><img loading=\"lazy\" decoding=\"async\" class=\"alignnone wp-image-13482 size-full\" src=\"https:\/\/gbccroatia.org\/wp-content\/uploads\/2023\/09\/climbuild-logotip-1.png\" alt=\"\" width=\"169\" height=\"118\" \/><\/a><\/td>\n<td><a href=\"https:\/\/gbccroatia.org\/retrofit-hub-kako-se-prijaviti-na-natjecaj\/blog\/612\" target=\"_blank\" rel=\"noopener\"><img loading=\"lazy\" decoding=\"async\" src=\"https:\/\/gbccroatia.org\/storage\/uploads\/editor\/logo-retrofi-2-1.png\" alt=\"\" width=\"184\" height=\"138\" \/><\/a><\/td>\n<td><img loading=\"lazy\" decoding=\"async\" src=\"https:\/\/ws6dae05.cdn.startcomms.com\/storage\/uploads\/offers\/probono-za-web_jpg.jpg\" width=\"197\" height=\"131\" \/><\/td>\n<\/tr>\n<\/tbody>\n<\/table>\n<p class=\"font-size-l\"><strong>MEDIJSKI POKRIVAJU<\/strong><\/p>\n<table width=\"667\">\n<tbody>\n<tr>\n<td><img loading=\"lazy\" decoding=\"async\" src=\"https:\/\/gbccroatia.org\/storage\/uploads\/editor\/gradimo-zadar-2017.png\" alt=\"Gradimo Zadar\" width=\"101\" height=\"58\" \/><\/td>\n<td><a title=\"egradnja\" href=\"https:\/\/egradnja.hr\/\" target=\"_blank\" rel=\"noopener\"><img loading=\"lazy\" decoding=\"async\" src=\"https:\/\/hrvatski-savjet-640.demo.startcomms.com\/storage\/uploads\/editor\/egradnja-logotip.png\" alt=\"\" width=\"208\" height=\"77\" \/><\/a><\/td>\n<td><a href=\"http:\/\/www.em.com.hr\/ege\/naslovna\" target=\"_blank\" rel=\"noopener\"><img loading=\"lazy\" decoding=\"async\" src=\"https:\/\/gbccroatia.org\/storage\/uploads\/editor\/ege-2020.png\" alt=\"\" width=\"130\" height=\"47\" \/><\/a><\/td>\n<td><img loading=\"lazy\" decoding=\"async\" src=\"https:\/\/gbccroatia.org\/storage\/uploads\/editor\/webgradnja_2.jpg\" alt=\"\" width=\"170\" height=\"54\" \/><\/td>\n<\/tr>\n<tr>\n<td><a href=\"https:\/\/www.mineral.com.hr\/\" target=\"_blank\" rel=\"noopener\"><img loading=\"lazy\" decoding=\"async\" src=\"https:\/\/gbccroatia.org\/storage\/uploads\/editor\/mineral-logo-5da0821e97d98-5da0821e980f6.jpg\" alt=\"\" width=\"157\" height=\"43\" \/><\/a><\/td>\n<td><img loading=\"lazy\" decoding=\"async\" src=\"https:\/\/gbccroatia.org\/storage\/uploads\/editor\/gradevinar.jpg\" alt=\"GRA\u0110EVINAR\" width=\"181\" height=\"26\" \/><\/td>\n<td><a href=\"https:\/\/www.progradnja.hr\/\" target=\"_blank\" rel=\"noopener\"><img loading=\"lazy\" decoding=\"async\" src=\"https:\/\/gbccroatia.org\/storage\/uploads\/editor\/logotip-gradnja-2.jpg\" alt=\"\" width=\"189\" height=\"40\" \/><\/a><\/td>\n<td><img loading=\"lazy\" decoding=\"async\" src=\"https:\/\/gbccroatia.org\/storage\/uploads\/editor\/hausbau.jpg\" alt=\"\" width=\"148\" height=\"39\" \/><\/td>\n<\/tr>\n<tr>\n<td><img loading=\"lazy\" decoding=\"async\" src=\"https:\/\/gbccroatia.org\/storage\/uploads\/editor\/tocka_na_i_hr_logo_slogan.jpg\" alt=\"\" width=\"153\" height=\"39\" \/><\/td>\n<td><a href=\"https:\/\/www.prozorivrata.com\/hr\/teme\/casopis-prozorivrata\/\" target=\"_blank\" rel=\"noopener\"><img loading=\"lazy\" decoding=\"async\" src=\"https:\/\/gbccroatia.org\/storage\/uploads\/editor\/prozorivrata-hrv-logo-585px.jpg\" alt=\"\" width=\"174\" height=\"41\" \/><\/a><\/td>\n<td><a href=\"https:\/\/www.zgradonacelnik.hr\/\" target=\"_blank\" rel=\"noopener\"><img loading=\"lazy\" decoding=\"async\" src=\"https:\/\/gbccroatia.org\/storage\/uploads\/editor\/logo_1.png\" alt=\"\" width=\"125\" height=\"54\" \/><\/a><\/td>\n<td><a href=\"https:\/\/korak.com.hr\/\" target=\"_blank\" rel=\"noopener\"><img loading=\"lazy\" decoding=\"async\" src=\"https:\/\/gbccroatia.org\/storage\/uploads\/editor\/korak-logo.png\" alt=\"\" width=\"134\" height=\"44\" \/><\/a><\/td>\n<\/tr>\n<tr>\n<td><img loading=\"lazy\" decoding=\"async\" src=\"https:\/\/gbccroatia.org\/storage\/uploads\/editor\/g-o.png\" alt=\"\" width=\"178\" height=\"27\" \/> <a href=\"https:\/\/www.gradimo.hr\/\"><img loading=\"lazy\" decoding=\"async\" class=\"alignnone wp-image-13480 \" src=\"https:\/\/gbccroatia.org\/wp-content\/uploads\/2023\/09\/gradimo-hr.png\" alt=\"\" width=\"162\" height=\"48\" \/><\/a><\/td>\n<\/tr>\n<\/tbody>\n<\/table>\n<\/div>\n","protected":false},"excerpt":{"rendered":"<p>Hrvatski savjet za zelenu gradnju organizator je izrazito uspje\u0161ne Konferencije&#8230;<\/p>\n","protected":false},"author":1,"featured_media":11621,"comment_status":"open","ping_status":"open","sticky":false,"template":"","format":"standard","meta":{"footnotes":""},"categories":[71],"tags":[],"class_list":["post-17696","post","type-post","status-publish","format-standard","has-post-thumbnail","hentry","category-2022-en"],"acf":{"photo_gallery":{"galerija":[[]],"logo1_slike":[[],[]],"logo2_slike":[[],[],[]],"logo3_slike":[[],[],[],[]],"logo4_slike":[[],[],[],[],[]],"logo5_slike":[[],[],[],[],[],[]],"logo6_slike":[[],[],[],[],[],[],[]],"logo7_slike":[[],[],[],[],[],[],[],[]],"logo8_slike":[[],[],[],[],[],[],[],[],[]],"logo9_slike":[[],[],[],[],[],[],[],[],[],[]],"logo10_slike":[[],[],[],[],[],[],[],[],[],[],[]],"logo11_slike":[[],[],[],[],[],[],[],[],[],[],[],[]],"logo12_slike":[[],[],[],[],[],[],[],[],[],[],[],[],[]],"logo13_slike":[[],[],[],[],[],[],[],[],[],[],[],[],[],[]],"logo14_slike":[[],[],[],[],[],[],[],[],[],[],[],[],[],[],[]],"logo15_slike":[[],[],[],[],[],[],[],[],[],[],[],[],[],[],[],[]],"logo16_slike":[[],[],[],[],[],[],[],[],[],[],[],[],[],[],[],[],[]],"logo17_slike":[[],[],[],[],[],[],[],[],[],[],[],[],[],[],[],[],[],[]],"logo18_slike":[[],[],[],[],[],[],[],[],[],[],[],[],[],[],[],[],[],[],[]],"logo19_slike":[[],[],[],[],[],[],[],[],[],[],[],[],[],[],[],[],[],[],[],[]],"logo20_slike":[[],[],[],[],[],[],[],[],[],[],[],[],[],[],[],[],[],[],[],[],[]]}},"yoast_head":"<!-- This site is optimized with the Yoast SEO plugin v26.3 - https:\/\/yoast.com\/wordpress\/plugins\/seo\/ -->\n<title>Konferencija o potresu i kulturnoj ba\u0161tini, u GBC organizaciji, okupila 800 stru\u010dnjaka - Hrvatski savjet za zelenu gradnju<\/title>\n<meta name=\"robots\" content=\"index, follow, max-snippet:-1, max-image-preview:large, max-video-preview:-1\" \/>\n<link rel=\"canonical\" href=\"https:\/\/gbccroatia.org\/konferencija-o-potresu-i-kulturnoj-bastini-u-gbc-organizaciji-okupila-800-strucnjaka\/\" \/>\n<meta property=\"og:locale\" content=\"en_US\" \/>\n<meta property=\"og:type\" content=\"article\" \/>\n<meta property=\"og:title\" content=\"Konferencija o potresu i kulturnoj ba\u0161tini, u GBC organizaciji, okupila 800 stru\u010dnjaka - Hrvatski savjet za zelenu gradnju\" \/>\n<meta property=\"og:description\" content=\"Hrvatski savjet za zelenu gradnju organizator je izrazito uspje\u0161ne Konferencije...\" \/>\n<meta property=\"og:url\" content=\"https:\/\/gbccroatia.org\/konferencija-o-potresu-i-kulturnoj-bastini-u-gbc-organizaciji-okupila-800-strucnjaka\/\" \/>\n<meta property=\"og:site_name\" content=\"Hrvatski savjet za zelenu gradnju\" \/>\n<meta property=\"article:published_time\" content=\"2023-09-11T15:28:23+00:00\" \/>\n<meta property=\"og:image\" content=\"https:\/\/gbccroatia.org\/wp-content\/uploads\/2023\/09\/predavaci_zajednicka-3_3_2022.jpg\" \/>\n\t<meta property=\"og:image:width\" content=\"1243\" \/>\n\t<meta property=\"og:image:height\" content=\"591\" \/>\n\t<meta property=\"og:image:type\" content=\"image\/jpeg\" \/>\n<meta name=\"author\" content=\"michelWP\" \/>\n<meta name=\"twitter:card\" content=\"summary_large_image\" \/>\n<meta name=\"twitter:label1\" content=\"Written by\" \/>\n\t<meta name=\"twitter:data1\" content=\"michelWP\" \/>\n\t<meta name=\"twitter:label2\" content=\"Est. reading time\" \/>\n\t<meta name=\"twitter:data2\" content=\"2 minutes\" \/>\n<script type=\"application\/ld+json\" class=\"yoast-schema-graph\">{\"@context\":\"https:\/\/schema.org\",\"@graph\":[{\"@type\":\"WebPage\",\"@id\":\"https:\/\/gbccroatia.org\/konferencija-o-potresu-i-kulturnoj-bastini-u-gbc-organizaciji-okupila-800-strucnjaka\/\",\"url\":\"https:\/\/gbccroatia.org\/konferencija-o-potresu-i-kulturnoj-bastini-u-gbc-organizaciji-okupila-800-strucnjaka\/\",\"name\":\"Konferencija o potresu i kulturnoj ba\u0161tini, u GBC organizaciji, okupila 800 stru\u010dnjaka - Hrvatski savjet za zelenu gradnju\",\"isPartOf\":{\"@id\":\"https:\/\/gbccroatia.org\/#website\"},\"primaryImageOfPage\":{\"@id\":\"https:\/\/gbccroatia.org\/konferencija-o-potresu-i-kulturnoj-bastini-u-gbc-organizaciji-okupila-800-strucnjaka\/#primaryimage\"},\"image\":{\"@id\":\"https:\/\/gbccroatia.org\/konferencija-o-potresu-i-kulturnoj-bastini-u-gbc-organizaciji-okupila-800-strucnjaka\/#primaryimage\"},\"thumbnailUrl\":\"https:\/\/gbccroatia.org\/wp-content\/uploads\/2023\/09\/predavaci_zajednicka-3_3_2022.jpg\",\"datePublished\":\"2023-09-11T15:28:23+00:00\",\"author\":{\"@id\":\"https:\/\/gbccroatia.org\/#\/schema\/person\/2ee378f32578f974b44a9807dbc22176\"},\"breadcrumb\":{\"@id\":\"https:\/\/gbccroatia.org\/konferencija-o-potresu-i-kulturnoj-bastini-u-gbc-organizaciji-okupila-800-strucnjaka\/#breadcrumb\"},\"inLanguage\":\"en-US\",\"potentialAction\":[{\"@type\":\"ReadAction\",\"target\":[\"https:\/\/gbccroatia.org\/konferencija-o-potresu-i-kulturnoj-bastini-u-gbc-organizaciji-okupila-800-strucnjaka\/\"]}]},{\"@type\":\"ImageObject\",\"inLanguage\":\"en-US\",\"@id\":\"https:\/\/gbccroatia.org\/konferencija-o-potresu-i-kulturnoj-bastini-u-gbc-organizaciji-okupila-800-strucnjaka\/#primaryimage\",\"url\":\"https:\/\/gbccroatia.org\/wp-content\/uploads\/2023\/09\/predavaci_zajednicka-3_3_2022.jpg\",\"contentUrl\":\"https:\/\/gbccroatia.org\/wp-content\/uploads\/2023\/09\/predavaci_zajednicka-3_3_2022.jpg\",\"width\":1243,\"height\":591},{\"@type\":\"BreadcrumbList\",\"@id\":\"https:\/\/gbccroatia.org\/konferencija-o-potresu-i-kulturnoj-bastini-u-gbc-organizaciji-okupila-800-strucnjaka\/#breadcrumb\",\"itemListElement\":[{\"@type\":\"ListItem\",\"position\":1,\"name\":\"Po\u010detna stranica\",\"item\":\"https:\/\/gbccroatia.org\/\"},{\"@type\":\"ListItem\",\"position\":2,\"name\":\"Konferencija o potresu i kulturnoj ba\u0161tini, u GBC organizaciji, okupila 800 stru\u010dnjaka\"}]},{\"@type\":\"WebSite\",\"@id\":\"https:\/\/gbccroatia.org\/#website\",\"url\":\"https:\/\/gbccroatia.org\/\",\"name\":\"Hrvatski savjet za zelenu gradnju\",\"description\":\"Zelena gradnja u srcu europske budu\u0107nosti\",\"potentialAction\":[{\"@type\":\"SearchAction\",\"target\":{\"@type\":\"EntryPoint\",\"urlTemplate\":\"https:\/\/gbccroatia.org\/?s={search_term_string}\"},\"query-input\":{\"@type\":\"PropertyValueSpecification\",\"valueRequired\":true,\"valueName\":\"search_term_string\"}}],\"inLanguage\":\"en-US\"},{\"@type\":\"Person\",\"@id\":\"https:\/\/gbccroatia.org\/#\/schema\/person\/2ee378f32578f974b44a9807dbc22176\",\"name\":\"michelWP\",\"image\":{\"@type\":\"ImageObject\",\"inLanguage\":\"en-US\",\"@id\":\"https:\/\/gbccroatia.org\/#\/schema\/person\/image\/\",\"url\":\"https:\/\/secure.gravatar.com\/avatar\/2396f1895e66c15a2dc32b7a2cb4bda7cf5792712bfe8117f20e3109b7447481?s=96&d=mm&r=g\",\"contentUrl\":\"https:\/\/secure.gravatar.com\/avatar\/2396f1895e66c15a2dc32b7a2cb4bda7cf5792712bfe8117f20e3109b7447481?s=96&d=mm&r=g\",\"caption\":\"michelWP\"},\"sameAs\":[\"https:\/\/gbccroatia.org\"],\"url\":\"https:\/\/gbccroatia.org\/en\/author\/michelwp\/\"}]}<\/script>\n<!-- \/ Yoast SEO plugin. -->","yoast_head_json":{"title":"Konferencija o potresu i kulturnoj ba\u0161tini, u GBC organizaciji, okupila 800 stru\u010dnjaka - Hrvatski savjet za zelenu gradnju","robots":{"index":"index","follow":"follow","max-snippet":"max-snippet:-1","max-image-preview":"max-image-preview:large","max-video-preview":"max-video-preview:-1"},"canonical":"https:\/\/gbccroatia.org\/konferencija-o-potresu-i-kulturnoj-bastini-u-gbc-organizaciji-okupila-800-strucnjaka\/","og_locale":"en_US","og_type":"article","og_title":"Konferencija o potresu i kulturnoj ba\u0161tini, u GBC organizaciji, okupila 800 stru\u010dnjaka - Hrvatski savjet za zelenu gradnju","og_description":"Hrvatski savjet za zelenu gradnju organizator je izrazito uspje\u0161ne Konferencije...","og_url":"https:\/\/gbccroatia.org\/konferencija-o-potresu-i-kulturnoj-bastini-u-gbc-organizaciji-okupila-800-strucnjaka\/","og_site_name":"Hrvatski savjet za zelenu gradnju","article_published_time":"2023-09-11T15:28:23+00:00","og_image":[{"width":1243,"height":591,"url":"https:\/\/gbccroatia.org\/wp-content\/uploads\/2023\/09\/predavaci_zajednicka-3_3_2022.jpg","type":"image\/jpeg"}],"author":"michelWP","twitter_card":"summary_large_image","twitter_misc":{"Written by":"michelWP","Est. reading time":"2 minutes"},"schema":{"@context":"https:\/\/schema.org","@graph":[{"@type":"WebPage","@id":"https:\/\/gbccroatia.org\/konferencija-o-potresu-i-kulturnoj-bastini-u-gbc-organizaciji-okupila-800-strucnjaka\/","url":"https:\/\/gbccroatia.org\/konferencija-o-potresu-i-kulturnoj-bastini-u-gbc-organizaciji-okupila-800-strucnjaka\/","name":"Konferencija o potresu i kulturnoj ba\u0161tini, u GBC organizaciji, okupila 800 stru\u010dnjaka - Hrvatski savjet za zelenu gradnju","isPartOf":{"@id":"https:\/\/gbccroatia.org\/#website"},"primaryImageOfPage":{"@id":"https:\/\/gbccroatia.org\/konferencija-o-potresu-i-kulturnoj-bastini-u-gbc-organizaciji-okupila-800-strucnjaka\/#primaryimage"},"image":{"@id":"https:\/\/gbccroatia.org\/konferencija-o-potresu-i-kulturnoj-bastini-u-gbc-organizaciji-okupila-800-strucnjaka\/#primaryimage"},"thumbnailUrl":"https:\/\/gbccroatia.org\/wp-content\/uploads\/2023\/09\/predavaci_zajednicka-3_3_2022.jpg","datePublished":"2023-09-11T15:28:23+00:00","author":{"@id":"https:\/\/gbccroatia.org\/#\/schema\/person\/2ee378f32578f974b44a9807dbc22176"},"breadcrumb":{"@id":"https:\/\/gbccroatia.org\/konferencija-o-potresu-i-kulturnoj-bastini-u-gbc-organizaciji-okupila-800-strucnjaka\/#breadcrumb"},"inLanguage":"en-US","potentialAction":[{"@type":"ReadAction","target":["https:\/\/gbccroatia.org\/konferencija-o-potresu-i-kulturnoj-bastini-u-gbc-organizaciji-okupila-800-strucnjaka\/"]}]},{"@type":"ImageObject","inLanguage":"en-US","@id":"https:\/\/gbccroatia.org\/konferencija-o-potresu-i-kulturnoj-bastini-u-gbc-organizaciji-okupila-800-strucnjaka\/#primaryimage","url":"https:\/\/gbccroatia.org\/wp-content\/uploads\/2023\/09\/predavaci_zajednicka-3_3_2022.jpg","contentUrl":"https:\/\/gbccroatia.org\/wp-content\/uploads\/2023\/09\/predavaci_zajednicka-3_3_2022.jpg","width":1243,"height":591},{"@type":"BreadcrumbList","@id":"https:\/\/gbccroatia.org\/konferencija-o-potresu-i-kulturnoj-bastini-u-gbc-organizaciji-okupila-800-strucnjaka\/#breadcrumb","itemListElement":[{"@type":"ListItem","position":1,"name":"Po\u010detna stranica","item":"https:\/\/gbccroatia.org\/"},{"@type":"ListItem","position":2,"name":"Konferencija o potresu i kulturnoj ba\u0161tini, u GBC organizaciji, okupila 800 stru\u010dnjaka"}]},{"@type":"WebSite","@id":"https:\/\/gbccroatia.org\/#website","url":"https:\/\/gbccroatia.org\/","name":"Hrvatski savjet za zelenu gradnju","description":"Zelena gradnja u srcu europske budu\u0107nosti","potentialAction":[{"@type":"SearchAction","target":{"@type":"EntryPoint","urlTemplate":"https:\/\/gbccroatia.org\/?s={search_term_string}"},"query-input":{"@type":"PropertyValueSpecification","valueRequired":true,"valueName":"search_term_string"}}],"inLanguage":"en-US"},{"@type":"Person","@id":"https:\/\/gbccroatia.org\/#\/schema\/person\/2ee378f32578f974b44a9807dbc22176","name":"michelWP","image":{"@type":"ImageObject","inLanguage":"en-US","@id":"https:\/\/gbccroatia.org\/#\/schema\/person\/image\/","url":"https:\/\/secure.gravatar.com\/avatar\/2396f1895e66c15a2dc32b7a2cb4bda7cf5792712bfe8117f20e3109b7447481?s=96&d=mm&r=g","contentUrl":"https:\/\/secure.gravatar.com\/avatar\/2396f1895e66c15a2dc32b7a2cb4bda7cf5792712bfe8117f20e3109b7447481?s=96&d=mm&r=g","caption":"michelWP"},"sameAs":["https:\/\/gbccroatia.org"],"url":"https:\/\/gbccroatia.org\/en\/author\/michelwp\/"}]}},"_links":{"self":[{"href":"https:\/\/gbccroatia.org\/en\/wp-json\/wp\/v2\/posts\/17696","targetHints":{"allow":["GET"]}}],"collection":[{"href":"https:\/\/gbccroatia.org\/en\/wp-json\/wp\/v2\/posts"}],"about":[{"href":"https:\/\/gbccroatia.org\/en\/wp-json\/wp\/v2\/types\/post"}],"author":[{"embeddable":true,"href":"https:\/\/gbccroatia.org\/en\/wp-json\/wp\/v2\/users\/1"}],"replies":[{"embeddable":true,"href":"https:\/\/gbccroatia.org\/en\/wp-json\/wp\/v2\/comments?post=17696"}],"version-history":[{"count":0,"href":"https:\/\/gbccroatia.org\/en\/wp-json\/wp\/v2\/posts\/17696\/revisions"}],"wp:featuredmedia":[{"embeddable":true,"href":"https:\/\/gbccroatia.org\/en\/wp-json\/wp\/v2\/media\/11621"}],"wp:attachment":[{"href":"https:\/\/gbccroatia.org\/en\/wp-json\/wp\/v2\/media?parent=17696"}],"wp:term":[{"taxonomy":"category","embeddable":true,"href":"https:\/\/gbccroatia.org\/en\/wp-json\/wp\/v2\/categories?post=17696"},{"taxonomy":"post_tag","embeddable":true,"href":"https:\/\/gbccroatia.org\/en\/wp-json\/wp\/v2\/tags?post=17696"}],"curies":[{"name":"wp","href":"https:\/\/api.w.org\/{rel}","templated":true}]}}