{"id":17707,"date":"2023-09-11T14:38:31","date_gmt":"2023-09-11T14:38:31","guid":{"rendered":"https:\/\/gbccroatia.org\/strucni-skup-2022-arhitektonski-fakultet-i-klaster-nzeb-hr\/"},"modified":"2023-09-11T14:38:31","modified_gmt":"2023-09-11T14:38:31","slug":"strucni-skup-2022-arhitektonski-fakultet-i-klaster-nzeb-hr","status":"publish","type":"post","link":"https:\/\/gbccroatia.org\/en\/strucni-skup-2022-arhitektonski-fakultet-i-klaster-nzeb-hr\/","title":{"rendered":"Stru\u010dni skup 2022. \/ Arhitektonski fakultet i Klaster nZEB.hr"},"content":{"rendered":"<p class=\"text-justify\"><img fetchpriority=\"high\" decoding=\"async\" class=\"alignnone wp-image-13506 size-full\" src=\"https:\/\/gbccroatia.org\/wp-content\/uploads\/2023\/09\/af-header.png\" alt=\"\" width=\"690\" height=\"103\" srcset=\"https:\/\/gbccroatia.org\/wp-content\/uploads\/2023\/09\/af-header.png 690w, https:\/\/gbccroatia.org\/wp-content\/uploads\/2023\/09\/af-header-300x45.png 300w\" sizes=\"(max-width: 690px) 100vw, 690px\" \/><\/p>\n<p class=\"text-justify\">Arhitektonski fakultet Sveu\u010dili\u0161ta u Zagrebu i Klaster za energetsku u\u010dinkovitost i odr\u017eivost u zgradarstvu &#8211; nZEB.hr u sklopu aktivnosti Stru\u010dnog usavr\u0161avanja AF-a pripremaju dvodnevni stru\u010dni skup:<\/p>\n<p class=\"text-justify\"><img decoding=\"async\" class=\"alignnone wp-image-13508 size-full\" src=\"https:\/\/gbccroatia.org\/wp-content\/uploads\/2023\/09\/zgrade3.png\" alt=\"\" width=\"924\" height=\"180\" srcset=\"https:\/\/gbccroatia.org\/wp-content\/uploads\/2023\/09\/zgrade3.png 924w, https:\/\/gbccroatia.org\/wp-content\/uploads\/2023\/09\/zgrade3-300x58.png 300w, https:\/\/gbccroatia.org\/wp-content\/uploads\/2023\/09\/zgrade3-768x150.png 768w\" sizes=\"(max-width: 924px) 100vw, 924px\" \/><\/p>\n<p class=\"text-justify\">Arhitektonski fakultet Sveu\u010dili\u0161ta u Zagrebu i Klaster za energetsku u\u010dinkovitost i odr\u017eivost u zgradarstvu &#8211; nZEB.hr nastavljaju rad na edukaciji, promicanju znanosti i inovacija te unapre\u0111enju stanja tehnike, proizvoda, materijala i usluga poveznih s energetskom u\u010dinkovitosti i odr\u017eivosti u zgradarstvu, kao i s aktualnim temama zna\u010dajne obnove zgrada koja uz pobolj\u0161anje energetske u\u010dinkovitosti uzima u obzir pobolj\u0161anje ugodnosti i zdravstvene kvalitete unutarnjih prostora, za\u0161titu od po\u017eara i pove\u0107anje potresne otpornosti.<\/p>\n<p class=\"text-justify\">Prema \u010dlanku 7. Direktive (EU) 2018\/844 Europskog parlamenta i Vije\u0107a od 30. svibnja 2018. o izmjeni Direktive 2010\/31\/EU o energetskim svojstvima zgrada i Direktive 2012\/27\/EU o energetskoj u\u010dinkovitosti (<a href=\"https:\/\/eur-lex.europa.eu\/legal-content\/HR\/TXT\/?uri=uriserv:OJ.L_.2018.156.01.0075.01.HRV&amp;toc=OJ:L:2018:156:TOC\">Slu\u017ebeni list Europske unije L 156, 19.6.2018., str. 75<\/a>) \u201eDr\u017eave \u010dlanice poti\u010du, u slu\u010daju zgrada koje se podvrgavaju zna\u010dajnoj obnovi, visokou\u010dinkovite alternativne sustave, u mjeri u kojoj je to tehni\u010dki, funkcionalno i gospodarski izvedivo te uzimaju u obzir pitanja zdravih unutarnjih klimatskih uvjeta, za\u0161tite od po\u017eara i rizika povezanih s poja\u010danom seizmi\u010dkom aktivnosti.\u201d<\/p>\n<p class=\"text-justify\">Posljednjih godina uz podizanje energetske u\u010dinkovitosti u zgradarstvu suo\u010dili smo se s temama pove\u0107anja sigurnosti zgrada zbog poja\u010dane seizmi\u010dke aktivnosti te zdravstvene sigurnosti boravka u zatvorenim prostorima zbog virusnih infekcija. Pove\u0107ani boravak u zatvorenim prostorima postavio je i ostala pitanja sigurnosti, kvalitete i ugodnosti boravka u takvim prostorima.<\/p>\n<p class=\"text-justify\">Cilj skupa je prikazati skup mjera i tehni\u010dkih rje\u0161enja za projektiranje, obnovu i izgradnju novih zgrada koja uz energetsku u\u010dinkovitost osiguravaju stati\u010dku i po\u017earnu sigurnost zgrada te visoko kvalitetne i ugodne prostore za \u017eivot i rad.<\/p>\n<p class=\"text-justify\">Arhitektonski fakultet Sveu\u010dili\u0161ta u Zagrebu ba\u0161tini tradiciju Visoke tehni\u010dke \u0161kole vi\u0161e od stotinu godina, a kao samostalni fakultet od 1962. godine provodi edukaciju arhitekata u Republici Hrvatskoj. Fakultet ustrojava i izvodi sveu\u010dili\u0161ne studije, znanstveni, istra\u017eiva\u010dki, visoko stru\u010dni i umjetni\u010dki rad u podru\u010dju arhitekture i urbanizma. U podru\u010dju tehni\u010dkih znanosti, polju arhitekture i urbanizma arhitektonski fakultet obrazuje, istra\u017euje i radi znanstvene i stru\u010dne radove iz podru\u010dja arhitektonskog projektiranja, urbanisti\u010dkog planiranja, za\u0161tite graditeljskog naslije\u0111a, te arhitektonskih konstrukcija, fizike zgrade, materijala i tehnologija gra\u0111enja. Dugi niz godina prepoznati je dionik u podru\u010dju edukacije za energetski visoko u\u010dinkovite i odr\u017eive zgrade i jedan od osniva\u010da Klastera nZEB.hr.<\/p>\n<p class=\"text-justify\">Osim Arhitektonskog fakulteta osniva\u010di Klastera nZEB.hr su iz gosdpodarskog sektora: AGC, Bosch, Knauf-Insulation, Profine Croatia i Wienerberger. Od 2019. godine \u010dlanovi Klastera nZEB.hr su: Velux Hrvatska, Nosivi gra\u0111evinski elementi, te po\u010dasni \u010dlan Ministarstvo prostornog ure\u0111enja, graditeljstva i dr\u017eavne imovine RH. Od 2022. godine novi \u010dlan je Baldinistudio.<\/p>\n<p class=\"text-justify\">Ciljevi Klastera nZEB.hr su povezati znanost, inovacije i gospodarstvo odnosno sve dionike u gradnji i obnovi zgrada po kriterijima cjelovite obnove uz naglasak na zgrade niske energetske potro\u0161nje, zgrada gotovo nulte energije (nZEB) kao i zgrada zelene i odr\u017eive gradnje. Zadatak Klastera nZEB.hr je uspostaviti bolju suradnju gospodarstva i institucija te pomo\u0107i institucijama pri izradi kriterija za obnovu, projektiranje i izvedbu zgrada po kriterijima visoke u\u010dinkovitosti, kao i po kriterijima sigurne i odr\u017eive gradnje, te djelovati u podru\u010dju \u0161irenja ideja, znanja i zahtjeva za izgradnju energetski visoko u\u010dinkovitih i odr\u017eivih zgrada, te zahtjeva cjelovite obnove i sigurne gradnje.<\/p>\n<p class=\"text-justify\">Teme ovog stru\u010dnog skupa su:<\/p>\n<p class=\"text-justify\">&#8211; propisi, smjernice i planovi iz podru\u010dja odr\u017eive gradnje, energetske u\u010dinkovitosti, zdravih unutarnjih klimatskih uvjeta, za\u0161tite od po\u017eara i rizika povezanih s poja\u010danom seizmi\u010dkom aktivnosti<\/p>\n<p class=\"text-justify\">&#8211; predstavljanje Smjernica za izradu analize postoje\u0107eg stanja zgrade s prijedlogom mjera i procjenom investicije u dijelu \u2013 zdravi unutarnji klimatski uvjeti, mehani\u010dka otpornost i stabilnost, sigurnost u slu\u010daju po\u017eara<\/p>\n<p class=\"text-justify\">&#8211; zakonska regulativa iz podru\u010dja za\u0161tite od buke i zvu\u010dne izolacije u zgradarstvu<\/p>\n<p class=\"text-justify\">&#8211; tehni\u010dka rje\u0161enja za projektiranje, obnovu i izgradnju visoko u\u010dinkovitih i odr\u017eivih zgrada s visokim stupnjem sigurnosti i kvalitete<\/p>\n<p class=\"text-justify\">&#8211; materijali, proizvodi i sustavi za cjelovitu obnovu i izgradnju novih zgrada po najvi\u0161im standardima energetske u\u010dinkovitosti, sigurnosti i kvalitete<\/p>\n<p class=\"text-justify\">&#8211; iskustva i izvedeni primjeri novih i obnovljenih zgrada po najvi\u0161im standardima energetske u\u010dinkovitosti, sigurnosti i kvalitete<\/p>\n<p class=\"text-justify\">Cijena aktivnosti: \u00a0\u00a0\u00a0\u00a0\u00a0\u00a0\u00a0\u00a0\u00a0 bez naplate\/kotizacije uz obaveznu prijavu<\/p>\n<p class=\"text-justify\">\u00a0 \u00a0 \u00a0 \u00a0 \u00a0 \u00a0 \u00a0 \u00a0 \u00a0 \u00a0 \u00a0 \u00a0 \u00a0 \u00a0 \u00a0 \u00a0 \u00a0 \u00a0 \u00a0 \u00a0 (podaci na web stranici <a href=\"http:\/\/www.nzeb.hr\/\">www.nzeb.hr<\/a>)<\/p>\n<p class=\"text-justify\">Prijaviti se mo\u017ee preko obrasca:\u00a0<a href=\"https:\/\/forms.gle\/9rcmSVpsdWo9V9TJ8\">https:\/\/forms.gle\/9rcmSVpsdWo9V9TJ8<\/a><\/p>\n<p class=\"text-justify\"><a href=\"https:\/\/gbccroatia.org\/wp-content\/uploads\/2023\/09\/af_nzeb_2022_program_fin_2.pdf\" target=\"_blank\" rel=\"noopener\">PROGRAM<\/a> mo\u017eete preuzeti <a href=\"https:\/\/gbccroatia.org\/wp-content\/uploads\/2023\/09\/af_nzeb_2022_program_fin_2.pdf\" target=\"_blank\" rel=\"noopener\">ovdje<\/a>.<\/p>\n<p class=\"text-justify\">Vi\u0161e informacija o skupu nalazi se na stranici: <a href=\"http:\/\/www.nzeb.hr\/\">www.nzeb.hr<\/a><\/p>\n<p class=\"text-justify\">Voditelj aktivnosti:<\/p>\n<p class=\"text-justify\">Izv.prof. dr.sc. Zoran Ver\u0161i\u0107<\/p>\n<p class=\"text-justify\"><img decoding=\"async\" class=\"alignnone wp-image-13510 size-full\" src=\"https:\/\/gbccroatia.org\/wp-content\/uploads\/2023\/09\/af-footer.png\" alt=\"\" width=\"1015\" height=\"249\" srcset=\"https:\/\/gbccroatia.org\/wp-content\/uploads\/2023\/09\/af-footer.png 1015w, https:\/\/gbccroatia.org\/wp-content\/uploads\/2023\/09\/af-footer-300x74.png 300w, https:\/\/gbccroatia.org\/wp-content\/uploads\/2023\/09\/af-footer-768x188.png 768w\" sizes=\"(max-width: 1015px) 100vw, 1015px\" \/><\/p>\n","protected":false},"excerpt":{"rendered":"<p>Arhitektonski fakultet Sveu\u010dili\u0161ta u Zagrebu i Klaster za energetsku u\u010dinkovitost&#8230;<\/p>\n","protected":false},"author":1,"featured_media":11613,"comment_status":"open","ping_status":"open","sticky":false,"template":"","format":"standard","meta":{"footnotes":""},"categories":[71],"tags":[],"class_list":["post-17707","post","type-post","status-publish","format-standard","has-post-thumbnail","hentry","category-2022-en"],"acf":{"photo_gallery":{"galerija":[[]],"logo1_slike":[[],[]],"logo2_slike":[[],[],[]],"logo3_slike":[[],[],[],[]],"logo4_slike":[[],[],[],[],[]],"logo5_slike":[[],[],[],[],[],[]],"logo6_slike":[[],[],[],[],[],[],[]],"logo7_slike":[[],[],[],[],[],[],[],[]],"logo8_slike":[[],[],[],[],[],[],[],[],[]],"logo9_slike":[[],[],[],[],[],[],[],[],[],[]],"logo10_slike":[[],[],[],[],[],[],[],[],[],[],[]],"logo11_slike":[[],[],[],[],[],[],[],[],[],[],[],[]],"logo12_slike":[[],[],[],[],[],[],[],[],[],[],[],[],[]],"logo13_slike":[[],[],[],[],[],[],[],[],[],[],[],[],[],[]],"logo14_slike":[[],[],[],[],[],[],[],[],[],[],[],[],[],[],[]],"logo15_slike":[[],[],[],[],[],[],[],[],[],[],[],[],[],[],[],[]],"logo16_slike":[[],[],[],[],[],[],[],[],[],[],[],[],[],[],[],[],[]],"logo17_slike":[[],[],[],[],[],[],[],[],[],[],[],[],[],[],[],[],[],[]],"logo18_slike":[[],[],[],[],[],[],[],[],[],[],[],[],[],[],[],[],[],[],[]],"logo19_slike":[[],[],[],[],[],[],[],[],[],[],[],[],[],[],[],[],[],[],[],[]],"logo20_slike":[[],[],[],[],[],[],[],[],[],[],[],[],[],[],[],[],[],[],[],[],[]]}},"yoast_head":"<!-- This site is optimized with the Yoast SEO plugin v26.3 - https:\/\/yoast.com\/wordpress\/plugins\/seo\/ -->\n<title>Stru\u010dni skup 2022. \/ Arhitektonski fakultet i Klaster nZEB.hr - Hrvatski savjet za zelenu gradnju<\/title>\n<meta name=\"robots\" content=\"index, follow, max-snippet:-1, max-image-preview:large, max-video-preview:-1\" \/>\n<link rel=\"canonical\" href=\"https:\/\/gbccroatia.org\/strucni-skup-2022-arhitektonski-fakultet-i-klaster-nzeb-hr\/\" \/>\n<meta property=\"og:locale\" content=\"en_US\" \/>\n<meta property=\"og:type\" content=\"article\" \/>\n<meta property=\"og:title\" content=\"Stru\u010dni skup 2022. \/ Arhitektonski fakultet i Klaster nZEB.hr - Hrvatski savjet za zelenu gradnju\" \/>\n<meta property=\"og:description\" content=\"Arhitektonski fakultet Sveu\u010dili\u0161ta u Zagrebu i Klaster za energetsku u\u010dinkovitost...\" \/>\n<meta property=\"og:url\" content=\"https:\/\/gbccroatia.org\/strucni-skup-2022-arhitektonski-fakultet-i-klaster-nzeb-hr\/\" \/>\n<meta property=\"og:site_name\" content=\"Hrvatski savjet za zelenu gradnju\" \/>\n<meta property=\"article:published_time\" content=\"2023-09-11T14:38:31+00:00\" \/>\n<meta property=\"og:image\" content=\"https:\/\/gbccroatia.org\/wp-content\/uploads\/2023\/09\/zgrade-3-1-2.png\" \/>\n\t<meta property=\"og:image:width\" content=\"894\" \/>\n\t<meta property=\"og:image:height\" content=\"596\" \/>\n\t<meta property=\"og:image:type\" content=\"image\/png\" \/>\n<meta name=\"author\" content=\"michelWP\" \/>\n<meta name=\"twitter:card\" content=\"summary_large_image\" \/>\n<meta name=\"twitter:label1\" content=\"Written by\" \/>\n\t<meta name=\"twitter:data1\" content=\"michelWP\" \/>\n\t<meta name=\"twitter:label2\" content=\"Est. reading time\" \/>\n\t<meta name=\"twitter:data2\" content=\"4 minutes\" \/>\n<script type=\"application\/ld+json\" class=\"yoast-schema-graph\">{\"@context\":\"https:\/\/schema.org\",\"@graph\":[{\"@type\":\"WebPage\",\"@id\":\"https:\/\/gbccroatia.org\/strucni-skup-2022-arhitektonski-fakultet-i-klaster-nzeb-hr\/\",\"url\":\"https:\/\/gbccroatia.org\/strucni-skup-2022-arhitektonski-fakultet-i-klaster-nzeb-hr\/\",\"name\":\"Stru\u010dni skup 2022. \/ Arhitektonski fakultet i Klaster nZEB.hr - Hrvatski savjet za zelenu gradnju\",\"isPartOf\":{\"@id\":\"https:\/\/gbccroatia.org\/#website\"},\"primaryImageOfPage\":{\"@id\":\"https:\/\/gbccroatia.org\/strucni-skup-2022-arhitektonski-fakultet-i-klaster-nzeb-hr\/#primaryimage\"},\"image\":{\"@id\":\"https:\/\/gbccroatia.org\/strucni-skup-2022-arhitektonski-fakultet-i-klaster-nzeb-hr\/#primaryimage\"},\"thumbnailUrl\":\"https:\/\/gbccroatia.org\/wp-content\/uploads\/2023\/09\/zgrade-3-1-2.png\",\"datePublished\":\"2023-09-11T14:38:31+00:00\",\"author\":{\"@id\":\"https:\/\/gbccroatia.org\/#\/schema\/person\/2ee378f32578f974b44a9807dbc22176\"},\"breadcrumb\":{\"@id\":\"https:\/\/gbccroatia.org\/strucni-skup-2022-arhitektonski-fakultet-i-klaster-nzeb-hr\/#breadcrumb\"},\"inLanguage\":\"en-US\",\"potentialAction\":[{\"@type\":\"ReadAction\",\"target\":[\"https:\/\/gbccroatia.org\/strucni-skup-2022-arhitektonski-fakultet-i-klaster-nzeb-hr\/\"]}]},{\"@type\":\"ImageObject\",\"inLanguage\":\"en-US\",\"@id\":\"https:\/\/gbccroatia.org\/strucni-skup-2022-arhitektonski-fakultet-i-klaster-nzeb-hr\/#primaryimage\",\"url\":\"https:\/\/gbccroatia.org\/wp-content\/uploads\/2023\/09\/zgrade-3-1-2.png\",\"contentUrl\":\"https:\/\/gbccroatia.org\/wp-content\/uploads\/2023\/09\/zgrade-3-1-2.png\",\"width\":894,\"height\":596},{\"@type\":\"BreadcrumbList\",\"@id\":\"https:\/\/gbccroatia.org\/strucni-skup-2022-arhitektonski-fakultet-i-klaster-nzeb-hr\/#breadcrumb\",\"itemListElement\":[{\"@type\":\"ListItem\",\"position\":1,\"name\":\"Po\u010detna stranica\",\"item\":\"https:\/\/gbccroatia.org\/\"},{\"@type\":\"ListItem\",\"position\":2,\"name\":\"Stru\u010dni skup 2022. \/ Arhitektonski fakultet i Klaster nZEB.hr\"}]},{\"@type\":\"WebSite\",\"@id\":\"https:\/\/gbccroatia.org\/#website\",\"url\":\"https:\/\/gbccroatia.org\/\",\"name\":\"Hrvatski savjet za zelenu gradnju\",\"description\":\"Zelena gradnja u srcu europske budu\u0107nosti\",\"potentialAction\":[{\"@type\":\"SearchAction\",\"target\":{\"@type\":\"EntryPoint\",\"urlTemplate\":\"https:\/\/gbccroatia.org\/?s={search_term_string}\"},\"query-input\":{\"@type\":\"PropertyValueSpecification\",\"valueRequired\":true,\"valueName\":\"search_term_string\"}}],\"inLanguage\":\"en-US\"},{\"@type\":\"Person\",\"@id\":\"https:\/\/gbccroatia.org\/#\/schema\/person\/2ee378f32578f974b44a9807dbc22176\",\"name\":\"michelWP\",\"image\":{\"@type\":\"ImageObject\",\"inLanguage\":\"en-US\",\"@id\":\"https:\/\/gbccroatia.org\/#\/schema\/person\/image\/\",\"url\":\"https:\/\/secure.gravatar.com\/avatar\/2396f1895e66c15a2dc32b7a2cb4bda7cf5792712bfe8117f20e3109b7447481?s=96&d=mm&r=g\",\"contentUrl\":\"https:\/\/secure.gravatar.com\/avatar\/2396f1895e66c15a2dc32b7a2cb4bda7cf5792712bfe8117f20e3109b7447481?s=96&d=mm&r=g\",\"caption\":\"michelWP\"},\"sameAs\":[\"https:\/\/gbccroatia.org\"],\"url\":\"https:\/\/gbccroatia.org\/en\/author\/michelwp\/\"}]}<\/script>\n<!-- \/ Yoast SEO plugin. -->","yoast_head_json":{"title":"Stru\u010dni skup 2022. \/ Arhitektonski fakultet i Klaster nZEB.hr - Hrvatski savjet za zelenu gradnju","robots":{"index":"index","follow":"follow","max-snippet":"max-snippet:-1","max-image-preview":"max-image-preview:large","max-video-preview":"max-video-preview:-1"},"canonical":"https:\/\/gbccroatia.org\/strucni-skup-2022-arhitektonski-fakultet-i-klaster-nzeb-hr\/","og_locale":"en_US","og_type":"article","og_title":"Stru\u010dni skup 2022. \/ Arhitektonski fakultet i Klaster nZEB.hr - Hrvatski savjet za zelenu gradnju","og_description":"Arhitektonski fakultet Sveu\u010dili\u0161ta u Zagrebu i Klaster za energetsku u\u010dinkovitost...","og_url":"https:\/\/gbccroatia.org\/strucni-skup-2022-arhitektonski-fakultet-i-klaster-nzeb-hr\/","og_site_name":"Hrvatski savjet za zelenu gradnju","article_published_time":"2023-09-11T14:38:31+00:00","og_image":[{"width":894,"height":596,"url":"https:\/\/gbccroatia.org\/wp-content\/uploads\/2023\/09\/zgrade-3-1-2.png","type":"image\/png"}],"author":"michelWP","twitter_card":"summary_large_image","twitter_misc":{"Written by":"michelWP","Est. reading time":"4 minutes"},"schema":{"@context":"https:\/\/schema.org","@graph":[{"@type":"WebPage","@id":"https:\/\/gbccroatia.org\/strucni-skup-2022-arhitektonski-fakultet-i-klaster-nzeb-hr\/","url":"https:\/\/gbccroatia.org\/strucni-skup-2022-arhitektonski-fakultet-i-klaster-nzeb-hr\/","name":"Stru\u010dni skup 2022. \/ Arhitektonski fakultet i Klaster nZEB.hr - Hrvatski savjet za zelenu gradnju","isPartOf":{"@id":"https:\/\/gbccroatia.org\/#website"},"primaryImageOfPage":{"@id":"https:\/\/gbccroatia.org\/strucni-skup-2022-arhitektonski-fakultet-i-klaster-nzeb-hr\/#primaryimage"},"image":{"@id":"https:\/\/gbccroatia.org\/strucni-skup-2022-arhitektonski-fakultet-i-klaster-nzeb-hr\/#primaryimage"},"thumbnailUrl":"https:\/\/gbccroatia.org\/wp-content\/uploads\/2023\/09\/zgrade-3-1-2.png","datePublished":"2023-09-11T14:38:31+00:00","author":{"@id":"https:\/\/gbccroatia.org\/#\/schema\/person\/2ee378f32578f974b44a9807dbc22176"},"breadcrumb":{"@id":"https:\/\/gbccroatia.org\/strucni-skup-2022-arhitektonski-fakultet-i-klaster-nzeb-hr\/#breadcrumb"},"inLanguage":"en-US","potentialAction":[{"@type":"ReadAction","target":["https:\/\/gbccroatia.org\/strucni-skup-2022-arhitektonski-fakultet-i-klaster-nzeb-hr\/"]}]},{"@type":"ImageObject","inLanguage":"en-US","@id":"https:\/\/gbccroatia.org\/strucni-skup-2022-arhitektonski-fakultet-i-klaster-nzeb-hr\/#primaryimage","url":"https:\/\/gbccroatia.org\/wp-content\/uploads\/2023\/09\/zgrade-3-1-2.png","contentUrl":"https:\/\/gbccroatia.org\/wp-content\/uploads\/2023\/09\/zgrade-3-1-2.png","width":894,"height":596},{"@type":"BreadcrumbList","@id":"https:\/\/gbccroatia.org\/strucni-skup-2022-arhitektonski-fakultet-i-klaster-nzeb-hr\/#breadcrumb","itemListElement":[{"@type":"ListItem","position":1,"name":"Po\u010detna stranica","item":"https:\/\/gbccroatia.org\/"},{"@type":"ListItem","position":2,"name":"Stru\u010dni skup 2022. \/ Arhitektonski fakultet i Klaster nZEB.hr"}]},{"@type":"WebSite","@id":"https:\/\/gbccroatia.org\/#website","url":"https:\/\/gbccroatia.org\/","name":"Hrvatski savjet za zelenu gradnju","description":"Zelena gradnja u srcu europske budu\u0107nosti","potentialAction":[{"@type":"SearchAction","target":{"@type":"EntryPoint","urlTemplate":"https:\/\/gbccroatia.org\/?s={search_term_string}"},"query-input":{"@type":"PropertyValueSpecification","valueRequired":true,"valueName":"search_term_string"}}],"inLanguage":"en-US"},{"@type":"Person","@id":"https:\/\/gbccroatia.org\/#\/schema\/person\/2ee378f32578f974b44a9807dbc22176","name":"michelWP","image":{"@type":"ImageObject","inLanguage":"en-US","@id":"https:\/\/gbccroatia.org\/#\/schema\/person\/image\/","url":"https:\/\/secure.gravatar.com\/avatar\/2396f1895e66c15a2dc32b7a2cb4bda7cf5792712bfe8117f20e3109b7447481?s=96&d=mm&r=g","contentUrl":"https:\/\/secure.gravatar.com\/avatar\/2396f1895e66c15a2dc32b7a2cb4bda7cf5792712bfe8117f20e3109b7447481?s=96&d=mm&r=g","caption":"michelWP"},"sameAs":["https:\/\/gbccroatia.org"],"url":"https:\/\/gbccroatia.org\/en\/author\/michelwp\/"}]}},"_links":{"self":[{"href":"https:\/\/gbccroatia.org\/en\/wp-json\/wp\/v2\/posts\/17707","targetHints":{"allow":["GET"]}}],"collection":[{"href":"https:\/\/gbccroatia.org\/en\/wp-json\/wp\/v2\/posts"}],"about":[{"href":"https:\/\/gbccroatia.org\/en\/wp-json\/wp\/v2\/types\/post"}],"author":[{"embeddable":true,"href":"https:\/\/gbccroatia.org\/en\/wp-json\/wp\/v2\/users\/1"}],"replies":[{"embeddable":true,"href":"https:\/\/gbccroatia.org\/en\/wp-json\/wp\/v2\/comments?post=17707"}],"version-history":[{"count":0,"href":"https:\/\/gbccroatia.org\/en\/wp-json\/wp\/v2\/posts\/17707\/revisions"}],"wp:featuredmedia":[{"embeddable":true,"href":"https:\/\/gbccroatia.org\/en\/wp-json\/wp\/v2\/media\/11613"}],"wp:attachment":[{"href":"https:\/\/gbccroatia.org\/en\/wp-json\/wp\/v2\/media?parent=17707"}],"wp:term":[{"taxonomy":"category","embeddable":true,"href":"https:\/\/gbccroatia.org\/en\/wp-json\/wp\/v2\/categories?post=17707"},{"taxonomy":"post_tag","embeddable":true,"href":"https:\/\/gbccroatia.org\/en\/wp-json\/wp\/v2\/tags?post=17707"}],"curies":[{"name":"wp","href":"https:\/\/api.w.org\/{rel}","templated":true}]}}