{"id":18060,"date":"2023-09-09T09:10:14","date_gmt":"2023-09-09T09:10:14","guid":{"rendered":"https:\/\/gbccroatia.org\/raspisan-natjecaj-za-godisnje-nagrade-za-zelenu-gradnju-i-odrzivi-razvoj-produzen-rok\/"},"modified":"2023-09-09T09:10:14","modified_gmt":"2023-09-09T09:10:14","slug":"raspisan-natjecaj-za-godisnje-nagrade-za-zelenu-gradnju-i-odrzivi-razvoj-produzen-rok","status":"publish","type":"post","link":"https:\/\/gbccroatia.org\/en\/raspisan-natjecaj-za-godisnje-nagrade-za-zelenu-gradnju-i-odrzivi-razvoj-produzen-rok\/","title":{"rendered":"Raspisan natje\u010daj za Godi\u0161nje nagrade za zelenu gradnju i odr\u017eivi razvoj &#8211; PRODU\u017dEN ROK"},"content":{"rendered":"<p>Zagreb, 19.8.2019.<\/p>\n<p>&nbsp;<\/p>\n<p><strong>Tri organizacije okupljene u kampanju OBNOVIMO HRVATSKU drugu godinu zaredom raspisale su natje\u010daj za <em>Godi\u0161nje nagrade za zelenu gradnju i odr\u017eivi razvoj<\/em>, koji je prije nekoliko godina inicirao Hrvatski savjet za zelenu gradnju. Otvoren je do 15.11., a mogu se prijaviti svi koji su u prethodnom razdoblju doprinijeli zelenoj gradnji i odr\u017eivom razvoju.<\/strong><\/p>\n<p>Ove \u0107e nagrade biti priznanja za izvrsnost i postignu\u0107a na podru\u010dju zelene gradnje i odr\u017eivog razvoja, a namijenjene su pravnim ili fizi\u010dkim osobama, stru\u010dnjacima za zelenu gradnju i odr\u017eivi razvoj zaposlenim u tvrtkama, javnom sektoru, nevladinim udrugama i agencijama te samostalnim stru\u010dnjacima iz ovoga podru\u010dja.<\/p>\n<p>Cilj nagrada je podizanje ugleda struke u \u0161iroj i stru\u010dnoj javnosti, promicanje izvrsnosti na podru\u010dju zelene gradnje i odr\u017eivog razvoja, stalno unapre\u0111enje na\u010dela dobroga poslovanja i cirkularnog gospodarstva, a sve u cilju o\u010duvanja okoli\u0161a i odr\u017eivog razvoja u Republici Hrvatskoj.<\/p>\n<p>Prijaviti se mogu sve pravne i fizi\u010dke osobe iz Hrvatske koje su se u teku\u0107oj godini (od 1. listopada prethodne godine do datuma objave natje\u010daja u godini u kojoj se dodjeljuje nagrada) istaknule na podru\u010dju zelene gradnje i odr\u017eivog razvoja.<\/p>\n<p>&nbsp;<\/p>\n<p>Prijave \u0107e se zaprimati do 15. studenog 2019. godine.<\/p>\n<p>&nbsp;<\/p>\n<p>Nagrade \u0107e se dodijeliti u <u>6<\/u> kategorija:<\/p>\n<p><strong>1. \u00a0Osoba godine<\/strong> \u2013 nagrada se dodjeljuje jednoj fizi\u010dkoj osobi koja se posebno istaknula u promicanju zelene gradnje i odr\u017eivog razvoja. Ova je nagrada po\u010dasna i osobu godine predla\u017ee i bira Povjerenstvo internim glasovanjem.<\/p>\n<p>2. \u00a0Institucija \/ Organizacija godine &#8211; \u00a0dodjeljuje se za posebno isticanje u promicanju zelene gradnje i odr\u017eivog razvoja. U ovoj kategoriji sudjelovati mogu:\u00a0 trgova\u010dka dru\u0161tva, jedinice nacionalne, regionalne i lokalne uprave i samouprave, nevladine organizacije, istra\u017eiva\u010dke institucije, odgojno-obrazovne ustanove ili stru\u010dna i savjetodavna radna tijela i organizacije civilnog dru\u0161tva.<\/p>\n<p><strong>3.<\/strong> \u00a0<strong>Gra\u0111evina godine \u2013 Novogradnja<\/strong> <strong>&#8211; <\/strong>ova se kategorija odnosi na novoizgra\u0111ene zgrade, infrastrukturne i prometne gra\u0111evine te trgove i parkove zavr\u0161ene u teku\u0107oj godini odnosno u razdoblju od 1. listopada prethodne godine do 30. rujna godine u kojoj se dodjeljuje nagrada.<\/p>\n<p><strong>4.<\/strong> <strong>Gra\u0111evina godine \u2013 Rekonstrukcija &#8211;<\/strong> \u00a0Ova kategorija odnosi se na rekonstrukcije gra\u0111evina odnosno energetske obnove gra\u0111evina koje su zavr\u0161ene u teku\u0107oj godini (zgrade, infrastrukturne i prometne gra\u0111evine te trgove i parkove).<\/p>\n<p><strong>5.\u00a0 Projekt godine<\/strong> &#8211; u ovoj kategoriji svoje razvojne projekte i\/ili projektne koncepte i\/ili projektne ideje mogu prijaviti pravne osobe (odgojno-obrazovne ustanove, vladine i nevladine organizacije, trgova\u010dka dru\u0161tva, organizacije civilnog dru\u0161tva, obrti i sl.) koji su za cilj imali podi\u0107i razinu svijesti \u0161iroke i stru\u010dne javnosti te kvalitetu \u017eivota zajednice, a koji je direktno vezan uz zelenu gradnju, energetsku u\u010dinkovitost i odr\u017eivi razvoj. U ovu kategoriju spadaju projekti koji su zapo\u010deli, u tijeku ili zavr\u0161ili u teku\u0107oj godini:<\/p>\n<ol>\n<li>koji su doprinijeli zelenoj\/odr\u017eivoj gradnji, energetskoj u\u010dinkovitosti, odr\u017eivom prometu ili odr\u017eivom razvoju, zbrinjavanju otpada odnosno smanjenju utjecaja na okoli\u0161 i emisijama stakleni\u010dkih plinova u Republici Hrvatskoj;<\/li>\n<li>EU, nacionalno, lokalno, regionalno ili privatno financirani;<\/li>\n<li>koji su ili neprofitno ili tr\u017ei\u0161no orijentirani.<\/li>\n<\/ol>\n<p><strong>6. Studentski projekt godine (diplomskih studija)- <\/strong>u ovoj kategoriji svoje razvojne projekte i\/ili projektne koncepte i\/ili projektne ideje mogu prijaviti fizi\u010dke osobe studenti diplomskih studija sa vi\u0161e sastavnica sveu\u010dili\u0161ta koji su vezani uz zelenu\/odr\u017eivu gradnju i odr\u017eivi razvoj. U ovu kategoriju spadaju projekti koji su zapo\u010deli, u tijeku ili zavr\u0161ili u teku\u0107oj godini:<\/p>\n<ol>\n<li>koji su doprinijeli zelenoj\/odr\u017eivoj gradnji i\/ili odr\u017eivom razvoju u Republici Hrvatskoj;<\/li>\n<li>koji promoviraju dru\u0161tveno korisno u\u010denje za zelenu gradnju;<\/li>\n<li>koji promoviraju interdisciplinarni, multidisciplinarni, holisti\u010dki i inovativni pristup gradnji;<\/li>\n<li>koji su EU, nacionalno, lokalno, regionalno ili privatno financirani;<\/li>\n<li>koji su neprofitno ili tr\u017ei\u0161no orijentirani.<\/li>\n<\/ol>\n<p>&nbsp;<\/p>\n<p>Popunjenu i skeniranu dokumentaciju treba poslati na:<\/p>\n<p><a name=\"_Hlk527452660\"><\/a>HRVATSKI SAVJET ZA ZELENU GRADNJU<\/p>\n<p>Godi\u0161nja nagrada za zelenu gradnju i odr\u017eivi razvoj<\/p>\n<p>Ul. grada Vukovara 274\/I<\/p>\n<p>10000 Zagreb<\/p>\n<p><strong>Ili na e-mail adresu:<\/strong>\u00a0tea.zugaj@gbccroatia.org<\/p>\n<p><strong>Rok za podno\u0161enje prijava je 15.11.2019.<\/strong><\/p>\n<p>&nbsp;<\/p>\n<p><a href=\"https:\/\/gbccroatia.org\/storage\/uploads\/news\/2019\/08\/2019-08-20\/399\/191206zelenenagradepravilnikfinal.pdf\" target=\"_blank\" rel=\"noopener\">Pravilnik<\/a> i <a href=\"https:\/\/gbccroatia.org\/storage\/uploads\/news\/2019\/08\/2019-08-20\/399\/190723zelenanagradaobrazaczaprijavufinal.docx\" target=\"_blank\" rel=\"noopener\">obrazac za prijavu<\/a> mo\u017eete preuzeti OVDJE:<\/p>\n","protected":false},"excerpt":{"rendered":"<p>Tri organizacije okupljene u kampanju OBNOVIMO HRVATSKU drugu godinu&#8230;<\/p>\n","protected":false},"author":1,"featured_media":11299,"comment_status":"open","ping_status":"open","sticky":false,"template":"","format":"standard","meta":{"footnotes":""},"categories":[74],"tags":[],"class_list":["post-18060","post","type-post","status-publish","format-standard","has-post-thumbnail","hentry","category-2019-en"],"acf":{"photo_gallery":{"galerija":[[]],"logo1_slike":[[],[]],"logo2_slike":[[],[],[]],"logo3_slike":[[],[],[],[]],"logo4_slike":[[],[],[],[],[]],"logo5_slike":[[],[],[],[],[],[]],"logo6_slike":[[],[],[],[],[],[],[]],"logo7_slike":[[],[],[],[],[],[],[],[]],"logo8_slike":[[],[],[],[],[],[],[],[],[]],"logo9_slike":[[],[],[],[],[],[],[],[],[],[]],"logo10_slike":[[],[],[],[],[],[],[],[],[],[],[]],"logo11_slike":[[],[],[],[],[],[],[],[],[],[],[],[]],"logo12_slike":[[],[],[],[],[],[],[],[],[],[],[],[],[]],"logo13_slike":[[],[],[],[],[],[],[],[],[],[],[],[],[],[]],"logo14_slike":[[],[],[],[],[],[],[],[],[],[],[],[],[],[],[]],"logo15_slike":[[],[],[],[],[],[],[],[],[],[],[],[],[],[],[],[]],"logo16_slike":[[],[],[],[],[],[],[],[],[],[],[],[],[],[],[],[],[]],"logo17_slike":[[],[],[],[],[],[],[],[],[],[],[],[],[],[],[],[],[],[]],"logo18_slike":[[],[],[],[],[],[],[],[],[],[],[],[],[],[],[],[],[],[],[]],"logo19_slike":[[],[],[],[],[],[],[],[],[],[],[],[],[],[],[],[],[],[],[],[]],"logo20_slike":[[],[],[],[],[],[],[],[],[],[],[],[],[],[],[],[],[],[],[],[],[]]}},"yoast_head":"<!-- This site is optimized with the Yoast SEO plugin v26.3 - https:\/\/yoast.com\/wordpress\/plugins\/seo\/ -->\n<title>Raspisan natje\u010daj za Godi\u0161nje nagrade za zelenu gradnju i odr\u017eivi razvoj - PRODU\u017dEN ROK - Hrvatski savjet za zelenu gradnju<\/title>\n<meta name=\"robots\" content=\"index, follow, max-snippet:-1, max-image-preview:large, max-video-preview:-1\" \/>\n<link rel=\"canonical\" href=\"https:\/\/gbccroatia.org\/raspisan-natjecaj-za-godisnje-nagrade-za-zelenu-gradnju-i-odrzivi-razvoj-produzen-rok\/\" \/>\n<meta property=\"og:locale\" content=\"en_US\" \/>\n<meta property=\"og:type\" content=\"article\" \/>\n<meta property=\"og:title\" content=\"Raspisan natje\u010daj za Godi\u0161nje nagrade za zelenu gradnju i odr\u017eivi razvoj - PRODU\u017dEN ROK - Hrvatski savjet za zelenu gradnju\" \/>\n<meta property=\"og:description\" content=\"Tri organizacije okupljene u kampanju OBNOVIMO HRVATSKU drugu godinu...\" \/>\n<meta property=\"og:url\" content=\"https:\/\/gbccroatia.org\/raspisan-natjecaj-za-godisnje-nagrade-za-zelenu-gradnju-i-odrzivi-razvoj-produzen-rok\/\" \/>\n<meta property=\"og:site_name\" content=\"Hrvatski savjet za zelenu gradnju\" \/>\n<meta property=\"article:published_time\" content=\"2023-09-09T09:10:14+00:00\" \/>\n<meta property=\"og:image\" content=\"https:\/\/gbccroatia.org\/wp-content\/uploads\/2023\/09\/image96.png\" \/>\n\t<meta property=\"og:image:width\" content=\"560\" \/>\n\t<meta property=\"og:image:height\" content=\"106\" \/>\n\t<meta property=\"og:image:type\" content=\"image\/png\" \/>\n<meta name=\"author\" content=\"michelWP\" \/>\n<meta name=\"twitter:card\" content=\"summary_large_image\" \/>\n<meta name=\"twitter:label1\" content=\"Written by\" \/>\n\t<meta name=\"twitter:data1\" content=\"michelWP\" \/>\n\t<meta name=\"twitter:label2\" content=\"Est. reading time\" \/>\n\t<meta name=\"twitter:data2\" content=\"3 minutes\" \/>\n<script type=\"application\/ld+json\" class=\"yoast-schema-graph\">{\"@context\":\"https:\/\/schema.org\",\"@graph\":[{\"@type\":\"WebPage\",\"@id\":\"https:\/\/gbccroatia.org\/raspisan-natjecaj-za-godisnje-nagrade-za-zelenu-gradnju-i-odrzivi-razvoj-produzen-rok\/\",\"url\":\"https:\/\/gbccroatia.org\/raspisan-natjecaj-za-godisnje-nagrade-za-zelenu-gradnju-i-odrzivi-razvoj-produzen-rok\/\",\"name\":\"Raspisan natje\u010daj za Godi\u0161nje nagrade za zelenu gradnju i odr\u017eivi razvoj - PRODU\u017dEN ROK - Hrvatski savjet za zelenu gradnju\",\"isPartOf\":{\"@id\":\"https:\/\/gbccroatia.org\/#website\"},\"primaryImageOfPage\":{\"@id\":\"https:\/\/gbccroatia.org\/raspisan-natjecaj-za-godisnje-nagrade-za-zelenu-gradnju-i-odrzivi-razvoj-produzen-rok\/#primaryimage\"},\"image\":{\"@id\":\"https:\/\/gbccroatia.org\/raspisan-natjecaj-za-godisnje-nagrade-za-zelenu-gradnju-i-odrzivi-razvoj-produzen-rok\/#primaryimage\"},\"thumbnailUrl\":\"https:\/\/gbccroatia.org\/wp-content\/uploads\/2023\/09\/image96.png\",\"datePublished\":\"2023-09-09T09:10:14+00:00\",\"author\":{\"@id\":\"https:\/\/gbccroatia.org\/#\/schema\/person\/2ee378f32578f974b44a9807dbc22176\"},\"breadcrumb\":{\"@id\":\"https:\/\/gbccroatia.org\/raspisan-natjecaj-za-godisnje-nagrade-za-zelenu-gradnju-i-odrzivi-razvoj-produzen-rok\/#breadcrumb\"},\"inLanguage\":\"en-US\",\"potentialAction\":[{\"@type\":\"ReadAction\",\"target\":[\"https:\/\/gbccroatia.org\/raspisan-natjecaj-za-godisnje-nagrade-za-zelenu-gradnju-i-odrzivi-razvoj-produzen-rok\/\"]}]},{\"@type\":\"ImageObject\",\"inLanguage\":\"en-US\",\"@id\":\"https:\/\/gbccroatia.org\/raspisan-natjecaj-za-godisnje-nagrade-za-zelenu-gradnju-i-odrzivi-razvoj-produzen-rok\/#primaryimage\",\"url\":\"https:\/\/gbccroatia.org\/wp-content\/uploads\/2023\/09\/image96.png\",\"contentUrl\":\"https:\/\/gbccroatia.org\/wp-content\/uploads\/2023\/09\/image96.png\",\"width\":560,\"height\":106},{\"@type\":\"BreadcrumbList\",\"@id\":\"https:\/\/gbccroatia.org\/raspisan-natjecaj-za-godisnje-nagrade-za-zelenu-gradnju-i-odrzivi-razvoj-produzen-rok\/#breadcrumb\",\"itemListElement\":[{\"@type\":\"ListItem\",\"position\":1,\"name\":\"Po\u010detna stranica\",\"item\":\"https:\/\/gbccroatia.org\/\"},{\"@type\":\"ListItem\",\"position\":2,\"name\":\"Raspisan natje\u010daj za Godi\u0161nje nagrade za zelenu gradnju i odr\u017eivi razvoj &#8211; PRODU\u017dEN ROK\"}]},{\"@type\":\"WebSite\",\"@id\":\"https:\/\/gbccroatia.org\/#website\",\"url\":\"https:\/\/gbccroatia.org\/\",\"name\":\"Hrvatski savjet za zelenu gradnju\",\"description\":\"Zelena gradnja u srcu europske budu\u0107nosti\",\"potentialAction\":[{\"@type\":\"SearchAction\",\"target\":{\"@type\":\"EntryPoint\",\"urlTemplate\":\"https:\/\/gbccroatia.org\/?s={search_term_string}\"},\"query-input\":{\"@type\":\"PropertyValueSpecification\",\"valueRequired\":true,\"valueName\":\"search_term_string\"}}],\"inLanguage\":\"en-US\"},{\"@type\":\"Person\",\"@id\":\"https:\/\/gbccroatia.org\/#\/schema\/person\/2ee378f32578f974b44a9807dbc22176\",\"name\":\"michelWP\",\"image\":{\"@type\":\"ImageObject\",\"inLanguage\":\"en-US\",\"@id\":\"https:\/\/gbccroatia.org\/#\/schema\/person\/image\/\",\"url\":\"https:\/\/secure.gravatar.com\/avatar\/2396f1895e66c15a2dc32b7a2cb4bda7cf5792712bfe8117f20e3109b7447481?s=96&d=mm&r=g\",\"contentUrl\":\"https:\/\/secure.gravatar.com\/avatar\/2396f1895e66c15a2dc32b7a2cb4bda7cf5792712bfe8117f20e3109b7447481?s=96&d=mm&r=g\",\"caption\":\"michelWP\"},\"sameAs\":[\"https:\/\/gbccroatia.org\"],\"url\":\"https:\/\/gbccroatia.org\/en\/author\/michelwp\/\"}]}<\/script>\n<!-- \/ Yoast SEO plugin. -->","yoast_head_json":{"title":"Raspisan natje\u010daj za Godi\u0161nje nagrade za zelenu gradnju i odr\u017eivi razvoj - PRODU\u017dEN ROK - Hrvatski savjet za zelenu gradnju","robots":{"index":"index","follow":"follow","max-snippet":"max-snippet:-1","max-image-preview":"max-image-preview:large","max-video-preview":"max-video-preview:-1"},"canonical":"https:\/\/gbccroatia.org\/raspisan-natjecaj-za-godisnje-nagrade-za-zelenu-gradnju-i-odrzivi-razvoj-produzen-rok\/","og_locale":"en_US","og_type":"article","og_title":"Raspisan natje\u010daj za Godi\u0161nje nagrade za zelenu gradnju i odr\u017eivi razvoj - PRODU\u017dEN ROK - Hrvatski savjet za zelenu gradnju","og_description":"Tri organizacije okupljene u kampanju OBNOVIMO HRVATSKU drugu godinu...","og_url":"https:\/\/gbccroatia.org\/raspisan-natjecaj-za-godisnje-nagrade-za-zelenu-gradnju-i-odrzivi-razvoj-produzen-rok\/","og_site_name":"Hrvatski savjet za zelenu gradnju","article_published_time":"2023-09-09T09:10:14+00:00","og_image":[{"width":560,"height":106,"url":"https:\/\/gbccroatia.org\/wp-content\/uploads\/2023\/09\/image96.png","type":"image\/png"}],"author":"michelWP","twitter_card":"summary_large_image","twitter_misc":{"Written by":"michelWP","Est. reading time":"3 minutes"},"schema":{"@context":"https:\/\/schema.org","@graph":[{"@type":"WebPage","@id":"https:\/\/gbccroatia.org\/raspisan-natjecaj-za-godisnje-nagrade-za-zelenu-gradnju-i-odrzivi-razvoj-produzen-rok\/","url":"https:\/\/gbccroatia.org\/raspisan-natjecaj-za-godisnje-nagrade-za-zelenu-gradnju-i-odrzivi-razvoj-produzen-rok\/","name":"Raspisan natje\u010daj za Godi\u0161nje nagrade za zelenu gradnju i odr\u017eivi razvoj - PRODU\u017dEN ROK - Hrvatski savjet za zelenu gradnju","isPartOf":{"@id":"https:\/\/gbccroatia.org\/#website"},"primaryImageOfPage":{"@id":"https:\/\/gbccroatia.org\/raspisan-natjecaj-za-godisnje-nagrade-za-zelenu-gradnju-i-odrzivi-razvoj-produzen-rok\/#primaryimage"},"image":{"@id":"https:\/\/gbccroatia.org\/raspisan-natjecaj-za-godisnje-nagrade-za-zelenu-gradnju-i-odrzivi-razvoj-produzen-rok\/#primaryimage"},"thumbnailUrl":"https:\/\/gbccroatia.org\/wp-content\/uploads\/2023\/09\/image96.png","datePublished":"2023-09-09T09:10:14+00:00","author":{"@id":"https:\/\/gbccroatia.org\/#\/schema\/person\/2ee378f32578f974b44a9807dbc22176"},"breadcrumb":{"@id":"https:\/\/gbccroatia.org\/raspisan-natjecaj-za-godisnje-nagrade-za-zelenu-gradnju-i-odrzivi-razvoj-produzen-rok\/#breadcrumb"},"inLanguage":"en-US","potentialAction":[{"@type":"ReadAction","target":["https:\/\/gbccroatia.org\/raspisan-natjecaj-za-godisnje-nagrade-za-zelenu-gradnju-i-odrzivi-razvoj-produzen-rok\/"]}]},{"@type":"ImageObject","inLanguage":"en-US","@id":"https:\/\/gbccroatia.org\/raspisan-natjecaj-za-godisnje-nagrade-za-zelenu-gradnju-i-odrzivi-razvoj-produzen-rok\/#primaryimage","url":"https:\/\/gbccroatia.org\/wp-content\/uploads\/2023\/09\/image96.png","contentUrl":"https:\/\/gbccroatia.org\/wp-content\/uploads\/2023\/09\/image96.png","width":560,"height":106},{"@type":"BreadcrumbList","@id":"https:\/\/gbccroatia.org\/raspisan-natjecaj-za-godisnje-nagrade-za-zelenu-gradnju-i-odrzivi-razvoj-produzen-rok\/#breadcrumb","itemListElement":[{"@type":"ListItem","position":1,"name":"Po\u010detna stranica","item":"https:\/\/gbccroatia.org\/"},{"@type":"ListItem","position":2,"name":"Raspisan natje\u010daj za Godi\u0161nje nagrade za zelenu gradnju i odr\u017eivi razvoj &#8211; PRODU\u017dEN ROK"}]},{"@type":"WebSite","@id":"https:\/\/gbccroatia.org\/#website","url":"https:\/\/gbccroatia.org\/","name":"Hrvatski savjet za zelenu gradnju","description":"Zelena gradnja u srcu europske budu\u0107nosti","potentialAction":[{"@type":"SearchAction","target":{"@type":"EntryPoint","urlTemplate":"https:\/\/gbccroatia.org\/?s={search_term_string}"},"query-input":{"@type":"PropertyValueSpecification","valueRequired":true,"valueName":"search_term_string"}}],"inLanguage":"en-US"},{"@type":"Person","@id":"https:\/\/gbccroatia.org\/#\/schema\/person\/2ee378f32578f974b44a9807dbc22176","name":"michelWP","image":{"@type":"ImageObject","inLanguage":"en-US","@id":"https:\/\/gbccroatia.org\/#\/schema\/person\/image\/","url":"https:\/\/secure.gravatar.com\/avatar\/2396f1895e66c15a2dc32b7a2cb4bda7cf5792712bfe8117f20e3109b7447481?s=96&d=mm&r=g","contentUrl":"https:\/\/secure.gravatar.com\/avatar\/2396f1895e66c15a2dc32b7a2cb4bda7cf5792712bfe8117f20e3109b7447481?s=96&d=mm&r=g","caption":"michelWP"},"sameAs":["https:\/\/gbccroatia.org"],"url":"https:\/\/gbccroatia.org\/en\/author\/michelwp\/"}]}},"_links":{"self":[{"href":"https:\/\/gbccroatia.org\/en\/wp-json\/wp\/v2\/posts\/18060","targetHints":{"allow":["GET"]}}],"collection":[{"href":"https:\/\/gbccroatia.org\/en\/wp-json\/wp\/v2\/posts"}],"about":[{"href":"https:\/\/gbccroatia.org\/en\/wp-json\/wp\/v2\/types\/post"}],"author":[{"embeddable":true,"href":"https:\/\/gbccroatia.org\/en\/wp-json\/wp\/v2\/users\/1"}],"replies":[{"embeddable":true,"href":"https:\/\/gbccroatia.org\/en\/wp-json\/wp\/v2\/comments?post=18060"}],"version-history":[{"count":0,"href":"https:\/\/gbccroatia.org\/en\/wp-json\/wp\/v2\/posts\/18060\/revisions"}],"wp:featuredmedia":[{"embeddable":true,"href":"https:\/\/gbccroatia.org\/en\/wp-json\/wp\/v2\/media\/11299"}],"wp:attachment":[{"href":"https:\/\/gbccroatia.org\/en\/wp-json\/wp\/v2\/media?parent=18060"}],"wp:term":[{"taxonomy":"category","embeddable":true,"href":"https:\/\/gbccroatia.org\/en\/wp-json\/wp\/v2\/categories?post=18060"},{"taxonomy":"post_tag","embeddable":true,"href":"https:\/\/gbccroatia.org\/en\/wp-json\/wp\/v2\/tags?post=18060"}],"curies":[{"name":"wp","href":"https:\/\/api.w.org\/{rel}","templated":true}]}}