{"id":18250,"date":"2023-09-08T11:44:27","date_gmt":"2023-09-08T11:44:27","guid":{"rendered":"https:\/\/gbccroatia.org\/hszg-suorganizator-3-istarskih-energetskih-dana-stvaranje-novih-tradicija-3-istarski-energetski-dani-u-pazinu\/"},"modified":"2023-09-08T11:44:27","modified_gmt":"2023-09-08T11:44:27","slug":"hszg-suorganizator-3-istarskih-energetskih-dana-stvaranje-novih-tradicija-3-istarski-energetski-dani-u-pazinu","status":"publish","type":"post","link":"https:\/\/gbccroatia.org\/en\/hszg-suorganizator-3-istarskih-energetskih-dana-stvaranje-novih-tradicija-3-istarski-energetski-dani-u-pazinu\/","title":{"rendered":"HSZG suorganizator 3 ISTARSKIH ENERGETSKIH DANA STVARANJE NOVIH TRADICIJA \u2013 3. ISTARSKI ENERGETSKI DANI U PAZINU"},"content":{"rendered":"<div id=\"action-339\" class=\"action __pb-action __pb-action--action __action-339\">Od 24. \u2013 26. svibnja 2018. odr\u017eani su 3. Istarski energetski dani \u010diji je glavni cilj podizanje svijesti o energetskoj u\u010dinkovitosti i kori\u0161tenju obnovljivih izvora energije.<\/div>\n<div id=\"action-584\" class=\"action __pb-action __pb-action--action __action-584\">\n<p>&nbsp;<\/p>\n<p>Od 24. \u2013 26. svibnja 2018. odr\u017eani su 3. Istarski energetski dani \u010diji je glavni cilj podizanje svijesti o energetskoj u\u010dinkovitosti i kori\u0161tenju obnovljivih izvora energije.<\/p>\n<p>U \u010detvrtak, 24. svibnja s po\u010detkom u 10,00 sati otvorenju su nazo\u010dili i svojim govorima doprinijeli predstavnici partnera u\u00a0 organizaciji: Sandra \u0106aki\u0107 Kuhar, zamjenica \u017eupana Istarske \u017eupanije, Renato Krul\u010di\u0107, gradona\u010delnik Grada Pazina, Valter Poropat, direktor Istarske regionalne energetske agencije te Dean Smolar, direktor Hrvatskog savjeta za zelenu gradnju, suorganizator energetskih dana u Pazinu.<\/p>\n<p>U ulaznom holu \u0161kolsko \u2013 gradske sportske dvorane odr\u017eana su predavanja predstavnika Ministarstva graditeljstva i prostornog ure\u0111enja, Fonda za za\u0161titu okoli\u0161a i energetike,\u00a0 Energetskog instituta Hrvoje Po\u017ear te Istarske regionalne energetske agencije dok su predstavnice gradova Pazin i Pore\u010d odr\u017eale prezentaciju na temu va\u017enosti izrade \u201eStrategije prilagodbe klimatskim promjenama na lokalnoj razini\u201c obzirom da u sklopu provedbe Life SEC Adapt projekta \u0161est istarskih gradova izra\u0111uje istu s pripadaju\u0107im akcijskim planom.<\/p>\n<p>Nakon prvog dijela predavanja, odr\u017ean je okrugli stol na kojem su sudjelovali Gordana Lali\u0107, direktorica gradskog poduze\u0107a Parentium d.o.o., Dolores Sori\u0107, direktorica Labin Stan d.o.o., Valter Poropat, direktor IRENA-e, Silvano Cukon, vi\u0161i stru\u010dni suradnik za energetiku i rudarstvo Istarske \u017eupanije te Denis Hrelja, predstavnik Hrvatske gospodarske komore, \u017dupanijske komore u Puli na kojem se raspravljalo o energetskoj u\u010dinkovitosti u Istarskoj \u017eupaniji, aktualnim natje\u010dajima po pitanju iste te o uklju\u010divanju dionika u prikupljanje podataka i ulozi Hrvatske gospodarske komore u pru\u017eanju informacija va\u017enim za poduzetnike.<\/p>\n<p>Paralelno su u holu dvorane izlaga\u010di predstavili svoje proizvode pa su tako posjetitelji imali priliku dobiti informacije vezane za pametnu klupu Steora koju je predstavljala tvrtka Include d.o.o., elektri\u010dne bicikle Ute d.o.o. te Eltor d.o.o. i ponude tvrtki \u010dlanova Hrvatskog savjeta za zelenu gradnju: Hoval d.o.o., Philips Lighting, Gealan d.o.o., JUB d.o.o., Danfoss d.o.o., Mapei d.o.o.<\/p>\n<p>U popodnevnom dijelu odr\u017eane su stru\u010dne prezentacije namijenjene projektantima i ostaloj zainteresiranoj javnosti vezane za moderna rje\u0161enja grijanja, energetski u\u010dinkovite prozorske sustave, ventilaciju, rasvjetu i fasadne sustave.<\/p>\n<p><img fetchpriority=\"high\" decoding=\"async\" class=\"alignnone wp-image-16587 size-full\" src=\"https:\/\/gbccroatia.org\/wp-content\/uploads\/2023\/09\/image262.jpg\" alt=\"\" width=\"571\" height=\"384\" srcset=\"https:\/\/gbccroatia.org\/wp-content\/uploads\/2023\/09\/image262.jpg 571w, https:\/\/gbccroatia.org\/wp-content\/uploads\/2023\/09\/image262-300x202.jpg 300w\" sizes=\"(max-width: 571px) 100vw, 571px\" \/><\/p>\n<p>Sljede\u0107eg dana, 25. svibnja Zelena energetska zadruga predstavila je svoju aktualnu kampanju \u201eEnergija u rukama gra\u0111ana\u201c nakon \u010dega su svi prisutni imali priliku \u010duti ne\u0161to vi\u0161e o grupnom financiranju i provedbi projekta izgradnje solarne elektrane u Kri\u017eevcima dok su predstavnici Grada Osijeka i Energetskog Instituta Hrvoje Po\u017ear rekli ne\u0161to vi\u0161e o ciljevima projekata koje provode i financirani su sredstvima EU.<\/p>\n<p>U jutarnjim satima odr\u017eana je radionica za djecu u organizaciji Dru\u0161tva na\u0161a djeca Pazin na kojoj se izra\u0111ivao balzam na bazi meda i ukra\u0161avale kutijice za uspomenu nakon \u010dega su i djeca dje\u010djeg vrti\u0107a Olga Ban u Pazinu pogledala animirani film DND-a \u201eSun\u010danica\u201c i poslu\u0161ala ne\u0161to vi\u0161e o solitarnim p\u010delama korisnim za bioraznolikost.<\/p>\n<p>U\u010denicima Gimnazije i strukovne \u0161kole Jurja Dobrile u Pazinu odr\u017eano je predavanje vezano za geotermalnu energiju nakon \u010dega su i oni, kao i svi ostali posjetitelji imali priliku odgovoriti na \u201ezeleno pitanje\u201c koje je glasilo:\u00a0<em>\u201eKemijski sastav sunca kao obnovljivog izvora energije \u010dine u najve\u0107em postotku: a) vodik i helij, b) neon i ugljik, c) sumpor i kisik\u201c.<\/em><\/p>\n<p>&nbsp;<\/p>\n<p>U subotu, 26. svibnja, na zadnji dan manifestacije, Korado Korlevi\u0107 je odr\u017eao predavanje na temu \u201eBudu\u0107nost energetike i upravljanje prostorom\u201c \u010dime je postavio dobar temelj za raspravu i smjernice za sljede\u0107e energetske dane, nakon \u010dega su pokloni tvrtki Hoval, Philips Lighting, Gealan i Rockwool \u010diji je cilj pobolj\u0161anje \u017eivota korisnika njihovih proizvoda u skladu s odr\u017eivim razvojem, dodijeljeni izvu\u010denim dobitnicima koji su odgovori da se sunce sastoji u najve\u0107em postotku od vodika i helija.<\/p>\n<p><img decoding=\"async\" class=\"alignnone size-medium wp-image-16589\" src=\"https:\/\/gbccroatia.org\/wp-content\/uploads\/2023\/09\/edit36-300x169.jpg\" alt=\"\" width=\"300\" height=\"169\" srcset=\"https:\/\/gbccroatia.org\/wp-content\/uploads\/2023\/09\/edit36-300x169.jpg 300w, https:\/\/gbccroatia.org\/wp-content\/uploads\/2023\/09\/edit36-768x432.jpg 768w, https:\/\/gbccroatia.org\/wp-content\/uploads\/2023\/09\/edit36.jpg 960w\" sizes=\"(max-width: 300px) 100vw, 300px\" \/> <img decoding=\"async\" class=\"alignnone size-medium wp-image-16591\" src=\"https:\/\/gbccroatia.org\/wp-content\/uploads\/2023\/09\/edit37-300x169.jpg\" alt=\"\" width=\"300\" height=\"169\" srcset=\"https:\/\/gbccroatia.org\/wp-content\/uploads\/2023\/09\/edit37-300x169.jpg 300w, https:\/\/gbccroatia.org\/wp-content\/uploads\/2023\/09\/edit37-768x432.jpg 768w, https:\/\/gbccroatia.org\/wp-content\/uploads\/2023\/09\/edit37.jpg 960w\" sizes=\"(max-width: 300px) 100vw, 300px\" \/><\/p>\n<\/div>\n","protected":false},"excerpt":{"rendered":"<p>Od 24. \u2013 26. svibnja 2018. odr\u017eani su&#8230;<\/p>\n","protected":false},"author":1,"featured_media":11113,"comment_status":"open","ping_status":"open","sticky":false,"template":"","format":"standard","meta":{"footnotes":""},"categories":[75],"tags":[],"class_list":["post-18250","post","type-post","status-publish","format-standard","has-post-thumbnail","hentry","category-2018-en"],"acf":{"photo_gallery":{"galerija":[[]],"logo1_slike":[[],[]],"logo2_slike":[[],[],[]],"logo3_slike":[[],[],[],[]],"logo4_slike":[[],[],[],[],[]],"logo5_slike":[[],[],[],[],[],[]],"logo6_slike":[[],[],[],[],[],[],[]],"logo7_slike":[[],[],[],[],[],[],[],[]],"logo8_slike":[[],[],[],[],[],[],[],[],[]],"logo9_slike":[[],[],[],[],[],[],[],[],[],[]],"logo10_slike":[[],[],[],[],[],[],[],[],[],[],[]],"logo11_slike":[[],[],[],[],[],[],[],[],[],[],[],[]],"logo12_slike":[[],[],[],[],[],[],[],[],[],[],[],[],[]],"logo13_slike":[[],[],[],[],[],[],[],[],[],[],[],[],[],[]],"logo14_slike":[[],[],[],[],[],[],[],[],[],[],[],[],[],[],[]],"logo15_slike":[[],[],[],[],[],[],[],[],[],[],[],[],[],[],[],[]],"logo16_slike":[[],[],[],[],[],[],[],[],[],[],[],[],[],[],[],[],[]],"logo17_slike":[[],[],[],[],[],[],[],[],[],[],[],[],[],[],[],[],[],[]],"logo18_slike":[[],[],[],[],[],[],[],[],[],[],[],[],[],[],[],[],[],[],[]],"logo19_slike":[[],[],[],[],[],[],[],[],[],[],[],[],[],[],[],[],[],[],[],[]],"logo20_slike":[[],[],[],[],[],[],[],[],[],[],[],[],[],[],[],[],[],[],[],[],[]]}},"yoast_head":"<!-- This site is optimized with the Yoast SEO plugin v26.3 - https:\/\/yoast.com\/wordpress\/plugins\/seo\/ -->\n<title>HSZG suorganizator 3 ISTARSKIH ENERGETSKIH DANA STVARANJE NOVIH TRADICIJA \u2013 3. ISTARSKI ENERGETSKI DANI U PAZINU - Hrvatski savjet za zelenu gradnju<\/title>\n<meta name=\"robots\" content=\"index, follow, max-snippet:-1, max-image-preview:large, max-video-preview:-1\" \/>\n<link rel=\"canonical\" href=\"https:\/\/gbccroatia.org\/hszg-suorganizator-3-istarskih-energetskih-dana-stvaranje-novih-tradicija-3-istarski-energetski-dani-u-pazinu\/\" \/>\n<meta property=\"og:locale\" content=\"en_US\" \/>\n<meta property=\"og:type\" content=\"article\" \/>\n<meta property=\"og:title\" content=\"HSZG suorganizator 3 ISTARSKIH ENERGETSKIH DANA STVARANJE NOVIH TRADICIJA \u2013 3. ISTARSKI ENERGETSKI DANI U PAZINU - Hrvatski savjet za zelenu gradnju\" \/>\n<meta property=\"og:description\" content=\"Od 24. \u2013 26. svibnja 2018. odr\u017eani su...\" \/>\n<meta property=\"og:url\" content=\"https:\/\/gbccroatia.org\/hszg-suorganizator-3-istarskih-energetskih-dana-stvaranje-novih-tradicija-3-istarski-energetski-dani-u-pazinu\/\" \/>\n<meta property=\"og:site_name\" content=\"Hrvatski savjet za zelenu gradnju\" \/>\n<meta property=\"article:published_time\" content=\"2023-09-08T11:44:27+00:00\" \/>\n<meta property=\"og:image\" content=\"https:\/\/gbccroatia.org\/wp-content\/uploads\/2023\/09\/dsc0564-scaled.jpg\" \/>\n\t<meta property=\"og:image:width\" content=\"2560\" \/>\n\t<meta property=\"og:image:height\" content=\"1707\" \/>\n\t<meta property=\"og:image:type\" content=\"image\/jpeg\" \/>\n<meta name=\"author\" content=\"michelWP\" \/>\n<meta name=\"twitter:card\" content=\"summary_large_image\" \/>\n<meta name=\"twitter:label1\" content=\"Written by\" \/>\n\t<meta name=\"twitter:data1\" content=\"michelWP\" \/>\n\t<meta name=\"twitter:label2\" content=\"Est. reading time\" \/>\n\t<meta name=\"twitter:data2\" content=\"3 minutes\" \/>\n<script type=\"application\/ld+json\" class=\"yoast-schema-graph\">{\"@context\":\"https:\/\/schema.org\",\"@graph\":[{\"@type\":\"WebPage\",\"@id\":\"https:\/\/gbccroatia.org\/hszg-suorganizator-3-istarskih-energetskih-dana-stvaranje-novih-tradicija-3-istarski-energetski-dani-u-pazinu\/\",\"url\":\"https:\/\/gbccroatia.org\/hszg-suorganizator-3-istarskih-energetskih-dana-stvaranje-novih-tradicija-3-istarski-energetski-dani-u-pazinu\/\",\"name\":\"HSZG suorganizator 3 ISTARSKIH ENERGETSKIH DANA STVARANJE NOVIH TRADICIJA \u2013 3. ISTARSKI ENERGETSKI DANI U PAZINU - Hrvatski savjet za zelenu gradnju\",\"isPartOf\":{\"@id\":\"https:\/\/gbccroatia.org\/#website\"},\"primaryImageOfPage\":{\"@id\":\"https:\/\/gbccroatia.org\/hszg-suorganizator-3-istarskih-energetskih-dana-stvaranje-novih-tradicija-3-istarski-energetski-dani-u-pazinu\/#primaryimage\"},\"image\":{\"@id\":\"https:\/\/gbccroatia.org\/hszg-suorganizator-3-istarskih-energetskih-dana-stvaranje-novih-tradicija-3-istarski-energetski-dani-u-pazinu\/#primaryimage\"},\"thumbnailUrl\":\"https:\/\/gbccroatia.org\/wp-content\/uploads\/2023\/09\/dsc0564-scaled.jpg\",\"datePublished\":\"2023-09-08T11:44:27+00:00\",\"author\":{\"@id\":\"https:\/\/gbccroatia.org\/#\/schema\/person\/2ee378f32578f974b44a9807dbc22176\"},\"breadcrumb\":{\"@id\":\"https:\/\/gbccroatia.org\/hszg-suorganizator-3-istarskih-energetskih-dana-stvaranje-novih-tradicija-3-istarski-energetski-dani-u-pazinu\/#breadcrumb\"},\"inLanguage\":\"en-US\",\"potentialAction\":[{\"@type\":\"ReadAction\",\"target\":[\"https:\/\/gbccroatia.org\/hszg-suorganizator-3-istarskih-energetskih-dana-stvaranje-novih-tradicija-3-istarski-energetski-dani-u-pazinu\/\"]}]},{\"@type\":\"ImageObject\",\"inLanguage\":\"en-US\",\"@id\":\"https:\/\/gbccroatia.org\/hszg-suorganizator-3-istarskih-energetskih-dana-stvaranje-novih-tradicija-3-istarski-energetski-dani-u-pazinu\/#primaryimage\",\"url\":\"https:\/\/gbccroatia.org\/wp-content\/uploads\/2023\/09\/dsc0564-scaled.jpg\",\"contentUrl\":\"https:\/\/gbccroatia.org\/wp-content\/uploads\/2023\/09\/dsc0564-scaled.jpg\",\"width\":2560,\"height\":1707},{\"@type\":\"BreadcrumbList\",\"@id\":\"https:\/\/gbccroatia.org\/hszg-suorganizator-3-istarskih-energetskih-dana-stvaranje-novih-tradicija-3-istarski-energetski-dani-u-pazinu\/#breadcrumb\",\"itemListElement\":[{\"@type\":\"ListItem\",\"position\":1,\"name\":\"Po\u010detna stranica\",\"item\":\"https:\/\/gbccroatia.org\/\"},{\"@type\":\"ListItem\",\"position\":2,\"name\":\"HSZG suorganizator 3 ISTARSKIH ENERGETSKIH DANA STVARANJE NOVIH TRADICIJA \u2013 3. ISTARSKI ENERGETSKI DANI U PAZINU\"}]},{\"@type\":\"WebSite\",\"@id\":\"https:\/\/gbccroatia.org\/#website\",\"url\":\"https:\/\/gbccroatia.org\/\",\"name\":\"Hrvatski savjet za zelenu gradnju\",\"description\":\"Zelena gradnja u srcu europske budu\u0107nosti\",\"potentialAction\":[{\"@type\":\"SearchAction\",\"target\":{\"@type\":\"EntryPoint\",\"urlTemplate\":\"https:\/\/gbccroatia.org\/?s={search_term_string}\"},\"query-input\":{\"@type\":\"PropertyValueSpecification\",\"valueRequired\":true,\"valueName\":\"search_term_string\"}}],\"inLanguage\":\"en-US\"},{\"@type\":\"Person\",\"@id\":\"https:\/\/gbccroatia.org\/#\/schema\/person\/2ee378f32578f974b44a9807dbc22176\",\"name\":\"michelWP\",\"image\":{\"@type\":\"ImageObject\",\"inLanguage\":\"en-US\",\"@id\":\"https:\/\/gbccroatia.org\/#\/schema\/person\/image\/\",\"url\":\"https:\/\/secure.gravatar.com\/avatar\/2396f1895e66c15a2dc32b7a2cb4bda7cf5792712bfe8117f20e3109b7447481?s=96&d=mm&r=g\",\"contentUrl\":\"https:\/\/secure.gravatar.com\/avatar\/2396f1895e66c15a2dc32b7a2cb4bda7cf5792712bfe8117f20e3109b7447481?s=96&d=mm&r=g\",\"caption\":\"michelWP\"},\"sameAs\":[\"https:\/\/gbccroatia.org\"],\"url\":\"https:\/\/gbccroatia.org\/en\/author\/michelwp\/\"}]}<\/script>\n<!-- \/ Yoast SEO plugin. -->","yoast_head_json":{"title":"HSZG suorganizator 3 ISTARSKIH ENERGETSKIH DANA STVARANJE NOVIH TRADICIJA \u2013 3. ISTARSKI ENERGETSKI DANI U PAZINU - Hrvatski savjet za zelenu gradnju","robots":{"index":"index","follow":"follow","max-snippet":"max-snippet:-1","max-image-preview":"max-image-preview:large","max-video-preview":"max-video-preview:-1"},"canonical":"https:\/\/gbccroatia.org\/hszg-suorganizator-3-istarskih-energetskih-dana-stvaranje-novih-tradicija-3-istarski-energetski-dani-u-pazinu\/","og_locale":"en_US","og_type":"article","og_title":"HSZG suorganizator 3 ISTARSKIH ENERGETSKIH DANA STVARANJE NOVIH TRADICIJA \u2013 3. ISTARSKI ENERGETSKI DANI U PAZINU - Hrvatski savjet za zelenu gradnju","og_description":"Od 24. \u2013 26. svibnja 2018. odr\u017eani su...","og_url":"https:\/\/gbccroatia.org\/hszg-suorganizator-3-istarskih-energetskih-dana-stvaranje-novih-tradicija-3-istarski-energetski-dani-u-pazinu\/","og_site_name":"Hrvatski savjet za zelenu gradnju","article_published_time":"2023-09-08T11:44:27+00:00","og_image":[{"width":2560,"height":1707,"url":"https:\/\/gbccroatia.org\/wp-content\/uploads\/2023\/09\/dsc0564-scaled.jpg","type":"image\/jpeg"}],"author":"michelWP","twitter_card":"summary_large_image","twitter_misc":{"Written by":"michelWP","Est. reading time":"3 minutes"},"schema":{"@context":"https:\/\/schema.org","@graph":[{"@type":"WebPage","@id":"https:\/\/gbccroatia.org\/hszg-suorganizator-3-istarskih-energetskih-dana-stvaranje-novih-tradicija-3-istarski-energetski-dani-u-pazinu\/","url":"https:\/\/gbccroatia.org\/hszg-suorganizator-3-istarskih-energetskih-dana-stvaranje-novih-tradicija-3-istarski-energetski-dani-u-pazinu\/","name":"HSZG suorganizator 3 ISTARSKIH ENERGETSKIH DANA STVARANJE NOVIH TRADICIJA \u2013 3. ISTARSKI ENERGETSKI DANI U PAZINU - Hrvatski savjet za zelenu gradnju","isPartOf":{"@id":"https:\/\/gbccroatia.org\/#website"},"primaryImageOfPage":{"@id":"https:\/\/gbccroatia.org\/hszg-suorganizator-3-istarskih-energetskih-dana-stvaranje-novih-tradicija-3-istarski-energetski-dani-u-pazinu\/#primaryimage"},"image":{"@id":"https:\/\/gbccroatia.org\/hszg-suorganizator-3-istarskih-energetskih-dana-stvaranje-novih-tradicija-3-istarski-energetski-dani-u-pazinu\/#primaryimage"},"thumbnailUrl":"https:\/\/gbccroatia.org\/wp-content\/uploads\/2023\/09\/dsc0564-scaled.jpg","datePublished":"2023-09-08T11:44:27+00:00","author":{"@id":"https:\/\/gbccroatia.org\/#\/schema\/person\/2ee378f32578f974b44a9807dbc22176"},"breadcrumb":{"@id":"https:\/\/gbccroatia.org\/hszg-suorganizator-3-istarskih-energetskih-dana-stvaranje-novih-tradicija-3-istarski-energetski-dani-u-pazinu\/#breadcrumb"},"inLanguage":"en-US","potentialAction":[{"@type":"ReadAction","target":["https:\/\/gbccroatia.org\/hszg-suorganizator-3-istarskih-energetskih-dana-stvaranje-novih-tradicija-3-istarski-energetski-dani-u-pazinu\/"]}]},{"@type":"ImageObject","inLanguage":"en-US","@id":"https:\/\/gbccroatia.org\/hszg-suorganizator-3-istarskih-energetskih-dana-stvaranje-novih-tradicija-3-istarski-energetski-dani-u-pazinu\/#primaryimage","url":"https:\/\/gbccroatia.org\/wp-content\/uploads\/2023\/09\/dsc0564-scaled.jpg","contentUrl":"https:\/\/gbccroatia.org\/wp-content\/uploads\/2023\/09\/dsc0564-scaled.jpg","width":2560,"height":1707},{"@type":"BreadcrumbList","@id":"https:\/\/gbccroatia.org\/hszg-suorganizator-3-istarskih-energetskih-dana-stvaranje-novih-tradicija-3-istarski-energetski-dani-u-pazinu\/#breadcrumb","itemListElement":[{"@type":"ListItem","position":1,"name":"Po\u010detna stranica","item":"https:\/\/gbccroatia.org\/"},{"@type":"ListItem","position":2,"name":"HSZG suorganizator 3 ISTARSKIH ENERGETSKIH DANA STVARANJE NOVIH TRADICIJA \u2013 3. ISTARSKI ENERGETSKI DANI U PAZINU"}]},{"@type":"WebSite","@id":"https:\/\/gbccroatia.org\/#website","url":"https:\/\/gbccroatia.org\/","name":"Hrvatski savjet za zelenu gradnju","description":"Zelena gradnja u srcu europske budu\u0107nosti","potentialAction":[{"@type":"SearchAction","target":{"@type":"EntryPoint","urlTemplate":"https:\/\/gbccroatia.org\/?s={search_term_string}"},"query-input":{"@type":"PropertyValueSpecification","valueRequired":true,"valueName":"search_term_string"}}],"inLanguage":"en-US"},{"@type":"Person","@id":"https:\/\/gbccroatia.org\/#\/schema\/person\/2ee378f32578f974b44a9807dbc22176","name":"michelWP","image":{"@type":"ImageObject","inLanguage":"en-US","@id":"https:\/\/gbccroatia.org\/#\/schema\/person\/image\/","url":"https:\/\/secure.gravatar.com\/avatar\/2396f1895e66c15a2dc32b7a2cb4bda7cf5792712bfe8117f20e3109b7447481?s=96&d=mm&r=g","contentUrl":"https:\/\/secure.gravatar.com\/avatar\/2396f1895e66c15a2dc32b7a2cb4bda7cf5792712bfe8117f20e3109b7447481?s=96&d=mm&r=g","caption":"michelWP"},"sameAs":["https:\/\/gbccroatia.org"],"url":"https:\/\/gbccroatia.org\/en\/author\/michelwp\/"}]}},"_links":{"self":[{"href":"https:\/\/gbccroatia.org\/en\/wp-json\/wp\/v2\/posts\/18250","targetHints":{"allow":["GET"]}}],"collection":[{"href":"https:\/\/gbccroatia.org\/en\/wp-json\/wp\/v2\/posts"}],"about":[{"href":"https:\/\/gbccroatia.org\/en\/wp-json\/wp\/v2\/types\/post"}],"author":[{"embeddable":true,"href":"https:\/\/gbccroatia.org\/en\/wp-json\/wp\/v2\/users\/1"}],"replies":[{"embeddable":true,"href":"https:\/\/gbccroatia.org\/en\/wp-json\/wp\/v2\/comments?post=18250"}],"version-history":[{"count":0,"href":"https:\/\/gbccroatia.org\/en\/wp-json\/wp\/v2\/posts\/18250\/revisions"}],"wp:featuredmedia":[{"embeddable":true,"href":"https:\/\/gbccroatia.org\/en\/wp-json\/wp\/v2\/media\/11113"}],"wp:attachment":[{"href":"https:\/\/gbccroatia.org\/en\/wp-json\/wp\/v2\/media?parent=18250"}],"wp:term":[{"taxonomy":"category","embeddable":true,"href":"https:\/\/gbccroatia.org\/en\/wp-json\/wp\/v2\/categories?post=18250"},{"taxonomy":"post_tag","embeddable":true,"href":"https:\/\/gbccroatia.org\/en\/wp-json\/wp\/v2\/tags?post=18250"}],"curies":[{"name":"wp","href":"https:\/\/api.w.org\/{rel}","templated":true}]}}