{"id":18276,"date":"2023-09-08T06:03:19","date_gmt":"2023-09-08T06:03:19","guid":{"rendered":"https:\/\/gbccroatia.org\/bauder-simpozij-za-arhitekte-i-projektante-u-splitu-vezan-uz-tematiku-hidroizolacije-krova-parne-brane-u-krovnim-sustavima-zastite-gradevina-od-pozara-te-osnova-zelenih-krovova-krov-vise-ne-predstav\/"},"modified":"2023-09-08T06:03:19","modified_gmt":"2023-09-08T06:03:19","slug":"bauder-simpozij-za-arhitekte-i-projektante-u-splitu-vezan-uz-tematiku-hidroizolacije-krova-parne-brane-u-krovnim-sustavima-zastite-gradevina-od-pozara-te-osnova-zelenih-krovova-krov-vise-ne-predstav","status":"publish","type":"post","link":"https:\/\/gbccroatia.org\/en\/bauder-simpozij-za-arhitekte-i-projektante-u-splitu-vezan-uz-tematiku-hidroizolacije-krova-parne-brane-u-krovnim-sustavima-zastite-gradevina-od-pozara-te-osnova-zelenih-krovova-krov-vise-ne-predstav\/","title":{"rendered":"BAUDER SIMPOZIJ ZA ARHITEKTE I PROJEKTANTE U SPLITU vezan uz tematiku hidroizolacije krova, parne brane u krovnim sustavima, za\u0161tite gra\u0111evina od po\u017eara te osnova zelenih krovova Krov vi\u0161e ne predstavlja samo dizajnerski element ku\u0107e"},"content":{"rendered":"<p>Tvrtka Bauder d.o.o., u suradnji s Hrvatskim savjetom za zelenu gradnju, organizirala je simpozij u Splitu vezano za tematiku hidroizolacije krova, parne brane u krovnim sustavima, za\u0161tite gra\u0111evina od po\u017eara te osnova zelenih krovova. Simpozij je odr\u017ean 13. o\u017eujka 2018. u Splitu, u hotelu Radisson Blu Resort i privukao je iznimno velik broj arhitekata i projektanata &#8211; prisustvovalo je vi\u0161e od 100 sudionika sa podru\u010dja Dalmacije!<\/p>\n<p>Krov vi\u0161e ne predstavlja samo dizajnerski element ku\u0107e. Svakom investitoru u cilju je posti\u0107i sigurno i dugotrajno funkcioniranje krovne konstrukcije \u0161to se posti\u017ee dobrim planiranjem i kvalitetnom izvedbom iste.<\/p>\n<p>Iz tog razloga prvi dio izlaganja bio je posve\u0107en osnovama hidroizolacijskih radova gdje je g\u0111a. Nata\u0161a Kokori\u0107, na temelju svog vi\u0161egodi\u0161njeg iskustva kao voditelj projekata u jednoj od ve\u0107ih hidroizolaterskih tvrtki, skrenula pozornost i ukazala na bitna pravila struke koja se ponekad nehoti\u010dno previde u praksi. Tako je bilo govora o svrsi hidroizolacije, zahtjevima i smjernicama za ugradnju, kao i svojstvima i vrstama izolacijskih materijala. Zatim su istaknute specifi\u010dnosti izolacije krova i temelja te poja\u0161njeni slojevi izolacijskog sustava ravnog krova s naglaskom na funkciju i ulogu svakog od njih. A za kraj ove teme prikazano je nekoliko razli\u010ditih izolacijskih sustava ravnog krova s financijskog aspekta.<\/p>\n<p>Zatim je g. Luka Vuco, tehni\u010dko-prodajni predstavnik za podru\u010dje Dalmacije u tvrtki Bauder sa vi\u0161egodi\u0161njim iskustvom u ovim poslovima, detaljnije pojasnio ulogu parne brane u krovnom sustavu te njezina svojstva i vrste, s naglaskom na bitne karakteristike i smjernice za odabir odgovaraju\u0107e parne brane u konkretnom krovnom sustavu, a za kraj je predstavio usporedni prikaz razli\u010ditih vrsta parnih brana uz poja\u0161njenje njihovih prednosti i nedostataka.<\/p>\n<p>Temu za\u0161tite gra\u0111evina od po\u017eara izlagao je g. Petar Silobr\u010di\u0107, osniva\u010d i vlasnik tvrtke PRO TEST d.o.o. iz Splita te stru\u010dna osoba u tvrtki vezano za poslove projektiranja i nadzora, kao i vanjski suradnik za ispitivanja stabilnih sustava. On je predstavio pravnu regulativu koja se primjenjuje u Hrvatskoj po pitanju za\u0161tite od po\u017eara, kao i norme, razredbe i ispitivanja gra\u0111evnih materijala vezano za reakciju na po\u017ear i vatrootpornost, uz prikaz konkretnih krovnih izolacijskih sustava koji ispunjavaju pojedine zakonom definirane kriterije.<\/p>\n<p>Drugi dio doga\u0111anja zapo\u010deo je temom primjera \u0161teta na ravnom krovu koju je obradila g\u0111a. Nata\u0161a Kokori\u0107 te prikazala razli\u010dite negativne primjere i posljedice u slu\u010daju zanemarivanja ili nepo\u0161tivanja pravila struke, naravno uz prikaz pozitivnog oglednog primjera kako bi se takvi isti radovi trebali izvesti na pravi na\u010din. Za kraj ovog izlaganja predstavljen je primjer iz prakse, krov na zgradi Op\u0107ine u Babinoj Gredi, gdje je tvrtka Bauder, kao isporu\u010ditelj kompletnog izolacijskog sustava te sustava zelenog krova, sudjelovala u vidu tehni\u010dke podr\u0161ke od faze projektiranja pa sve do isporuke i ugradnje materijala.<\/p>\n<p>Posebna pozornost bila je posve\u0107ena zelenim krovovima o kojima je govorio g. Matija Ivokovi\u0107, direktor prodaje i odgovorna osoba u tvrtki Bauder d.o.o. Ozelenjavanje krovova postaje sve popularnije u Hrvatskoj te nam je cilj predstaviti njegove zna\u010dajke. Tako je g. Ivokovi\u0107 predstavio osnove ozelenjavanja krovova te objasnio koje su vrste zelenih krovova i koja su njihova najzna\u010dajnija obilje\u017eja, zatim kako dobro isplanirati zeleni krov i na \u0161to treba obratiti pozornost prilikom planiranja te tako\u0111er koje su prednosti i koristi koje ozelenjavanje krova donosi i, u kona\u010dnici, na koji se na\u010din provodi njegovo odr\u017eavanje kako bi on dugotrajno zadr\u017eao funkcionalnost i atraktivnost.<\/p>\n","protected":false},"excerpt":{"rendered":"<p>Tvrtka Bauder d.o.o., u suradnji s Hrvatskim savjetom za zelenu gradnju, organizirala je simpozij&#8230;<\/p>\n","protected":false},"author":1,"featured_media":11097,"comment_status":"open","ping_status":"open","sticky":false,"template":"","format":"standard","meta":{"footnotes":""},"categories":[75],"tags":[],"class_list":["post-18276","post","type-post","status-publish","format-standard","has-post-thumbnail","hentry","category-2018-en"],"acf":{"photo_gallery":{"galerija":[[]],"logo1_slike":[[],[]],"logo2_slike":[[],[],[]],"logo3_slike":[[],[],[],[]],"logo4_slike":[[],[],[],[],[]],"logo5_slike":[[],[],[],[],[],[]],"logo6_slike":[[],[],[],[],[],[],[]],"logo7_slike":[[],[],[],[],[],[],[],[]],"logo8_slike":[[],[],[],[],[],[],[],[],[]],"logo9_slike":[[],[],[],[],[],[],[],[],[],[]],"logo10_slike":[[],[],[],[],[],[],[],[],[],[],[]],"logo11_slike":[[],[],[],[],[],[],[],[],[],[],[],[]],"logo12_slike":[[],[],[],[],[],[],[],[],[],[],[],[],[]],"logo13_slike":[[],[],[],[],[],[],[],[],[],[],[],[],[],[]],"logo14_slike":[[],[],[],[],[],[],[],[],[],[],[],[],[],[],[]],"logo15_slike":[[],[],[],[],[],[],[],[],[],[],[],[],[],[],[],[]],"logo16_slike":[[],[],[],[],[],[],[],[],[],[],[],[],[],[],[],[],[]],"logo17_slike":[[],[],[],[],[],[],[],[],[],[],[],[],[],[],[],[],[],[]],"logo18_slike":[[],[],[],[],[],[],[],[],[],[],[],[],[],[],[],[],[],[],[]],"logo19_slike":[[],[],[],[],[],[],[],[],[],[],[],[],[],[],[],[],[],[],[],[]],"logo20_slike":[[],[],[],[],[],[],[],[],[],[],[],[],[],[],[],[],[],[],[],[],[]]}},"yoast_head":"<!-- This site is optimized with the Yoast SEO plugin v26.3 - https:\/\/yoast.com\/wordpress\/plugins\/seo\/ -->\n<title>BAUDER SIMPOZIJ ZA ARHITEKTE I PROJEKTANTE U SPLITU vezan uz tematiku hidroizolacije krova, parne brane u krovnim sustavima, za\u0161tite gra\u0111evina od po\u017eara te osnova zelenih krovova Krov vi\u0161e ne predstavlja samo dizajnerski element ku\u0107e - Hrvatski savjet za zelenu gradnju<\/title>\n<meta name=\"robots\" content=\"index, follow, max-snippet:-1, max-image-preview:large, max-video-preview:-1\" \/>\n<link rel=\"canonical\" href=\"https:\/\/gbccroatia.org\/bauder-simpozij-za-arhitekte-i-projektante-u-splitu-vezan-uz-tematiku-hidroizolacije-krova-parne-brane-u-krovnim-sustavima-zastite-gradevina-od-pozara-te-osnova-zelenih-krovova-krov-vise-ne-predstav\/\" \/>\n<meta property=\"og:locale\" content=\"en_US\" \/>\n<meta property=\"og:type\" content=\"article\" \/>\n<meta property=\"og:title\" content=\"BAUDER SIMPOZIJ ZA ARHITEKTE I PROJEKTANTE U SPLITU vezan uz tematiku hidroizolacije krova, parne brane u krovnim sustavima, za\u0161tite gra\u0111evina od po\u017eara te osnova zelenih krovova Krov vi\u0161e ne predstavlja samo dizajnerski element ku\u0107e - Hrvatski savjet za zelenu gradnju\" \/>\n<meta property=\"og:description\" content=\"Tvrtka Bauder d.o.o., u suradnji s Hrvatskim savjetom za zelenu gradnju, organizirala je simpozij...\" \/>\n<meta property=\"og:url\" content=\"https:\/\/gbccroatia.org\/bauder-simpozij-za-arhitekte-i-projektante-u-splitu-vezan-uz-tematiku-hidroizolacije-krova-parne-brane-u-krovnim-sustavima-zastite-gradevina-od-pozara-te-osnova-zelenih-krovova-krov-vise-ne-predstav\/\" \/>\n<meta property=\"og:site_name\" content=\"Hrvatski savjet za zelenu gradnju\" \/>\n<meta property=\"article:published_time\" content=\"2023-09-08T06:03:19+00:00\" \/>\n<meta property=\"og:image\" content=\"https:\/\/gbccroatia.org\/wp-content\/uploads\/2023\/09\/20180313094420-scaled.jpg\" \/>\n\t<meta property=\"og:image:width\" content=\"2560\" \/>\n\t<meta property=\"og:image:height\" content=\"1920\" \/>\n\t<meta property=\"og:image:type\" content=\"image\/jpeg\" \/>\n<meta name=\"author\" content=\"michelWP\" \/>\n<meta name=\"twitter:card\" content=\"summary_large_image\" \/>\n<meta name=\"twitter:label1\" content=\"Written by\" \/>\n\t<meta name=\"twitter:data1\" content=\"michelWP\" \/>\n\t<meta name=\"twitter:label2\" content=\"Est. reading time\" \/>\n\t<meta name=\"twitter:data2\" content=\"3 minutes\" \/>\n<script type=\"application\/ld+json\" class=\"yoast-schema-graph\">{\"@context\":\"https:\/\/schema.org\",\"@graph\":[{\"@type\":\"WebPage\",\"@id\":\"https:\/\/gbccroatia.org\/bauder-simpozij-za-arhitekte-i-projektante-u-splitu-vezan-uz-tematiku-hidroizolacije-krova-parne-brane-u-krovnim-sustavima-zastite-gradevina-od-pozara-te-osnova-zelenih-krovova-krov-vise-ne-predstav\/\",\"url\":\"https:\/\/gbccroatia.org\/bauder-simpozij-za-arhitekte-i-projektante-u-splitu-vezan-uz-tematiku-hidroizolacije-krova-parne-brane-u-krovnim-sustavima-zastite-gradevina-od-pozara-te-osnova-zelenih-krovova-krov-vise-ne-predstav\/\",\"name\":\"BAUDER SIMPOZIJ ZA ARHITEKTE I PROJEKTANTE U SPLITU vezan uz tematiku hidroizolacije krova, parne brane u krovnim sustavima, za\u0161tite gra\u0111evina od po\u017eara te osnova zelenih krovova Krov vi\u0161e ne predstavlja samo dizajnerski element ku\u0107e - Hrvatski savjet za zelenu gradnju\",\"isPartOf\":{\"@id\":\"https:\/\/gbccroatia.org\/#website\"},\"primaryImageOfPage\":{\"@id\":\"https:\/\/gbccroatia.org\/bauder-simpozij-za-arhitekte-i-projektante-u-splitu-vezan-uz-tematiku-hidroizolacije-krova-parne-brane-u-krovnim-sustavima-zastite-gradevina-od-pozara-te-osnova-zelenih-krovova-krov-vise-ne-predstav\/#primaryimage\"},\"image\":{\"@id\":\"https:\/\/gbccroatia.org\/bauder-simpozij-za-arhitekte-i-projektante-u-splitu-vezan-uz-tematiku-hidroizolacije-krova-parne-brane-u-krovnim-sustavima-zastite-gradevina-od-pozara-te-osnova-zelenih-krovova-krov-vise-ne-predstav\/#primaryimage\"},\"thumbnailUrl\":\"https:\/\/gbccroatia.org\/wp-content\/uploads\/2023\/09\/20180313094420-scaled.jpg\",\"datePublished\":\"2023-09-08T06:03:19+00:00\",\"author\":{\"@id\":\"https:\/\/gbccroatia.org\/#\/schema\/person\/2ee378f32578f974b44a9807dbc22176\"},\"breadcrumb\":{\"@id\":\"https:\/\/gbccroatia.org\/bauder-simpozij-za-arhitekte-i-projektante-u-splitu-vezan-uz-tematiku-hidroizolacije-krova-parne-brane-u-krovnim-sustavima-zastite-gradevina-od-pozara-te-osnova-zelenih-krovova-krov-vise-ne-predstav\/#breadcrumb\"},\"inLanguage\":\"en-US\",\"potentialAction\":[{\"@type\":\"ReadAction\",\"target\":[\"https:\/\/gbccroatia.org\/bauder-simpozij-za-arhitekte-i-projektante-u-splitu-vezan-uz-tematiku-hidroizolacije-krova-parne-brane-u-krovnim-sustavima-zastite-gradevina-od-pozara-te-osnova-zelenih-krovova-krov-vise-ne-predstav\/\"]}]},{\"@type\":\"ImageObject\",\"inLanguage\":\"en-US\",\"@id\":\"https:\/\/gbccroatia.org\/bauder-simpozij-za-arhitekte-i-projektante-u-splitu-vezan-uz-tematiku-hidroizolacije-krova-parne-brane-u-krovnim-sustavima-zastite-gradevina-od-pozara-te-osnova-zelenih-krovova-krov-vise-ne-predstav\/#primaryimage\",\"url\":\"https:\/\/gbccroatia.org\/wp-content\/uploads\/2023\/09\/20180313094420-scaled.jpg\",\"contentUrl\":\"https:\/\/gbccroatia.org\/wp-content\/uploads\/2023\/09\/20180313094420-scaled.jpg\",\"width\":2560,\"height\":1920},{\"@type\":\"BreadcrumbList\",\"@id\":\"https:\/\/gbccroatia.org\/bauder-simpozij-za-arhitekte-i-projektante-u-splitu-vezan-uz-tematiku-hidroizolacije-krova-parne-brane-u-krovnim-sustavima-zastite-gradevina-od-pozara-te-osnova-zelenih-krovova-krov-vise-ne-predstav\/#breadcrumb\",\"itemListElement\":[{\"@type\":\"ListItem\",\"position\":1,\"name\":\"Po\u010detna stranica\",\"item\":\"https:\/\/gbccroatia.org\/\"},{\"@type\":\"ListItem\",\"position\":2,\"name\":\"BAUDER SIMPOZIJ ZA ARHITEKTE I PROJEKTANTE U SPLITU vezan uz tematiku hidroizolacije krova, parne brane u krovnim sustavima, za\u0161tite gra\u0111evina od po\u017eara te osnova zelenih krovova Krov vi\u0161e ne predstavlja samo dizajnerski element ku\u0107e\"}]},{\"@type\":\"WebSite\",\"@id\":\"https:\/\/gbccroatia.org\/#website\",\"url\":\"https:\/\/gbccroatia.org\/\",\"name\":\"Hrvatski savjet za zelenu gradnju\",\"description\":\"Zelena gradnja u srcu europske budu\u0107nosti\",\"potentialAction\":[{\"@type\":\"SearchAction\",\"target\":{\"@type\":\"EntryPoint\",\"urlTemplate\":\"https:\/\/gbccroatia.org\/?s={search_term_string}\"},\"query-input\":{\"@type\":\"PropertyValueSpecification\",\"valueRequired\":true,\"valueName\":\"search_term_string\"}}],\"inLanguage\":\"en-US\"},{\"@type\":\"Person\",\"@id\":\"https:\/\/gbccroatia.org\/#\/schema\/person\/2ee378f32578f974b44a9807dbc22176\",\"name\":\"michelWP\",\"image\":{\"@type\":\"ImageObject\",\"inLanguage\":\"en-US\",\"@id\":\"https:\/\/gbccroatia.org\/#\/schema\/person\/image\/\",\"url\":\"https:\/\/secure.gravatar.com\/avatar\/2396f1895e66c15a2dc32b7a2cb4bda7cf5792712bfe8117f20e3109b7447481?s=96&d=mm&r=g\",\"contentUrl\":\"https:\/\/secure.gravatar.com\/avatar\/2396f1895e66c15a2dc32b7a2cb4bda7cf5792712bfe8117f20e3109b7447481?s=96&d=mm&r=g\",\"caption\":\"michelWP\"},\"sameAs\":[\"https:\/\/gbccroatia.org\"],\"url\":\"https:\/\/gbccroatia.org\/en\/author\/michelwp\/\"}]}<\/script>\n<!-- \/ Yoast SEO plugin. -->","yoast_head_json":{"title":"BAUDER SIMPOZIJ ZA ARHITEKTE I PROJEKTANTE U SPLITU vezan uz tematiku hidroizolacije krova, parne brane u krovnim sustavima, za\u0161tite gra\u0111evina od po\u017eara te osnova zelenih krovova Krov vi\u0161e ne predstavlja samo dizajnerski element ku\u0107e - Hrvatski savjet za zelenu gradnju","robots":{"index":"index","follow":"follow","max-snippet":"max-snippet:-1","max-image-preview":"max-image-preview:large","max-video-preview":"max-video-preview:-1"},"canonical":"https:\/\/gbccroatia.org\/bauder-simpozij-za-arhitekte-i-projektante-u-splitu-vezan-uz-tematiku-hidroizolacije-krova-parne-brane-u-krovnim-sustavima-zastite-gradevina-od-pozara-te-osnova-zelenih-krovova-krov-vise-ne-predstav\/","og_locale":"en_US","og_type":"article","og_title":"BAUDER SIMPOZIJ ZA ARHITEKTE I PROJEKTANTE U SPLITU vezan uz tematiku hidroizolacije krova, parne brane u krovnim sustavima, za\u0161tite gra\u0111evina od po\u017eara te osnova zelenih krovova Krov vi\u0161e ne predstavlja samo dizajnerski element ku\u0107e - Hrvatski savjet za zelenu gradnju","og_description":"Tvrtka Bauder d.o.o., u suradnji s Hrvatskim savjetom za zelenu gradnju, organizirala je simpozij...","og_url":"https:\/\/gbccroatia.org\/bauder-simpozij-za-arhitekte-i-projektante-u-splitu-vezan-uz-tematiku-hidroizolacije-krova-parne-brane-u-krovnim-sustavima-zastite-gradevina-od-pozara-te-osnova-zelenih-krovova-krov-vise-ne-predstav\/","og_site_name":"Hrvatski savjet za zelenu gradnju","article_published_time":"2023-09-08T06:03:19+00:00","og_image":[{"width":2560,"height":1920,"url":"https:\/\/gbccroatia.org\/wp-content\/uploads\/2023\/09\/20180313094420-scaled.jpg","type":"image\/jpeg"}],"author":"michelWP","twitter_card":"summary_large_image","twitter_misc":{"Written by":"michelWP","Est. reading time":"3 minutes"},"schema":{"@context":"https:\/\/schema.org","@graph":[{"@type":"WebPage","@id":"https:\/\/gbccroatia.org\/bauder-simpozij-za-arhitekte-i-projektante-u-splitu-vezan-uz-tematiku-hidroizolacije-krova-parne-brane-u-krovnim-sustavima-zastite-gradevina-od-pozara-te-osnova-zelenih-krovova-krov-vise-ne-predstav\/","url":"https:\/\/gbccroatia.org\/bauder-simpozij-za-arhitekte-i-projektante-u-splitu-vezan-uz-tematiku-hidroizolacije-krova-parne-brane-u-krovnim-sustavima-zastite-gradevina-od-pozara-te-osnova-zelenih-krovova-krov-vise-ne-predstav\/","name":"BAUDER SIMPOZIJ ZA ARHITEKTE I PROJEKTANTE U SPLITU vezan uz tematiku hidroizolacije krova, parne brane u krovnim sustavima, za\u0161tite gra\u0111evina od po\u017eara te osnova zelenih krovova Krov vi\u0161e ne predstavlja samo dizajnerski element ku\u0107e - Hrvatski savjet za zelenu gradnju","isPartOf":{"@id":"https:\/\/gbccroatia.org\/#website"},"primaryImageOfPage":{"@id":"https:\/\/gbccroatia.org\/bauder-simpozij-za-arhitekte-i-projektante-u-splitu-vezan-uz-tematiku-hidroizolacije-krova-parne-brane-u-krovnim-sustavima-zastite-gradevina-od-pozara-te-osnova-zelenih-krovova-krov-vise-ne-predstav\/#primaryimage"},"image":{"@id":"https:\/\/gbccroatia.org\/bauder-simpozij-za-arhitekte-i-projektante-u-splitu-vezan-uz-tematiku-hidroizolacije-krova-parne-brane-u-krovnim-sustavima-zastite-gradevina-od-pozara-te-osnova-zelenih-krovova-krov-vise-ne-predstav\/#primaryimage"},"thumbnailUrl":"https:\/\/gbccroatia.org\/wp-content\/uploads\/2023\/09\/20180313094420-scaled.jpg","datePublished":"2023-09-08T06:03:19+00:00","author":{"@id":"https:\/\/gbccroatia.org\/#\/schema\/person\/2ee378f32578f974b44a9807dbc22176"},"breadcrumb":{"@id":"https:\/\/gbccroatia.org\/bauder-simpozij-za-arhitekte-i-projektante-u-splitu-vezan-uz-tematiku-hidroizolacije-krova-parne-brane-u-krovnim-sustavima-zastite-gradevina-od-pozara-te-osnova-zelenih-krovova-krov-vise-ne-predstav\/#breadcrumb"},"inLanguage":"en-US","potentialAction":[{"@type":"ReadAction","target":["https:\/\/gbccroatia.org\/bauder-simpozij-za-arhitekte-i-projektante-u-splitu-vezan-uz-tematiku-hidroizolacije-krova-parne-brane-u-krovnim-sustavima-zastite-gradevina-od-pozara-te-osnova-zelenih-krovova-krov-vise-ne-predstav\/"]}]},{"@type":"ImageObject","inLanguage":"en-US","@id":"https:\/\/gbccroatia.org\/bauder-simpozij-za-arhitekte-i-projektante-u-splitu-vezan-uz-tematiku-hidroizolacije-krova-parne-brane-u-krovnim-sustavima-zastite-gradevina-od-pozara-te-osnova-zelenih-krovova-krov-vise-ne-predstav\/#primaryimage","url":"https:\/\/gbccroatia.org\/wp-content\/uploads\/2023\/09\/20180313094420-scaled.jpg","contentUrl":"https:\/\/gbccroatia.org\/wp-content\/uploads\/2023\/09\/20180313094420-scaled.jpg","width":2560,"height":1920},{"@type":"BreadcrumbList","@id":"https:\/\/gbccroatia.org\/bauder-simpozij-za-arhitekte-i-projektante-u-splitu-vezan-uz-tematiku-hidroizolacije-krova-parne-brane-u-krovnim-sustavima-zastite-gradevina-od-pozara-te-osnova-zelenih-krovova-krov-vise-ne-predstav\/#breadcrumb","itemListElement":[{"@type":"ListItem","position":1,"name":"Po\u010detna stranica","item":"https:\/\/gbccroatia.org\/"},{"@type":"ListItem","position":2,"name":"BAUDER SIMPOZIJ ZA ARHITEKTE I PROJEKTANTE U SPLITU vezan uz tematiku hidroizolacije krova, parne brane u krovnim sustavima, za\u0161tite gra\u0111evina od po\u017eara te osnova zelenih krovova Krov vi\u0161e ne predstavlja samo dizajnerski element ku\u0107e"}]},{"@type":"WebSite","@id":"https:\/\/gbccroatia.org\/#website","url":"https:\/\/gbccroatia.org\/","name":"Hrvatski savjet za zelenu gradnju","description":"Zelena gradnja u srcu europske budu\u0107nosti","potentialAction":[{"@type":"SearchAction","target":{"@type":"EntryPoint","urlTemplate":"https:\/\/gbccroatia.org\/?s={search_term_string}"},"query-input":{"@type":"PropertyValueSpecification","valueRequired":true,"valueName":"search_term_string"}}],"inLanguage":"en-US"},{"@type":"Person","@id":"https:\/\/gbccroatia.org\/#\/schema\/person\/2ee378f32578f974b44a9807dbc22176","name":"michelWP","image":{"@type":"ImageObject","inLanguage":"en-US","@id":"https:\/\/gbccroatia.org\/#\/schema\/person\/image\/","url":"https:\/\/secure.gravatar.com\/avatar\/2396f1895e66c15a2dc32b7a2cb4bda7cf5792712bfe8117f20e3109b7447481?s=96&d=mm&r=g","contentUrl":"https:\/\/secure.gravatar.com\/avatar\/2396f1895e66c15a2dc32b7a2cb4bda7cf5792712bfe8117f20e3109b7447481?s=96&d=mm&r=g","caption":"michelWP"},"sameAs":["https:\/\/gbccroatia.org"],"url":"https:\/\/gbccroatia.org\/en\/author\/michelwp\/"}]}},"_links":{"self":[{"href":"https:\/\/gbccroatia.org\/en\/wp-json\/wp\/v2\/posts\/18276","targetHints":{"allow":["GET"]}}],"collection":[{"href":"https:\/\/gbccroatia.org\/en\/wp-json\/wp\/v2\/posts"}],"about":[{"href":"https:\/\/gbccroatia.org\/en\/wp-json\/wp\/v2\/types\/post"}],"author":[{"embeddable":true,"href":"https:\/\/gbccroatia.org\/en\/wp-json\/wp\/v2\/users\/1"}],"replies":[{"embeddable":true,"href":"https:\/\/gbccroatia.org\/en\/wp-json\/wp\/v2\/comments?post=18276"}],"version-history":[{"count":0,"href":"https:\/\/gbccroatia.org\/en\/wp-json\/wp\/v2\/posts\/18276\/revisions"}],"wp:featuredmedia":[{"embeddable":true,"href":"https:\/\/gbccroatia.org\/en\/wp-json\/wp\/v2\/media\/11097"}],"wp:attachment":[{"href":"https:\/\/gbccroatia.org\/en\/wp-json\/wp\/v2\/media?parent=18276"}],"wp:term":[{"taxonomy":"category","embeddable":true,"href":"https:\/\/gbccroatia.org\/en\/wp-json\/wp\/v2\/categories?post=18276"},{"taxonomy":"post_tag","embeddable":true,"href":"https:\/\/gbccroatia.org\/en\/wp-json\/wp\/v2\/tags?post=18276"}],"curies":[{"name":"wp","href":"https:\/\/api.w.org\/{rel}","templated":true}]}}