{"id":18313,"date":"2023-09-07T06:07:07","date_gmt":"2023-09-07T06:07:07","guid":{"rendered":"https:\/\/gbccroatia.org\/povodom-obiljezavanja-svjetskog-tjedna-zelene-gradnje-hszg-sudjelovao-na-otvorenju-gradevinskih-radova-u-prvoj-zelenoj-poslovnoj-zoni-u-hrvatskoj-meridian-16-business-park\/"},"modified":"2023-09-07T06:07:07","modified_gmt":"2023-09-07T06:07:07","slug":"povodom-obiljezavanja-svjetskog-tjedna-zelene-gradnje-hszg-sudjelovao-na-otvorenju-gradevinskih-radova-u-prvoj-zelenoj-poslovnoj-zoni-u-hrvatskoj-meridian-16-business-park","status":"publish","type":"post","link":"https:\/\/gbccroatia.org\/en\/povodom-obiljezavanja-svjetskog-tjedna-zelene-gradnje-hszg-sudjelovao-na-otvorenju-gradevinskih-radova-u-prvoj-zelenoj-poslovnoj-zoni-u-hrvatskoj-meridian-16-business-park\/","title":{"rendered":"Povodom obilje\u017eavanja Svjetskog tjedna zelene gradnje: HSZG sudjelovao na otvorenju gra\u0111evinskih radova u prvoj zelenoj poslovnoj zoni u Hrvatskoj &#8211; Meridian 16 Business Park"},"content":{"rendered":"<p>U tijeku trajanja\u00a0<a href=\"https:\/\/gbccroatia.org\/?stranice=svjetski-tjedan-zelene-gradnje&amp;id=63\">Svjetskog tjedna Zelene gradnje<\/a>, koji se\u00a0odr\u017eava od 25. rujna do 1. listopada 2017. godine, HSZG je 26. rujna 2017. godine, povodom obilje\u017eavanja istog, prisustvovao sa svojim predstavnicima otvorenju gra\u0111evinskih radova prvog investitora u prvoj zelenoj poslovnoj zoni u Hrvatskoj &#8211; <a href=\"http:\/\/meridian16.hr\/about-us\/\" target=\"_blank\" rel=\"noopener\">Meridian 16 Business Park<\/a>.<\/p>\n<p>Na otvorenju gra\u0111evinskih radova u prvoj zelenoj poslovnoj zovi okupilo se 100injak sudionika kojima su se obratili i: Dr. Richard Teichmann, suvlasnik projekta razvoja poslovne zone Meridian 16, Kristijan Stipani\u010di\u0107, direktor prvog investitora &#8211; Fas Logistika d.o.o., Petra \u0160kevin, predsjednica Hrvatskog savjeta za zelenu gradnju, Sonja Holocher-Ertl, direktorica Austrijskog ureda za vanjsku trgovinu te Dra\u017een Bari\u0161i\u0107, gradona\u010delnik.<\/p>\n<p>Umjesto tradicionalnog postavljanja kamena temeljca, Meridian 16 odlu\u010dio je simboli\u010dno posaditi drvo kojeg su zajedno posadili\u00a0gradona\u010delnik Dra\u017een Bari\u0161i\u0107, suvlasnik tvrtke Meridian 16 dr. Richard Teichmann i investitor Kristijan Stipani\u010di\u0107.<\/p>\n<hr \/>\n<p>World Green Building Week je vode\u0107i doga\u0111aj globalnog pokreta zelene gradnje \u2013 kojeg organizira Svjetski Savjet za zelenu gradnju na \u010delu s mre\u017eom od 74 nacionalnih Savjeta za zelenu gradnju i njihovih 27.000 tvrtki \u010dlanica. Svrha Svjetskog tjedna zelene gradnje je podizanje svijesti o zelenim zgradama \u0161irom svijeta, nagla\u0161avaju\u0107i kako su naju\u010dinkovitije sredstvo za postizanje niza ekolo\u0161kih, dru\u0161tvenih i ekonomskih ciljeva, do rje\u0161avanja problema klimatskih promjena sa svrhom stvaranja odr\u017eivih domova, poduze\u0107a i zajednice &#8211; boljeg mjesta za ljude u kojem se igraju, \u017eive i rade.<\/p>\n<p>Tema ovogodi\u0161njeg tjedna zelene gradnje je promoviranje net zero carbon zgrada u budu\u0107nosti.\u00a0 Jeste li znali da zgrade doprinose klimatskim promjenama? One \u010dine vi\u0161e od tre\u0107ine svjetskih emisija stakleni\u010dkih plinova. Ali to se mo\u017ee promijeniti. Kada su zgrade net zero to zna\u010di da koriste \u010distu energiju, vrlo su u\u010dinkovite i ne tro\u0161e energiju &#8211; poma\u017eu\u0107i nam da osvojimo borbu protiv klimatskih promjena. To ih \u010dini herojima. Neka sve zgrade budu net zero do 2050. Zgrade mogu biti heroji u borbi protiv klimatskih promjena &#8211; kao i Vi.\u00a0<a href=\"http:\/\/www.worldgbc.org\/worldgreenbuildingweek\/resources\">#OurHeroIsZero<\/a>\u00a0\u2013 sve materijale mo\u017eete preuzeti ovdje:\u00a0<a href=\"http:\/\/www.worldgbc.org\/worldgreenbuildingweek\/resources\">http:\/\/www.worldgbc.org\/worldgreenbuildingweek\/resources<\/a><\/p>\n<p>\u201eIznimno je va\u017eno naglasiti da je sve ve\u0107i broj kapitalnih nekretninskih projekata koji se certificiraju po me\u0111unarodnim standardima zelene gradnje u Hrvatskoj te ovim putem pozivam sve \u010dlanove i prijatelje zelene gradnje da posjete u \u0161to ve\u0107em broju sva doga\u0111anja koja \u0107e biti organizirana u sklopu tjedna zelene gradnje. Tako\u0111er, pozivam Vas da u svakodnevnom kori\u0161tenju zgrada implementirate principe zelene gradnje jer je to na\u010din za postizanje ekolo\u0161kih, dru\u0161tvenih i ekonomskih ciljeva. Hrvatski savjet za zelenu gradnje bit \u0107e aktivna podr\u0161ka arhitektima, in\u017eenjerima, investitorima i developerima te ostalim sudionicima iz javnog i privatnog sektora u svim fazama razvoja nzEB zgrada koje \u0107e uskoro biti obvezne u Hrvatskoj \u201c rekla je Petra \u0160kevin, predsjednica Upravnog odbora Hrvatskog savjeta za zelenu gradnju i direktorica HPB nekretnina.<\/p>\n<hr \/>\n<p><img fetchpriority=\"high\" decoding=\"async\" class=\"alignnone size-medium wp-image-16637\" src=\"https:\/\/gbccroatia.org\/wp-content\/uploads\/2023\/09\/image328_1-300x169.jpg\" alt=\"\" width=\"300\" height=\"169\" srcset=\"https:\/\/gbccroatia.org\/wp-content\/uploads\/2023\/09\/image328_1-300x169.jpg 300w, https:\/\/gbccroatia.org\/wp-content\/uploads\/2023\/09\/image328_1-1024x576.jpg 1024w, https:\/\/gbccroatia.org\/wp-content\/uploads\/2023\/09\/image328_1-768x432.jpg 768w, https:\/\/gbccroatia.org\/wp-content\/uploads\/2023\/09\/image328_1.jpg 1200w\" sizes=\"(max-width: 300px) 100vw, 300px\" \/> <img decoding=\"async\" class=\"alignnone size-medium wp-image-16639\" src=\"https:\/\/gbccroatia.org\/wp-content\/uploads\/2023\/09\/image329_1-300x200.jpg\" alt=\"\" width=\"300\" height=\"200\" srcset=\"https:\/\/gbccroatia.org\/wp-content\/uploads\/2023\/09\/image329_1-300x200.jpg 300w, https:\/\/gbccroatia.org\/wp-content\/uploads\/2023\/09\/image329_1-1024x683.jpg 1024w, https:\/\/gbccroatia.org\/wp-content\/uploads\/2023\/09\/image329_1-768x512.jpg 768w, https:\/\/gbccroatia.org\/wp-content\/uploads\/2023\/09\/image329_1.jpg 1200w\" sizes=\"(max-width: 300px) 100vw, 300px\" \/><\/p>\n<p>Fotograf:\u00a0Miroslav Mar\u0161an<\/p>\n","protected":false},"excerpt":{"rendered":"<p>U tijeku trajanja\u00a0Svjetskog tjedna Zelene gradnje, koji se\u00a0odr\u017eava od 25. rujna do 1. listopada 2017. godine&#8230;<\/p>\n","protected":false},"author":1,"featured_media":11060,"comment_status":"open","ping_status":"open","sticky":false,"template":"","format":"standard","meta":{"footnotes":""},"categories":[76],"tags":[],"class_list":["post-18313","post","type-post","status-publish","format-standard","has-post-thumbnail","hentry","category-2017-en"],"acf":{"photo_gallery":{"galerija":[[]],"logo1_slike":[[],[]],"logo2_slike":[[],[],[]],"logo3_slike":[[],[],[],[]],"logo4_slike":[[],[],[],[],[]],"logo5_slike":[[],[],[],[],[],[]],"logo6_slike":[[],[],[],[],[],[],[]],"logo7_slike":[[],[],[],[],[],[],[],[]],"logo8_slike":[[],[],[],[],[],[],[],[],[]],"logo9_slike":[[],[],[],[],[],[],[],[],[],[]],"logo10_slike":[[],[],[],[],[],[],[],[],[],[],[]],"logo11_slike":[[],[],[],[],[],[],[],[],[],[],[],[]],"logo12_slike":[[],[],[],[],[],[],[],[],[],[],[],[],[]],"logo13_slike":[[],[],[],[],[],[],[],[],[],[],[],[],[],[]],"logo14_slike":[[],[],[],[],[],[],[],[],[],[],[],[],[],[],[]],"logo15_slike":[[],[],[],[],[],[],[],[],[],[],[],[],[],[],[],[]],"logo16_slike":[[],[],[],[],[],[],[],[],[],[],[],[],[],[],[],[],[]],"logo17_slike":[[],[],[],[],[],[],[],[],[],[],[],[],[],[],[],[],[],[]],"logo18_slike":[[],[],[],[],[],[],[],[],[],[],[],[],[],[],[],[],[],[],[]],"logo19_slike":[[],[],[],[],[],[],[],[],[],[],[],[],[],[],[],[],[],[],[],[]],"logo20_slike":[[],[],[],[],[],[],[],[],[],[],[],[],[],[],[],[],[],[],[],[],[]]}},"yoast_head":"<!-- This site is optimized with the Yoast SEO plugin v26.3 - https:\/\/yoast.com\/wordpress\/plugins\/seo\/ -->\n<title>Povodom obilje\u017eavanja Svjetskog tjedna zelene gradnje: HSZG sudjelovao na otvorenju gra\u0111evinskih radova u prvoj zelenoj poslovnoj zoni u Hrvatskoj - Meridian 16 Business Park - Hrvatski savjet za zelenu gradnju<\/title>\n<meta name=\"robots\" content=\"index, follow, max-snippet:-1, max-image-preview:large, max-video-preview:-1\" \/>\n<link rel=\"canonical\" href=\"https:\/\/gbccroatia.org\/povodom-obiljezavanja-svjetskog-tjedna-zelene-gradnje-hszg-sudjelovao-na-otvorenju-gradevinskih-radova-u-prvoj-zelenoj-poslovnoj-zoni-u-hrvatskoj-meridian-16-business-park\/\" \/>\n<meta property=\"og:locale\" content=\"en_US\" \/>\n<meta property=\"og:type\" content=\"article\" \/>\n<meta property=\"og:title\" content=\"Povodom obilje\u017eavanja Svjetskog tjedna zelene gradnje: HSZG sudjelovao na otvorenju gra\u0111evinskih radova u prvoj zelenoj poslovnoj zoni u Hrvatskoj - Meridian 16 Business Park - Hrvatski savjet za zelenu gradnju\" \/>\n<meta property=\"og:description\" content=\"U tijeku trajanja\u00a0Svjetskog tjedna Zelene gradnje, koji se\u00a0odr\u017eava od 25. rujna do 1. listopada 2017. godine...\" \/>\n<meta property=\"og:url\" content=\"https:\/\/gbccroatia.org\/povodom-obiljezavanja-svjetskog-tjedna-zelene-gradnje-hszg-sudjelovao-na-otvorenju-gradevinskih-radova-u-prvoj-zelenoj-poslovnoj-zoni-u-hrvatskoj-meridian-16-business-park\/\" \/>\n<meta property=\"og:site_name\" content=\"Hrvatski savjet za zelenu gradnju\" \/>\n<meta property=\"article:published_time\" content=\"2023-09-07T06:07:07+00:00\" \/>\n<meta property=\"og:image\" content=\"https:\/\/gbccroatia.org\/wp-content\/uploads\/2023\/09\/meridian16169.jpg\" \/>\n\t<meta property=\"og:image:width\" content=\"1200\" \/>\n\t<meta property=\"og:image:height\" content=\"800\" \/>\n\t<meta property=\"og:image:type\" content=\"image\/jpeg\" \/>\n<meta name=\"author\" content=\"michelWP\" \/>\n<meta name=\"twitter:card\" content=\"summary_large_image\" \/>\n<meta name=\"twitter:label1\" content=\"Written by\" \/>\n\t<meta name=\"twitter:data1\" content=\"michelWP\" \/>\n\t<meta name=\"twitter:label2\" content=\"Est. reading time\" \/>\n\t<meta name=\"twitter:data2\" content=\"2 minutes\" \/>\n<script type=\"application\/ld+json\" class=\"yoast-schema-graph\">{\"@context\":\"https:\/\/schema.org\",\"@graph\":[{\"@type\":\"WebPage\",\"@id\":\"https:\/\/gbccroatia.org\/povodom-obiljezavanja-svjetskog-tjedna-zelene-gradnje-hszg-sudjelovao-na-otvorenju-gradevinskih-radova-u-prvoj-zelenoj-poslovnoj-zoni-u-hrvatskoj-meridian-16-business-park\/\",\"url\":\"https:\/\/gbccroatia.org\/povodom-obiljezavanja-svjetskog-tjedna-zelene-gradnje-hszg-sudjelovao-na-otvorenju-gradevinskih-radova-u-prvoj-zelenoj-poslovnoj-zoni-u-hrvatskoj-meridian-16-business-park\/\",\"name\":\"Povodom obilje\u017eavanja Svjetskog tjedna zelene gradnje: HSZG sudjelovao na otvorenju gra\u0111evinskih radova u prvoj zelenoj poslovnoj zoni u Hrvatskoj - Meridian 16 Business Park - Hrvatski savjet za zelenu gradnju\",\"isPartOf\":{\"@id\":\"https:\/\/gbccroatia.org\/#website\"},\"primaryImageOfPage\":{\"@id\":\"https:\/\/gbccroatia.org\/povodom-obiljezavanja-svjetskog-tjedna-zelene-gradnje-hszg-sudjelovao-na-otvorenju-gradevinskih-radova-u-prvoj-zelenoj-poslovnoj-zoni-u-hrvatskoj-meridian-16-business-park\/#primaryimage\"},\"image\":{\"@id\":\"https:\/\/gbccroatia.org\/povodom-obiljezavanja-svjetskog-tjedna-zelene-gradnje-hszg-sudjelovao-na-otvorenju-gradevinskih-radova-u-prvoj-zelenoj-poslovnoj-zoni-u-hrvatskoj-meridian-16-business-park\/#primaryimage\"},\"thumbnailUrl\":\"https:\/\/gbccroatia.org\/wp-content\/uploads\/2023\/09\/meridian16169.jpg\",\"datePublished\":\"2023-09-07T06:07:07+00:00\",\"author\":{\"@id\":\"https:\/\/gbccroatia.org\/#\/schema\/person\/2ee378f32578f974b44a9807dbc22176\"},\"breadcrumb\":{\"@id\":\"https:\/\/gbccroatia.org\/povodom-obiljezavanja-svjetskog-tjedna-zelene-gradnje-hszg-sudjelovao-na-otvorenju-gradevinskih-radova-u-prvoj-zelenoj-poslovnoj-zoni-u-hrvatskoj-meridian-16-business-park\/#breadcrumb\"},\"inLanguage\":\"en-US\",\"potentialAction\":[{\"@type\":\"ReadAction\",\"target\":[\"https:\/\/gbccroatia.org\/povodom-obiljezavanja-svjetskog-tjedna-zelene-gradnje-hszg-sudjelovao-na-otvorenju-gradevinskih-radova-u-prvoj-zelenoj-poslovnoj-zoni-u-hrvatskoj-meridian-16-business-park\/\"]}]},{\"@type\":\"ImageObject\",\"inLanguage\":\"en-US\",\"@id\":\"https:\/\/gbccroatia.org\/povodom-obiljezavanja-svjetskog-tjedna-zelene-gradnje-hszg-sudjelovao-na-otvorenju-gradevinskih-radova-u-prvoj-zelenoj-poslovnoj-zoni-u-hrvatskoj-meridian-16-business-park\/#primaryimage\",\"url\":\"https:\/\/gbccroatia.org\/wp-content\/uploads\/2023\/09\/meridian16169.jpg\",\"contentUrl\":\"https:\/\/gbccroatia.org\/wp-content\/uploads\/2023\/09\/meridian16169.jpg\",\"width\":1200,\"height\":800},{\"@type\":\"BreadcrumbList\",\"@id\":\"https:\/\/gbccroatia.org\/povodom-obiljezavanja-svjetskog-tjedna-zelene-gradnje-hszg-sudjelovao-na-otvorenju-gradevinskih-radova-u-prvoj-zelenoj-poslovnoj-zoni-u-hrvatskoj-meridian-16-business-park\/#breadcrumb\",\"itemListElement\":[{\"@type\":\"ListItem\",\"position\":1,\"name\":\"Po\u010detna stranica\",\"item\":\"https:\/\/gbccroatia.org\/\"},{\"@type\":\"ListItem\",\"position\":2,\"name\":\"Povodom obilje\u017eavanja Svjetskog tjedna zelene gradnje: HSZG sudjelovao na otvorenju gra\u0111evinskih radova u prvoj zelenoj poslovnoj zoni u Hrvatskoj &#8211; Meridian 16 Business Park\"}]},{\"@type\":\"WebSite\",\"@id\":\"https:\/\/gbccroatia.org\/#website\",\"url\":\"https:\/\/gbccroatia.org\/\",\"name\":\"Hrvatski savjet za zelenu gradnju\",\"description\":\"Zelena gradnja u srcu europske budu\u0107nosti\",\"potentialAction\":[{\"@type\":\"SearchAction\",\"target\":{\"@type\":\"EntryPoint\",\"urlTemplate\":\"https:\/\/gbccroatia.org\/?s={search_term_string}\"},\"query-input\":{\"@type\":\"PropertyValueSpecification\",\"valueRequired\":true,\"valueName\":\"search_term_string\"}}],\"inLanguage\":\"en-US\"},{\"@type\":\"Person\",\"@id\":\"https:\/\/gbccroatia.org\/#\/schema\/person\/2ee378f32578f974b44a9807dbc22176\",\"name\":\"michelWP\",\"image\":{\"@type\":\"ImageObject\",\"inLanguage\":\"en-US\",\"@id\":\"https:\/\/gbccroatia.org\/#\/schema\/person\/image\/\",\"url\":\"https:\/\/secure.gravatar.com\/avatar\/2396f1895e66c15a2dc32b7a2cb4bda7cf5792712bfe8117f20e3109b7447481?s=96&d=mm&r=g\",\"contentUrl\":\"https:\/\/secure.gravatar.com\/avatar\/2396f1895e66c15a2dc32b7a2cb4bda7cf5792712bfe8117f20e3109b7447481?s=96&d=mm&r=g\",\"caption\":\"michelWP\"},\"sameAs\":[\"https:\/\/gbccroatia.org\"],\"url\":\"https:\/\/gbccroatia.org\/en\/author\/michelwp\/\"}]}<\/script>\n<!-- \/ Yoast SEO plugin. -->","yoast_head_json":{"title":"Povodom obilje\u017eavanja Svjetskog tjedna zelene gradnje: HSZG sudjelovao na otvorenju gra\u0111evinskih radova u prvoj zelenoj poslovnoj zoni u Hrvatskoj - Meridian 16 Business Park - Hrvatski savjet za zelenu gradnju","robots":{"index":"index","follow":"follow","max-snippet":"max-snippet:-1","max-image-preview":"max-image-preview:large","max-video-preview":"max-video-preview:-1"},"canonical":"https:\/\/gbccroatia.org\/povodom-obiljezavanja-svjetskog-tjedna-zelene-gradnje-hszg-sudjelovao-na-otvorenju-gradevinskih-radova-u-prvoj-zelenoj-poslovnoj-zoni-u-hrvatskoj-meridian-16-business-park\/","og_locale":"en_US","og_type":"article","og_title":"Povodom obilje\u017eavanja Svjetskog tjedna zelene gradnje: HSZG sudjelovao na otvorenju gra\u0111evinskih radova u prvoj zelenoj poslovnoj zoni u Hrvatskoj - Meridian 16 Business Park - Hrvatski savjet za zelenu gradnju","og_description":"U tijeku trajanja\u00a0Svjetskog tjedna Zelene gradnje, koji se\u00a0odr\u017eava od 25. rujna do 1. listopada 2017. godine...","og_url":"https:\/\/gbccroatia.org\/povodom-obiljezavanja-svjetskog-tjedna-zelene-gradnje-hszg-sudjelovao-na-otvorenju-gradevinskih-radova-u-prvoj-zelenoj-poslovnoj-zoni-u-hrvatskoj-meridian-16-business-park\/","og_site_name":"Hrvatski savjet za zelenu gradnju","article_published_time":"2023-09-07T06:07:07+00:00","og_image":[{"width":1200,"height":800,"url":"https:\/\/gbccroatia.org\/wp-content\/uploads\/2023\/09\/meridian16169.jpg","type":"image\/jpeg"}],"author":"michelWP","twitter_card":"summary_large_image","twitter_misc":{"Written by":"michelWP","Est. reading time":"2 minutes"},"schema":{"@context":"https:\/\/schema.org","@graph":[{"@type":"WebPage","@id":"https:\/\/gbccroatia.org\/povodom-obiljezavanja-svjetskog-tjedna-zelene-gradnje-hszg-sudjelovao-na-otvorenju-gradevinskih-radova-u-prvoj-zelenoj-poslovnoj-zoni-u-hrvatskoj-meridian-16-business-park\/","url":"https:\/\/gbccroatia.org\/povodom-obiljezavanja-svjetskog-tjedna-zelene-gradnje-hszg-sudjelovao-na-otvorenju-gradevinskih-radova-u-prvoj-zelenoj-poslovnoj-zoni-u-hrvatskoj-meridian-16-business-park\/","name":"Povodom obilje\u017eavanja Svjetskog tjedna zelene gradnje: HSZG sudjelovao na otvorenju gra\u0111evinskih radova u prvoj zelenoj poslovnoj zoni u Hrvatskoj - Meridian 16 Business Park - Hrvatski savjet za zelenu gradnju","isPartOf":{"@id":"https:\/\/gbccroatia.org\/#website"},"primaryImageOfPage":{"@id":"https:\/\/gbccroatia.org\/povodom-obiljezavanja-svjetskog-tjedna-zelene-gradnje-hszg-sudjelovao-na-otvorenju-gradevinskih-radova-u-prvoj-zelenoj-poslovnoj-zoni-u-hrvatskoj-meridian-16-business-park\/#primaryimage"},"image":{"@id":"https:\/\/gbccroatia.org\/povodom-obiljezavanja-svjetskog-tjedna-zelene-gradnje-hszg-sudjelovao-na-otvorenju-gradevinskih-radova-u-prvoj-zelenoj-poslovnoj-zoni-u-hrvatskoj-meridian-16-business-park\/#primaryimage"},"thumbnailUrl":"https:\/\/gbccroatia.org\/wp-content\/uploads\/2023\/09\/meridian16169.jpg","datePublished":"2023-09-07T06:07:07+00:00","author":{"@id":"https:\/\/gbccroatia.org\/#\/schema\/person\/2ee378f32578f974b44a9807dbc22176"},"breadcrumb":{"@id":"https:\/\/gbccroatia.org\/povodom-obiljezavanja-svjetskog-tjedna-zelene-gradnje-hszg-sudjelovao-na-otvorenju-gradevinskih-radova-u-prvoj-zelenoj-poslovnoj-zoni-u-hrvatskoj-meridian-16-business-park\/#breadcrumb"},"inLanguage":"en-US","potentialAction":[{"@type":"ReadAction","target":["https:\/\/gbccroatia.org\/povodom-obiljezavanja-svjetskog-tjedna-zelene-gradnje-hszg-sudjelovao-na-otvorenju-gradevinskih-radova-u-prvoj-zelenoj-poslovnoj-zoni-u-hrvatskoj-meridian-16-business-park\/"]}]},{"@type":"ImageObject","inLanguage":"en-US","@id":"https:\/\/gbccroatia.org\/povodom-obiljezavanja-svjetskog-tjedna-zelene-gradnje-hszg-sudjelovao-na-otvorenju-gradevinskih-radova-u-prvoj-zelenoj-poslovnoj-zoni-u-hrvatskoj-meridian-16-business-park\/#primaryimage","url":"https:\/\/gbccroatia.org\/wp-content\/uploads\/2023\/09\/meridian16169.jpg","contentUrl":"https:\/\/gbccroatia.org\/wp-content\/uploads\/2023\/09\/meridian16169.jpg","width":1200,"height":800},{"@type":"BreadcrumbList","@id":"https:\/\/gbccroatia.org\/povodom-obiljezavanja-svjetskog-tjedna-zelene-gradnje-hszg-sudjelovao-na-otvorenju-gradevinskih-radova-u-prvoj-zelenoj-poslovnoj-zoni-u-hrvatskoj-meridian-16-business-park\/#breadcrumb","itemListElement":[{"@type":"ListItem","position":1,"name":"Po\u010detna stranica","item":"https:\/\/gbccroatia.org\/"},{"@type":"ListItem","position":2,"name":"Povodom obilje\u017eavanja Svjetskog tjedna zelene gradnje: HSZG sudjelovao na otvorenju gra\u0111evinskih radova u prvoj zelenoj poslovnoj zoni u Hrvatskoj &#8211; Meridian 16 Business Park"}]},{"@type":"WebSite","@id":"https:\/\/gbccroatia.org\/#website","url":"https:\/\/gbccroatia.org\/","name":"Hrvatski savjet za zelenu gradnju","description":"Zelena gradnja u srcu europske budu\u0107nosti","potentialAction":[{"@type":"SearchAction","target":{"@type":"EntryPoint","urlTemplate":"https:\/\/gbccroatia.org\/?s={search_term_string}"},"query-input":{"@type":"PropertyValueSpecification","valueRequired":true,"valueName":"search_term_string"}}],"inLanguage":"en-US"},{"@type":"Person","@id":"https:\/\/gbccroatia.org\/#\/schema\/person\/2ee378f32578f974b44a9807dbc22176","name":"michelWP","image":{"@type":"ImageObject","inLanguage":"en-US","@id":"https:\/\/gbccroatia.org\/#\/schema\/person\/image\/","url":"https:\/\/secure.gravatar.com\/avatar\/2396f1895e66c15a2dc32b7a2cb4bda7cf5792712bfe8117f20e3109b7447481?s=96&d=mm&r=g","contentUrl":"https:\/\/secure.gravatar.com\/avatar\/2396f1895e66c15a2dc32b7a2cb4bda7cf5792712bfe8117f20e3109b7447481?s=96&d=mm&r=g","caption":"michelWP"},"sameAs":["https:\/\/gbccroatia.org"],"url":"https:\/\/gbccroatia.org\/en\/author\/michelwp\/"}]}},"_links":{"self":[{"href":"https:\/\/gbccroatia.org\/en\/wp-json\/wp\/v2\/posts\/18313","targetHints":{"allow":["GET"]}}],"collection":[{"href":"https:\/\/gbccroatia.org\/en\/wp-json\/wp\/v2\/posts"}],"about":[{"href":"https:\/\/gbccroatia.org\/en\/wp-json\/wp\/v2\/types\/post"}],"author":[{"embeddable":true,"href":"https:\/\/gbccroatia.org\/en\/wp-json\/wp\/v2\/users\/1"}],"replies":[{"embeddable":true,"href":"https:\/\/gbccroatia.org\/en\/wp-json\/wp\/v2\/comments?post=18313"}],"version-history":[{"count":0,"href":"https:\/\/gbccroatia.org\/en\/wp-json\/wp\/v2\/posts\/18313\/revisions"}],"wp:featuredmedia":[{"embeddable":true,"href":"https:\/\/gbccroatia.org\/en\/wp-json\/wp\/v2\/media\/11060"}],"wp:attachment":[{"href":"https:\/\/gbccroatia.org\/en\/wp-json\/wp\/v2\/media?parent=18313"}],"wp:term":[{"taxonomy":"category","embeddable":true,"href":"https:\/\/gbccroatia.org\/en\/wp-json\/wp\/v2\/categories?post=18313"},{"taxonomy":"post_tag","embeddable":true,"href":"https:\/\/gbccroatia.org\/en\/wp-json\/wp\/v2\/tags?post=18313"}],"curies":[{"name":"wp","href":"https:\/\/api.w.org\/{rel}","templated":true}]}}