{"id":18766,"date":"2023-09-06T13:48:32","date_gmt":"2023-09-06T13:48:32","guid":{"rendered":"https:\/\/gbccroatia.org\/projektzelena-i-odrziva-gradnja-na-mediteranskom-podrucju-razvijen-novi-diplomski-studij-odrzive-i-zelene-gradnje-na-mediteranskom-podrucju\/"},"modified":"2023-09-06T13:48:32","modified_gmt":"2023-09-06T13:48:32","slug":"projektzelena-i-odrziva-gradnja-na-mediteranskom-podrucju-razvijen-novi-diplomski-studij-odrzive-i-zelene-gradnje-na-mediteranskom-podrucju","status":"publish","type":"post","link":"https:\/\/gbccroatia.org\/en\/projektzelena-i-odrziva-gradnja-na-mediteranskom-podrucju-razvijen-novi-diplomski-studij-odrzive-i-zelene-gradnje-na-mediteranskom-podrucju\/","title":{"rendered":"Projekt:\u201eZelena i odr\u017eiva gradnja na mediteranskom podru\u010dju\u201c Razvijen novi diplomski studij odr\u017eive i zelene gradnje na mediteranskom podru\u010dju"},"content":{"rendered":"<p><img fetchpriority=\"high\" decoding=\"async\" class=\"alignnone wp-image-17506 size-full\" src=\"https:\/\/gbccroatia.org\/wp-content\/uploads\/2023\/09\/image449.png\" alt=\"\" width=\"621\" height=\"105\" srcset=\"https:\/\/gbccroatia.org\/wp-content\/uploads\/2023\/09\/image449.png 621w, https:\/\/gbccroatia.org\/wp-content\/uploads\/2023\/09\/image449-300x51.png 300w\" sizes=\"(max-width: 621px) 100vw, 621px\" \/><\/p>\n<p>Na Fakultetu gra\u0111evinarstva, arhitekture i geodezije (FGAG) u Splitu, u utorak 13. rujna 2016., zavr\u0161nom stru\u010dnom konferencijom obilje\u017een je zavr\u0161etak projekta \u201e<em>Zelena i odr\u017eiva gradnja na mediteranskom podru\u010dju<\/em>\u201c, te su predstavljeni rezultati ostvareni proteklih 15 mjeseci. Razvijen je potpuno novi studijski program u skladu sa Hrvatskim kvalifikacijskim okvirom \u2013 <em>Diplomski studijski program odr\u017eive i zelene gradnje na mediteranskom podru\u010dju<\/em>. Kao podloga novog studijskog programa, razvijen je standard zanimanja (<em>Voditelj projekata odr\u017eive gradnje<\/em>), te standard kvalifikacije (<em>Magistar in\u017eenjer odr\u017eive gradnje<\/em>).<\/p>\n<p>&nbsp;<\/p>\n<p>Podr\u0161ku projektu, punog imena \u201e<em>Razvoj visokoobrazovnih standarda zanimanja i standarda kvalifikacija za podru\u010dje odr\u017eive i zelene gradnje uz razvoj novog sveu\u010dili\u0161nog diplomskog programa odr\u017eive i zelene gradnje s naglaskom na mediteransko podru\u010dje<\/em>\u201c, pru\u017eili su i brojni projektni partneri, od dr\u017eavnih institucija, preko stru\u010dnih organizacija i tvrtki: Hrvatski savjet za zelenu gradnju, Hrvatska udruga poslodavaca, Fond za za\u0161titu okoli\u0161a i energetsku u\u010dinkovitost, Hrvatska komora ovla\u0161tenih in\u017eenjera geodezije, Hrvatska komora in\u017eenjera gra\u0111evinarstva, Hrvatska komora arhitekata, Institut za oceanografiju i ribarstvo, Cluster za eko-dru\u0161tvene inovacije i razvoj CEDRA, Cemex Hrvatska d.d., Spegra in\u017eenjering d.o.o. te Stowarzyszenie B-4.<\/p>\n<p>&nbsp;<\/p>\n<p>Gotovo tri milijuna kuna vrijedan projekt, kroz koji se, izme\u0111u ostalog, kroz sastanke, predavanja, diskusije i studijska putovanja usavr\u0161avalo 40 nastavnika i predstavnika projektnih partnera, financiran je sa 2,75 milijuna bespovratnih sredstava Europskog socijalnog fonda i hrvatskog dr\u017eavnog prora\u010duna.<\/p>\n<p>&nbsp;<\/p>\n<p>\u2013 Zelena i odr\u017eiva gradnja na mediteranskom podru\u010dju nametnula se kao tema koja objedinjuje sve tri struke zastupljene na FGAG-u, a vrlo je va\u017ena za planiranje gradnje koja \u0107e sa\u010duvati prostor za nadolaze\u0107e generacije \u2013 istaknuo je izv. prof. dr. sc. Boris Trogrli\u0107, dekan FGAG-a.<\/p>\n<p>&nbsp;<\/p>\n<p>Rezultate projekta predstavili su voditelji i koordinatori projekta, prof. Hrvoje Njiri\u0107 i dr. sc. Ivo Andri\u0107. \u2013 Ovo je veliki korak za nas na FGAG-u, za Split, ali i cijelu Hrvatsku. Krajnje je vrijeme da se po\u010dne misliti zeleno i stvarati odr\u017eivo, a tako moramo u\u010diti budu\u0107e stru\u010dnjake od po\u010detka studija. Tema odr\u017eivog razvoja jedan je od imperativa dana\u0161njeg vremena i ponosni smo da na\u0161 fakultet u tome prednja\u010di \u2013 zaklju\u010dili su izlaganje Njiri\u0107 i Andri\u0107.<\/p>\n<p>&nbsp;<\/p>\n<p>Ovim projektom izra\u0111en je studijski program, dok za po\u010detak provedbe studijskog programa predstoji jo\u0161 zna\u010dajnih koraka napraviti, uz potporu relevantnih ministarstava i institucija. S obzirom na multidisciplinarnost studija, vrlo je vjerojatno da \u0107e u samoj provedbi sudjelovati i druge sastavnice Sveu\u010dili\u0161ta u Splitu, a na FGAG-u vjeruju da \u0107e novi diplomski studij prve studente primiti ve\u0107 za dvije godine.<\/p>\n<p><img decoding=\"async\" class=\"alignnone wp-image-17508 size-full\" src=\"https:\/\/gbccroatia.org\/wp-content\/uploads\/2023\/09\/image450_1.png\" alt=\"\" width=\"680\" height=\"119\" srcset=\"https:\/\/gbccroatia.org\/wp-content\/uploads\/2023\/09\/image450_1.png 680w, https:\/\/gbccroatia.org\/wp-content\/uploads\/2023\/09\/image450_1-300x53.png 300w\" sizes=\"(max-width: 680px) 100vw, 680px\" \/><\/p>\n<p><img decoding=\"async\" class=\"alignnone size-medium wp-image-17510\" src=\"https:\/\/gbccroatia.org\/wp-content\/uploads\/2023\/09\/image451-300x169.jpg\" alt=\"\" width=\"300\" height=\"169\" srcset=\"https:\/\/gbccroatia.org\/wp-content\/uploads\/2023\/09\/image451-300x169.jpg 300w, https:\/\/gbccroatia.org\/wp-content\/uploads\/2023\/09\/image451-1024x576.jpg 1024w, https:\/\/gbccroatia.org\/wp-content\/uploads\/2023\/09\/image451-768x432.jpg 768w, https:\/\/gbccroatia.org\/wp-content\/uploads\/2023\/09\/image451.jpg 1496w\" sizes=\"(max-width: 300px) 100vw, 300px\" \/> <img loading=\"lazy\" decoding=\"async\" class=\"alignnone size-medium wp-image-17512\" src=\"https:\/\/gbccroatia.org\/wp-content\/uploads\/2023\/09\/image452-300x169.jpg\" alt=\"\" width=\"300\" height=\"169\" srcset=\"https:\/\/gbccroatia.org\/wp-content\/uploads\/2023\/09\/image452-300x169.jpg 300w, https:\/\/gbccroatia.org\/wp-content\/uploads\/2023\/09\/image452-1024x576.jpg 1024w, https:\/\/gbccroatia.org\/wp-content\/uploads\/2023\/09\/image452-768x432.jpg 768w, https:\/\/gbccroatia.org\/wp-content\/uploads\/2023\/09\/image452.jpg 1496w\" sizes=\"(max-width: 300px) 100vw, 300px\" \/><\/p>\n","protected":false},"excerpt":{"rendered":"<p>Na Fakultetu gra\u0111evinarstva, arhitekture i geodezije (FGAG) u Splitu, u utorak 13. rujna 2016&#8230;<\/p>\n","protected":false},"author":1,"featured_media":10988,"comment_status":"open","ping_status":"open","sticky":false,"template":"","format":"standard","meta":{"footnotes":""},"categories":[77],"tags":[],"class_list":["post-18766","post","type-post","status-publish","format-standard","has-post-thumbnail","hentry","category-2016-en"],"acf":{"photo_gallery":{"galerija":[[]],"logo1_slike":[[],[]],"logo2_slike":[[],[],[]],"logo3_slike":[[],[],[],[]],"logo4_slike":[[],[],[],[],[]],"logo5_slike":[[],[],[],[],[],[]],"logo6_slike":[[],[],[],[],[],[],[]],"logo7_slike":[[],[],[],[],[],[],[],[]],"logo8_slike":[[],[],[],[],[],[],[],[],[]],"logo9_slike":[[],[],[],[],[],[],[],[],[],[]],"logo10_slike":[[],[],[],[],[],[],[],[],[],[],[]],"logo11_slike":[[],[],[],[],[],[],[],[],[],[],[],[]],"logo12_slike":[[],[],[],[],[],[],[],[],[],[],[],[],[]],"logo13_slike":[[],[],[],[],[],[],[],[],[],[],[],[],[],[]],"logo14_slike":[[],[],[],[],[],[],[],[],[],[],[],[],[],[],[]],"logo15_slike":[[],[],[],[],[],[],[],[],[],[],[],[],[],[],[],[]],"logo16_slike":[[],[],[],[],[],[],[],[],[],[],[],[],[],[],[],[],[]],"logo17_slike":[[],[],[],[],[],[],[],[],[],[],[],[],[],[],[],[],[],[]],"logo18_slike":[[],[],[],[],[],[],[],[],[],[],[],[],[],[],[],[],[],[],[]],"logo19_slike":[[],[],[],[],[],[],[],[],[],[],[],[],[],[],[],[],[],[],[],[]],"logo20_slike":[[],[],[],[],[],[],[],[],[],[],[],[],[],[],[],[],[],[],[],[],[]]}},"yoast_head":"<!-- This site is optimized with the Yoast SEO plugin v26.3 - https:\/\/yoast.com\/wordpress\/plugins\/seo\/ -->\n<title>Projekt:\u201eZelena i odr\u017eiva gradnja na mediteranskom podru\u010dju\u201c Razvijen novi diplomski studij odr\u017eive i zelene gradnje na mediteranskom podru\u010dju - Hrvatski savjet za zelenu gradnju<\/title>\n<meta name=\"robots\" content=\"index, follow, max-snippet:-1, max-image-preview:large, max-video-preview:-1\" \/>\n<link rel=\"canonical\" href=\"https:\/\/gbccroatia.org\/projektzelena-i-odrziva-gradnja-na-mediteranskom-podrucju-razvijen-novi-diplomski-studij-odrzive-i-zelene-gradnje-na-mediteranskom-podrucju\/\" \/>\n<meta property=\"og:locale\" content=\"en_US\" \/>\n<meta property=\"og:type\" content=\"article\" \/>\n<meta property=\"og:title\" content=\"Projekt:\u201eZelena i odr\u017eiva gradnja na mediteranskom podru\u010dju\u201c Razvijen novi diplomski studij odr\u017eive i zelene gradnje na mediteranskom podru\u010dju - Hrvatski savjet za zelenu gradnju\" \/>\n<meta property=\"og:description\" content=\"Na Fakultetu gra\u0111evinarstva, arhitekture i geodezije (FGAG) u Splitu, u utorak 13. rujna 2016...\" \/>\n<meta property=\"og:url\" content=\"https:\/\/gbccroatia.org\/projektzelena-i-odrziva-gradnja-na-mediteranskom-podrucju-razvijen-novi-diplomski-studij-odrzive-i-zelene-gradnje-na-mediteranskom-podrucju\/\" \/>\n<meta property=\"og:site_name\" content=\"Hrvatski savjet za zelenu gradnju\" \/>\n<meta property=\"article:published_time\" content=\"2023-09-06T13:48:32+00:00\" \/>\n<meta property=\"og:image\" content=\"https:\/\/gbccroatia.org\/wp-content\/uploads\/2023\/09\/image448.jpg\" \/>\n\t<meta property=\"og:image:width\" content=\"1496\" \/>\n\t<meta property=\"og:image:height\" content=\"842\" \/>\n\t<meta property=\"og:image:type\" content=\"image\/jpeg\" \/>\n<meta name=\"author\" content=\"michelWP\" \/>\n<meta name=\"twitter:card\" content=\"summary_large_image\" \/>\n<meta name=\"twitter:label1\" content=\"Written by\" \/>\n\t<meta name=\"twitter:data1\" content=\"michelWP\" \/>\n\t<meta name=\"twitter:label2\" content=\"Est. reading time\" \/>\n\t<meta name=\"twitter:data2\" content=\"2 minutes\" \/>\n<script type=\"application\/ld+json\" class=\"yoast-schema-graph\">{\"@context\":\"https:\/\/schema.org\",\"@graph\":[{\"@type\":\"WebPage\",\"@id\":\"https:\/\/gbccroatia.org\/projektzelena-i-odrziva-gradnja-na-mediteranskom-podrucju-razvijen-novi-diplomski-studij-odrzive-i-zelene-gradnje-na-mediteranskom-podrucju\/\",\"url\":\"https:\/\/gbccroatia.org\/projektzelena-i-odrziva-gradnja-na-mediteranskom-podrucju-razvijen-novi-diplomski-studij-odrzive-i-zelene-gradnje-na-mediteranskom-podrucju\/\",\"name\":\"Projekt:\u201eZelena i odr\u017eiva gradnja na mediteranskom podru\u010dju\u201c Razvijen novi diplomski studij odr\u017eive i zelene gradnje na mediteranskom podru\u010dju - Hrvatski savjet za zelenu gradnju\",\"isPartOf\":{\"@id\":\"https:\/\/gbccroatia.org\/#website\"},\"primaryImageOfPage\":{\"@id\":\"https:\/\/gbccroatia.org\/projektzelena-i-odrziva-gradnja-na-mediteranskom-podrucju-razvijen-novi-diplomski-studij-odrzive-i-zelene-gradnje-na-mediteranskom-podrucju\/#primaryimage\"},\"image\":{\"@id\":\"https:\/\/gbccroatia.org\/projektzelena-i-odrziva-gradnja-na-mediteranskom-podrucju-razvijen-novi-diplomski-studij-odrzive-i-zelene-gradnje-na-mediteranskom-podrucju\/#primaryimage\"},\"thumbnailUrl\":\"https:\/\/gbccroatia.org\/wp-content\/uploads\/2023\/09\/image448.jpg\",\"datePublished\":\"2023-09-06T13:48:32+00:00\",\"author\":{\"@id\":\"https:\/\/gbccroatia.org\/#\/schema\/person\/2ee378f32578f974b44a9807dbc22176\"},\"breadcrumb\":{\"@id\":\"https:\/\/gbccroatia.org\/projektzelena-i-odrziva-gradnja-na-mediteranskom-podrucju-razvijen-novi-diplomski-studij-odrzive-i-zelene-gradnje-na-mediteranskom-podrucju\/#breadcrumb\"},\"inLanguage\":\"en-US\",\"potentialAction\":[{\"@type\":\"ReadAction\",\"target\":[\"https:\/\/gbccroatia.org\/projektzelena-i-odrziva-gradnja-na-mediteranskom-podrucju-razvijen-novi-diplomski-studij-odrzive-i-zelene-gradnje-na-mediteranskom-podrucju\/\"]}]},{\"@type\":\"ImageObject\",\"inLanguage\":\"en-US\",\"@id\":\"https:\/\/gbccroatia.org\/projektzelena-i-odrziva-gradnja-na-mediteranskom-podrucju-razvijen-novi-diplomski-studij-odrzive-i-zelene-gradnje-na-mediteranskom-podrucju\/#primaryimage\",\"url\":\"https:\/\/gbccroatia.org\/wp-content\/uploads\/2023\/09\/image448.jpg\",\"contentUrl\":\"https:\/\/gbccroatia.org\/wp-content\/uploads\/2023\/09\/image448.jpg\",\"width\":1496,\"height\":842},{\"@type\":\"BreadcrumbList\",\"@id\":\"https:\/\/gbccroatia.org\/projektzelena-i-odrziva-gradnja-na-mediteranskom-podrucju-razvijen-novi-diplomski-studij-odrzive-i-zelene-gradnje-na-mediteranskom-podrucju\/#breadcrumb\",\"itemListElement\":[{\"@type\":\"ListItem\",\"position\":1,\"name\":\"Po\u010detna stranica\",\"item\":\"https:\/\/gbccroatia.org\/\"},{\"@type\":\"ListItem\",\"position\":2,\"name\":\"Projekt:\u201eZelena i odr\u017eiva gradnja na mediteranskom podru\u010dju\u201c Razvijen novi diplomski studij odr\u017eive i zelene gradnje na mediteranskom podru\u010dju\"}]},{\"@type\":\"WebSite\",\"@id\":\"https:\/\/gbccroatia.org\/#website\",\"url\":\"https:\/\/gbccroatia.org\/\",\"name\":\"Hrvatski savjet za zelenu gradnju\",\"description\":\"Zelena gradnja u srcu europske budu\u0107nosti\",\"potentialAction\":[{\"@type\":\"SearchAction\",\"target\":{\"@type\":\"EntryPoint\",\"urlTemplate\":\"https:\/\/gbccroatia.org\/?s={search_term_string}\"},\"query-input\":{\"@type\":\"PropertyValueSpecification\",\"valueRequired\":true,\"valueName\":\"search_term_string\"}}],\"inLanguage\":\"en-US\"},{\"@type\":\"Person\",\"@id\":\"https:\/\/gbccroatia.org\/#\/schema\/person\/2ee378f32578f974b44a9807dbc22176\",\"name\":\"michelWP\",\"image\":{\"@type\":\"ImageObject\",\"inLanguage\":\"en-US\",\"@id\":\"https:\/\/gbccroatia.org\/#\/schema\/person\/image\/\",\"url\":\"https:\/\/secure.gravatar.com\/avatar\/2396f1895e66c15a2dc32b7a2cb4bda7cf5792712bfe8117f20e3109b7447481?s=96&d=mm&r=g\",\"contentUrl\":\"https:\/\/secure.gravatar.com\/avatar\/2396f1895e66c15a2dc32b7a2cb4bda7cf5792712bfe8117f20e3109b7447481?s=96&d=mm&r=g\",\"caption\":\"michelWP\"},\"sameAs\":[\"https:\/\/gbccroatia.org\"],\"url\":\"https:\/\/gbccroatia.org\/en\/author\/michelwp\/\"}]}<\/script>\n<!-- \/ Yoast SEO plugin. -->","yoast_head_json":{"title":"Projekt:\u201eZelena i odr\u017eiva gradnja na mediteranskom podru\u010dju\u201c Razvijen novi diplomski studij odr\u017eive i zelene gradnje na mediteranskom podru\u010dju - Hrvatski savjet za zelenu gradnju","robots":{"index":"index","follow":"follow","max-snippet":"max-snippet:-1","max-image-preview":"max-image-preview:large","max-video-preview":"max-video-preview:-1"},"canonical":"https:\/\/gbccroatia.org\/projektzelena-i-odrziva-gradnja-na-mediteranskom-podrucju-razvijen-novi-diplomski-studij-odrzive-i-zelene-gradnje-na-mediteranskom-podrucju\/","og_locale":"en_US","og_type":"article","og_title":"Projekt:\u201eZelena i odr\u017eiva gradnja na mediteranskom podru\u010dju\u201c Razvijen novi diplomski studij odr\u017eive i zelene gradnje na mediteranskom podru\u010dju - Hrvatski savjet za zelenu gradnju","og_description":"Na Fakultetu gra\u0111evinarstva, arhitekture i geodezije (FGAG) u Splitu, u utorak 13. rujna 2016...","og_url":"https:\/\/gbccroatia.org\/projektzelena-i-odrziva-gradnja-na-mediteranskom-podrucju-razvijen-novi-diplomski-studij-odrzive-i-zelene-gradnje-na-mediteranskom-podrucju\/","og_site_name":"Hrvatski savjet za zelenu gradnju","article_published_time":"2023-09-06T13:48:32+00:00","og_image":[{"width":1496,"height":842,"url":"https:\/\/gbccroatia.org\/wp-content\/uploads\/2023\/09\/image448.jpg","type":"image\/jpeg"}],"author":"michelWP","twitter_card":"summary_large_image","twitter_misc":{"Written by":"michelWP","Est. reading time":"2 minutes"},"schema":{"@context":"https:\/\/schema.org","@graph":[{"@type":"WebPage","@id":"https:\/\/gbccroatia.org\/projektzelena-i-odrziva-gradnja-na-mediteranskom-podrucju-razvijen-novi-diplomski-studij-odrzive-i-zelene-gradnje-na-mediteranskom-podrucju\/","url":"https:\/\/gbccroatia.org\/projektzelena-i-odrziva-gradnja-na-mediteranskom-podrucju-razvijen-novi-diplomski-studij-odrzive-i-zelene-gradnje-na-mediteranskom-podrucju\/","name":"Projekt:\u201eZelena i odr\u017eiva gradnja na mediteranskom podru\u010dju\u201c Razvijen novi diplomski studij odr\u017eive i zelene gradnje na mediteranskom podru\u010dju - Hrvatski savjet za zelenu gradnju","isPartOf":{"@id":"https:\/\/gbccroatia.org\/#website"},"primaryImageOfPage":{"@id":"https:\/\/gbccroatia.org\/projektzelena-i-odrziva-gradnja-na-mediteranskom-podrucju-razvijen-novi-diplomski-studij-odrzive-i-zelene-gradnje-na-mediteranskom-podrucju\/#primaryimage"},"image":{"@id":"https:\/\/gbccroatia.org\/projektzelena-i-odrziva-gradnja-na-mediteranskom-podrucju-razvijen-novi-diplomski-studij-odrzive-i-zelene-gradnje-na-mediteranskom-podrucju\/#primaryimage"},"thumbnailUrl":"https:\/\/gbccroatia.org\/wp-content\/uploads\/2023\/09\/image448.jpg","datePublished":"2023-09-06T13:48:32+00:00","author":{"@id":"https:\/\/gbccroatia.org\/#\/schema\/person\/2ee378f32578f974b44a9807dbc22176"},"breadcrumb":{"@id":"https:\/\/gbccroatia.org\/projektzelena-i-odrziva-gradnja-na-mediteranskom-podrucju-razvijen-novi-diplomski-studij-odrzive-i-zelene-gradnje-na-mediteranskom-podrucju\/#breadcrumb"},"inLanguage":"en-US","potentialAction":[{"@type":"ReadAction","target":["https:\/\/gbccroatia.org\/projektzelena-i-odrziva-gradnja-na-mediteranskom-podrucju-razvijen-novi-diplomski-studij-odrzive-i-zelene-gradnje-na-mediteranskom-podrucju\/"]}]},{"@type":"ImageObject","inLanguage":"en-US","@id":"https:\/\/gbccroatia.org\/projektzelena-i-odrziva-gradnja-na-mediteranskom-podrucju-razvijen-novi-diplomski-studij-odrzive-i-zelene-gradnje-na-mediteranskom-podrucju\/#primaryimage","url":"https:\/\/gbccroatia.org\/wp-content\/uploads\/2023\/09\/image448.jpg","contentUrl":"https:\/\/gbccroatia.org\/wp-content\/uploads\/2023\/09\/image448.jpg","width":1496,"height":842},{"@type":"BreadcrumbList","@id":"https:\/\/gbccroatia.org\/projektzelena-i-odrziva-gradnja-na-mediteranskom-podrucju-razvijen-novi-diplomski-studij-odrzive-i-zelene-gradnje-na-mediteranskom-podrucju\/#breadcrumb","itemListElement":[{"@type":"ListItem","position":1,"name":"Po\u010detna stranica","item":"https:\/\/gbccroatia.org\/"},{"@type":"ListItem","position":2,"name":"Projekt:\u201eZelena i odr\u017eiva gradnja na mediteranskom podru\u010dju\u201c Razvijen novi diplomski studij odr\u017eive i zelene gradnje na mediteranskom podru\u010dju"}]},{"@type":"WebSite","@id":"https:\/\/gbccroatia.org\/#website","url":"https:\/\/gbccroatia.org\/","name":"Hrvatski savjet za zelenu gradnju","description":"Zelena gradnja u srcu europske budu\u0107nosti","potentialAction":[{"@type":"SearchAction","target":{"@type":"EntryPoint","urlTemplate":"https:\/\/gbccroatia.org\/?s={search_term_string}"},"query-input":{"@type":"PropertyValueSpecification","valueRequired":true,"valueName":"search_term_string"}}],"inLanguage":"en-US"},{"@type":"Person","@id":"https:\/\/gbccroatia.org\/#\/schema\/person\/2ee378f32578f974b44a9807dbc22176","name":"michelWP","image":{"@type":"ImageObject","inLanguage":"en-US","@id":"https:\/\/gbccroatia.org\/#\/schema\/person\/image\/","url":"https:\/\/secure.gravatar.com\/avatar\/2396f1895e66c15a2dc32b7a2cb4bda7cf5792712bfe8117f20e3109b7447481?s=96&d=mm&r=g","contentUrl":"https:\/\/secure.gravatar.com\/avatar\/2396f1895e66c15a2dc32b7a2cb4bda7cf5792712bfe8117f20e3109b7447481?s=96&d=mm&r=g","caption":"michelWP"},"sameAs":["https:\/\/gbccroatia.org"],"url":"https:\/\/gbccroatia.org\/en\/author\/michelwp\/"}]}},"_links":{"self":[{"href":"https:\/\/gbccroatia.org\/en\/wp-json\/wp\/v2\/posts\/18766","targetHints":{"allow":["GET"]}}],"collection":[{"href":"https:\/\/gbccroatia.org\/en\/wp-json\/wp\/v2\/posts"}],"about":[{"href":"https:\/\/gbccroatia.org\/en\/wp-json\/wp\/v2\/types\/post"}],"author":[{"embeddable":true,"href":"https:\/\/gbccroatia.org\/en\/wp-json\/wp\/v2\/users\/1"}],"replies":[{"embeddable":true,"href":"https:\/\/gbccroatia.org\/en\/wp-json\/wp\/v2\/comments?post=18766"}],"version-history":[{"count":0,"href":"https:\/\/gbccroatia.org\/en\/wp-json\/wp\/v2\/posts\/18766\/revisions"}],"wp:featuredmedia":[{"embeddable":true,"href":"https:\/\/gbccroatia.org\/en\/wp-json\/wp\/v2\/media\/10988"}],"wp:attachment":[{"href":"https:\/\/gbccroatia.org\/en\/wp-json\/wp\/v2\/media?parent=18766"}],"wp:term":[{"taxonomy":"category","embeddable":true,"href":"https:\/\/gbccroatia.org\/en\/wp-json\/wp\/v2\/categories?post=18766"},{"taxonomy":"post_tag","embeddable":true,"href":"https:\/\/gbccroatia.org\/en\/wp-json\/wp\/v2\/tags?post=18766"}],"curies":[{"name":"wp","href":"https:\/\/api.w.org\/{rel}","templated":true}]}}