{"id":18855,"date":"2023-09-06T08:41:35","date_gmt":"2023-09-06T08:41:35","guid":{"rendered":"https:\/\/gbccroatia.org\/hrvatski-savjet-za-zelenu-gradnju-podrzao-projekt-urbani-vrtovi-urbani-vrtovi-sire-se-hrvatskom\/"},"modified":"2023-09-06T08:41:35","modified_gmt":"2023-09-06T08:41:35","slug":"hrvatski-savjet-za-zelenu-gradnju-podrzao-projekt-urbani-vrtovi-urbani-vrtovi-sire-se-hrvatskom","status":"publish","type":"post","link":"https:\/\/gbccroatia.org\/en\/hrvatski-savjet-za-zelenu-gradnju-podrzao-projekt-urbani-vrtovi-urbani-vrtovi-sire-se-hrvatskom\/","title":{"rendered":"Hrvatski savjet za zelenu gradnju podr\u017eao projekt Urbani vrtovi Urbani vrtovi \u0161ire se Hrvatskom"},"content":{"rendered":"<p><em><strong>Objava za medije<\/strong><\/em><\/p>\n<p>&nbsp;<\/p>\n<p><strong>Urbani vrtovi, projekt po uzoru na mnoge svjetske gradove, bogatiji za nove lokacije \u2013 Grad Zagreb, 24sata i Radio Kaj tre\u0107u godinu zaredom povezuje gra\u0111ane u stvaranju vlastitih zelenih oaza u gradskim kvartovima<\/strong><\/p>\n<p><strong>Zagreb, 16. travnja 2015. \u2013<\/strong> <strong>Svjetski trend<\/strong> uzgajanja hrane u gradskim sredi\u0161tima prisutan je u <strong>mnogim metropolama<\/strong>, a <strong>tre\u0107u godinu zaredom<\/strong> slijedi ga i <strong>nacionalni projekt Urbani vrtovi<\/strong> \u0161irenjem na <strong>nove lokacije diljem Hrvatske<\/strong>. Na kartu Urbanih vrtova<strong> do sada se upisalo gotovo 20 lokacija \u0161irom Hrvatske, <\/strong>a pridru\u017euju im se i <strong>Velika Gorica i Split. \u00a0<\/strong><\/p>\n<figure id=\"attachment_18357\" aria-describedby=\"caption-attachment-18357\" style=\"width: 900px\" class=\"wp-caption alignnone\"><img fetchpriority=\"high\" decoding=\"async\" class=\"wp-image-18357 size-large\" src=\"https:\/\/gbccroatia.org\/wp-content\/uploads\/2023\/09\/image598-1024x683.jpg\" alt=\"\" width=\"900\" height=\"600\" srcset=\"https:\/\/gbccroatia.org\/wp-content\/uploads\/2023\/09\/image598-1024x683.jpg 1024w, https:\/\/gbccroatia.org\/wp-content\/uploads\/2023\/09\/image598-300x200.jpg 300w, https:\/\/gbccroatia.org\/wp-content\/uploads\/2023\/09\/image598-768x512.jpg 768w, https:\/\/gbccroatia.org\/wp-content\/uploads\/2023\/09\/image598.jpg 1500w\" sizes=\"(max-width: 900px) 100vw, 900px\" \/><figcaption id=\"caption-attachment-18357\" class=\"wp-caption-text\">15.04.2015., Zagreb &#8211; Konferencija za medije za projekt Urbani vrtovi. Emil Tuk, Vesna Kusin, Vesna Zidovec, Snjezana Turalija.<br \/>Photo: Goran Stanzl\/PIXSELL<\/figcaption><\/figure>\n<p>Autor fotografije: Goran Stanzl\/PIXSELL<\/p>\n<p>Istaknuto je to na ju\u010dera\u0161njoj <strong>konferenciji za novinare<\/strong> odr\u017eanoj u <strong>kultnoj pivnici Zagreba\u010dke pivovare \u201ePivani\u201c<\/strong> kojoj su, uz organizatore <strong>Grad Zagreb<\/strong>, <strong>medijsku ku\u0107u 24sata<\/strong> i <strong>Radio Kaj<\/strong>, prisustvovali predstavnici Grada Velike Gorice i Grada Osijeka kao i Agronomskog fakulteta i Hrvatskog savjeta za zelenu gradnju. Doga\u0111anju su se pridru\u017eile i poznate pjeva\u010dice <strong>Ivana Banfi\u0107 <\/strong>i <strong>Marija Husar<\/strong> te glumica <strong>Marija Bori\u0107<\/strong> koje su i same velike ljubiteljice ekolo\u0161kog uzgoja i korisnih aktivnosti u prirodi.<\/p>\n<p>Koliko je ova inicijativa va\u017ena za gra\u0111ane i cjelokupnu zajednicu istaknula je <strong>zamjenica gradona\u010delnika Grada Zagreba Vesna Kusin<\/strong>: \u201eGrad Zagreb do sada je <strong>formirao 10 Gradskih vrtova<\/strong> i uklju\u010dio je <strong>vi\u0161e od 2000 obitelji<\/strong> koje besplatno koriste vrtne gredice namijenjene ekolo\u0161kom uzgoju hrane za vlastite potrebe. Zahvaljujemo organizatorima projekta Urbani vrtovi \u0161to poma\u017eu u ure\u0111enju zajedni\u010dkih zona Gradskih vrtova Zagreba i promoviraju ovu korisnu aktivnost. Posebno nam je drago \u0161to se uklju\u010duju i drugi gradovi i \u0161to svi zajedno \u010dinimo ne\u0161to dobro za na\u0161e gra\u0111ane i okoli\u0161.\u201c<\/p>\n<p>Konferencijom za novinare najavljena je i <strong>prva volonterska akcija ure\u0111enja dru\u0161tvene zone Gradskog vrta Sveta Klara<\/strong> tijekom koje \u0107e se <strong>21. travnja ure\u0111ivati zajedni\u010dki dio Gradskog vrta <\/strong>kako bi se svim gra\u0111anima, uz uzgajanje svje\u017ee hrane, omogu\u0107ilo mjesto za dru\u017eenje i razmjenu iskustava u prirodnom okru\u017eenju.<\/p>\n<p>Uz ure\u0111enje dru\u0161tvene zone Gradskog vrta Sveta Klara u kojem mogu sudjelovati svi zainteresirani gra\u0111ani, u zelenu akciju edukacijskim radionicama uklju\u010dit \u0107e se i Agronomski fakultet i Hrvatski savjet za zelenu gradnju, a nakon cjelodnevnog napornog rada volonteri \u0107e biti nagra\u0111eni malom vrtnom zabavom.<\/p>\n<p>Va\u017enost Urbanih vrtova tradicionalno prepoznaju i vode\u0107i brendovi kao \u0161to su Pevec, O\u017eujsko pivo, Mesna industrija Ravli\u0107, PBZ, Samoborka, Ecoimpuls i Eko Taxi, koji svojim donacijama podr\u017eavaju taj projekt i na taj na\u010din omogu\u0107uju ure\u0111enje zajedni\u010dkih dijelova Gradskih vrtova.<\/p>\n<hr \/>\n<p><strong>Kontakt za medije: <\/strong><\/p>\n<p>Martina Luka\u010devi\u0107, Pragma komunikacije, A: Britanski trg 5, Zagreb<strong>, <\/strong>T: +385 (0)1 4825 670<\/p>\n<p>M: +385 91 4772 462, E: <a href=\"mailto:martina@pragma.hr\">martina@pragma.hr<\/a><\/p>\n","protected":false},"excerpt":{"rendered":"<p>Urbani vrtovi, projekt po uzoru na mnoge svjetske gradove, bogatiji za nove lokacije&#8230;<\/p>\n","protected":false},"author":1,"featured_media":10901,"comment_status":"open","ping_status":"open","sticky":false,"template":"","format":"standard","meta":{"footnotes":""},"categories":[78],"tags":[],"class_list":["post-18855","post","type-post","status-publish","format-standard","has-post-thumbnail","hentry","category-2015-en"],"acf":{"photo_gallery":{"galerija":[[]],"logo1_slike":[[],[]],"logo2_slike":[[],[],[]],"logo3_slike":[[],[],[],[]],"logo4_slike":[[],[],[],[],[]],"logo5_slike":[[],[],[],[],[],[]],"logo6_slike":[[],[],[],[],[],[],[]],"logo7_slike":[[],[],[],[],[],[],[],[]],"logo8_slike":[[],[],[],[],[],[],[],[],[]],"logo9_slike":[[],[],[],[],[],[],[],[],[],[]],"logo10_slike":[[],[],[],[],[],[],[],[],[],[],[]],"logo11_slike":[[],[],[],[],[],[],[],[],[],[],[],[]],"logo12_slike":[[],[],[],[],[],[],[],[],[],[],[],[],[]],"logo13_slike":[[],[],[],[],[],[],[],[],[],[],[],[],[],[]],"logo14_slike":[[],[],[],[],[],[],[],[],[],[],[],[],[],[],[]],"logo15_slike":[[],[],[],[],[],[],[],[],[],[],[],[],[],[],[],[]],"logo16_slike":[[],[],[],[],[],[],[],[],[],[],[],[],[],[],[],[],[]],"logo17_slike":[[],[],[],[],[],[],[],[],[],[],[],[],[],[],[],[],[],[]],"logo18_slike":[[],[],[],[],[],[],[],[],[],[],[],[],[],[],[],[],[],[],[]],"logo19_slike":[[],[],[],[],[],[],[],[],[],[],[],[],[],[],[],[],[],[],[],[]],"logo20_slike":[[],[],[],[],[],[],[],[],[],[],[],[],[],[],[],[],[],[],[],[],[]]}},"yoast_head":"<!-- This site is optimized with the Yoast SEO plugin v26.3 - https:\/\/yoast.com\/wordpress\/plugins\/seo\/ -->\n<title>Hrvatski savjet za zelenu gradnju podr\u017eao projekt Urbani vrtovi Urbani vrtovi \u0161ire se Hrvatskom - Hrvatski savjet za zelenu gradnju<\/title>\n<meta name=\"robots\" content=\"index, follow, max-snippet:-1, max-image-preview:large, max-video-preview:-1\" \/>\n<link rel=\"canonical\" href=\"https:\/\/gbccroatia.org\/hrvatski-savjet-za-zelenu-gradnju-podrzao-projekt-urbani-vrtovi-urbani-vrtovi-sire-se-hrvatskom\/\" \/>\n<meta property=\"og:locale\" content=\"en_US\" \/>\n<meta property=\"og:type\" content=\"article\" \/>\n<meta property=\"og:title\" content=\"Hrvatski savjet za zelenu gradnju podr\u017eao projekt Urbani vrtovi Urbani vrtovi \u0161ire se Hrvatskom - Hrvatski savjet za zelenu gradnju\" \/>\n<meta property=\"og:description\" content=\"Urbani vrtovi, projekt po uzoru na mnoge svjetske gradove, bogatiji za nove lokacije...\" \/>\n<meta property=\"og:url\" content=\"https:\/\/gbccroatia.org\/hrvatski-savjet-za-zelenu-gradnju-podrzao-projekt-urbani-vrtovi-urbani-vrtovi-sire-se-hrvatskom\/\" \/>\n<meta property=\"og:site_name\" content=\"Hrvatski savjet za zelenu gradnju\" \/>\n<meta property=\"article:published_time\" content=\"2023-09-06T08:41:35+00:00\" \/>\n<meta property=\"og:image\" content=\"https:\/\/gbccroatia.org\/wp-content\/uploads\/2023\/09\/urbanivrtovi.png\" \/>\n\t<meta property=\"og:image:width\" content=\"311\" \/>\n\t<meta property=\"og:image:height\" content=\"163\" \/>\n\t<meta property=\"og:image:type\" content=\"image\/png\" \/>\n<meta name=\"author\" content=\"michelWP\" \/>\n<meta name=\"twitter:card\" content=\"summary_large_image\" \/>\n<meta name=\"twitter:label1\" content=\"Written by\" \/>\n\t<meta name=\"twitter:data1\" content=\"michelWP\" \/>\n\t<meta name=\"twitter:label2\" content=\"Est. reading time\" \/>\n\t<meta name=\"twitter:data2\" content=\"2 minutes\" \/>\n<script type=\"application\/ld+json\" class=\"yoast-schema-graph\">{\"@context\":\"https:\/\/schema.org\",\"@graph\":[{\"@type\":\"WebPage\",\"@id\":\"https:\/\/gbccroatia.org\/hrvatski-savjet-za-zelenu-gradnju-podrzao-projekt-urbani-vrtovi-urbani-vrtovi-sire-se-hrvatskom\/\",\"url\":\"https:\/\/gbccroatia.org\/hrvatski-savjet-za-zelenu-gradnju-podrzao-projekt-urbani-vrtovi-urbani-vrtovi-sire-se-hrvatskom\/\",\"name\":\"Hrvatski savjet za zelenu gradnju podr\u017eao projekt Urbani vrtovi Urbani vrtovi \u0161ire se Hrvatskom - Hrvatski savjet za zelenu gradnju\",\"isPartOf\":{\"@id\":\"https:\/\/gbccroatia.org\/#website\"},\"primaryImageOfPage\":{\"@id\":\"https:\/\/gbccroatia.org\/hrvatski-savjet-za-zelenu-gradnju-podrzao-projekt-urbani-vrtovi-urbani-vrtovi-sire-se-hrvatskom\/#primaryimage\"},\"image\":{\"@id\":\"https:\/\/gbccroatia.org\/hrvatski-savjet-za-zelenu-gradnju-podrzao-projekt-urbani-vrtovi-urbani-vrtovi-sire-se-hrvatskom\/#primaryimage\"},\"thumbnailUrl\":\"https:\/\/gbccroatia.org\/wp-content\/uploads\/2023\/09\/urbanivrtovi.png\",\"datePublished\":\"2023-09-06T08:41:35+00:00\",\"author\":{\"@id\":\"https:\/\/gbccroatia.org\/#\/schema\/person\/2ee378f32578f974b44a9807dbc22176\"},\"breadcrumb\":{\"@id\":\"https:\/\/gbccroatia.org\/hrvatski-savjet-za-zelenu-gradnju-podrzao-projekt-urbani-vrtovi-urbani-vrtovi-sire-se-hrvatskom\/#breadcrumb\"},\"inLanguage\":\"en-US\",\"potentialAction\":[{\"@type\":\"ReadAction\",\"target\":[\"https:\/\/gbccroatia.org\/hrvatski-savjet-za-zelenu-gradnju-podrzao-projekt-urbani-vrtovi-urbani-vrtovi-sire-se-hrvatskom\/\"]}]},{\"@type\":\"ImageObject\",\"inLanguage\":\"en-US\",\"@id\":\"https:\/\/gbccroatia.org\/hrvatski-savjet-za-zelenu-gradnju-podrzao-projekt-urbani-vrtovi-urbani-vrtovi-sire-se-hrvatskom\/#primaryimage\",\"url\":\"https:\/\/gbccroatia.org\/wp-content\/uploads\/2023\/09\/urbanivrtovi.png\",\"contentUrl\":\"https:\/\/gbccroatia.org\/wp-content\/uploads\/2023\/09\/urbanivrtovi.png\",\"width\":311,\"height\":163},{\"@type\":\"BreadcrumbList\",\"@id\":\"https:\/\/gbccroatia.org\/hrvatski-savjet-za-zelenu-gradnju-podrzao-projekt-urbani-vrtovi-urbani-vrtovi-sire-se-hrvatskom\/#breadcrumb\",\"itemListElement\":[{\"@type\":\"ListItem\",\"position\":1,\"name\":\"Po\u010detna stranica\",\"item\":\"https:\/\/gbccroatia.org\/\"},{\"@type\":\"ListItem\",\"position\":2,\"name\":\"Hrvatski savjet za zelenu gradnju podr\u017eao projekt Urbani vrtovi Urbani vrtovi \u0161ire se Hrvatskom\"}]},{\"@type\":\"WebSite\",\"@id\":\"https:\/\/gbccroatia.org\/#website\",\"url\":\"https:\/\/gbccroatia.org\/\",\"name\":\"Hrvatski savjet za zelenu gradnju\",\"description\":\"Zelena gradnja u srcu europske budu\u0107nosti\",\"potentialAction\":[{\"@type\":\"SearchAction\",\"target\":{\"@type\":\"EntryPoint\",\"urlTemplate\":\"https:\/\/gbccroatia.org\/?s={search_term_string}\"},\"query-input\":{\"@type\":\"PropertyValueSpecification\",\"valueRequired\":true,\"valueName\":\"search_term_string\"}}],\"inLanguage\":\"en-US\"},{\"@type\":\"Person\",\"@id\":\"https:\/\/gbccroatia.org\/#\/schema\/person\/2ee378f32578f974b44a9807dbc22176\",\"name\":\"michelWP\",\"image\":{\"@type\":\"ImageObject\",\"inLanguage\":\"en-US\",\"@id\":\"https:\/\/gbccroatia.org\/#\/schema\/person\/image\/\",\"url\":\"https:\/\/secure.gravatar.com\/avatar\/2396f1895e66c15a2dc32b7a2cb4bda7cf5792712bfe8117f20e3109b7447481?s=96&d=mm&r=g\",\"contentUrl\":\"https:\/\/secure.gravatar.com\/avatar\/2396f1895e66c15a2dc32b7a2cb4bda7cf5792712bfe8117f20e3109b7447481?s=96&d=mm&r=g\",\"caption\":\"michelWP\"},\"sameAs\":[\"https:\/\/gbccroatia.org\"],\"url\":\"https:\/\/gbccroatia.org\/en\/author\/michelwp\/\"}]}<\/script>\n<!-- \/ Yoast SEO plugin. -->","yoast_head_json":{"title":"Hrvatski savjet za zelenu gradnju podr\u017eao projekt Urbani vrtovi Urbani vrtovi \u0161ire se Hrvatskom - Hrvatski savjet za zelenu gradnju","robots":{"index":"index","follow":"follow","max-snippet":"max-snippet:-1","max-image-preview":"max-image-preview:large","max-video-preview":"max-video-preview:-1"},"canonical":"https:\/\/gbccroatia.org\/hrvatski-savjet-za-zelenu-gradnju-podrzao-projekt-urbani-vrtovi-urbani-vrtovi-sire-se-hrvatskom\/","og_locale":"en_US","og_type":"article","og_title":"Hrvatski savjet za zelenu gradnju podr\u017eao projekt Urbani vrtovi Urbani vrtovi \u0161ire se Hrvatskom - Hrvatski savjet za zelenu gradnju","og_description":"Urbani vrtovi, projekt po uzoru na mnoge svjetske gradove, bogatiji za nove lokacije...","og_url":"https:\/\/gbccroatia.org\/hrvatski-savjet-za-zelenu-gradnju-podrzao-projekt-urbani-vrtovi-urbani-vrtovi-sire-se-hrvatskom\/","og_site_name":"Hrvatski savjet za zelenu gradnju","article_published_time":"2023-09-06T08:41:35+00:00","og_image":[{"width":311,"height":163,"url":"https:\/\/gbccroatia.org\/wp-content\/uploads\/2023\/09\/urbanivrtovi.png","type":"image\/png"}],"author":"michelWP","twitter_card":"summary_large_image","twitter_misc":{"Written by":"michelWP","Est. reading time":"2 minutes"},"schema":{"@context":"https:\/\/schema.org","@graph":[{"@type":"WebPage","@id":"https:\/\/gbccroatia.org\/hrvatski-savjet-za-zelenu-gradnju-podrzao-projekt-urbani-vrtovi-urbani-vrtovi-sire-se-hrvatskom\/","url":"https:\/\/gbccroatia.org\/hrvatski-savjet-za-zelenu-gradnju-podrzao-projekt-urbani-vrtovi-urbani-vrtovi-sire-se-hrvatskom\/","name":"Hrvatski savjet za zelenu gradnju podr\u017eao projekt Urbani vrtovi Urbani vrtovi \u0161ire se Hrvatskom - Hrvatski savjet za zelenu gradnju","isPartOf":{"@id":"https:\/\/gbccroatia.org\/#website"},"primaryImageOfPage":{"@id":"https:\/\/gbccroatia.org\/hrvatski-savjet-za-zelenu-gradnju-podrzao-projekt-urbani-vrtovi-urbani-vrtovi-sire-se-hrvatskom\/#primaryimage"},"image":{"@id":"https:\/\/gbccroatia.org\/hrvatski-savjet-za-zelenu-gradnju-podrzao-projekt-urbani-vrtovi-urbani-vrtovi-sire-se-hrvatskom\/#primaryimage"},"thumbnailUrl":"https:\/\/gbccroatia.org\/wp-content\/uploads\/2023\/09\/urbanivrtovi.png","datePublished":"2023-09-06T08:41:35+00:00","author":{"@id":"https:\/\/gbccroatia.org\/#\/schema\/person\/2ee378f32578f974b44a9807dbc22176"},"breadcrumb":{"@id":"https:\/\/gbccroatia.org\/hrvatski-savjet-za-zelenu-gradnju-podrzao-projekt-urbani-vrtovi-urbani-vrtovi-sire-se-hrvatskom\/#breadcrumb"},"inLanguage":"en-US","potentialAction":[{"@type":"ReadAction","target":["https:\/\/gbccroatia.org\/hrvatski-savjet-za-zelenu-gradnju-podrzao-projekt-urbani-vrtovi-urbani-vrtovi-sire-se-hrvatskom\/"]}]},{"@type":"ImageObject","inLanguage":"en-US","@id":"https:\/\/gbccroatia.org\/hrvatski-savjet-za-zelenu-gradnju-podrzao-projekt-urbani-vrtovi-urbani-vrtovi-sire-se-hrvatskom\/#primaryimage","url":"https:\/\/gbccroatia.org\/wp-content\/uploads\/2023\/09\/urbanivrtovi.png","contentUrl":"https:\/\/gbccroatia.org\/wp-content\/uploads\/2023\/09\/urbanivrtovi.png","width":311,"height":163},{"@type":"BreadcrumbList","@id":"https:\/\/gbccroatia.org\/hrvatski-savjet-za-zelenu-gradnju-podrzao-projekt-urbani-vrtovi-urbani-vrtovi-sire-se-hrvatskom\/#breadcrumb","itemListElement":[{"@type":"ListItem","position":1,"name":"Po\u010detna stranica","item":"https:\/\/gbccroatia.org\/"},{"@type":"ListItem","position":2,"name":"Hrvatski savjet za zelenu gradnju podr\u017eao projekt Urbani vrtovi Urbani vrtovi \u0161ire se Hrvatskom"}]},{"@type":"WebSite","@id":"https:\/\/gbccroatia.org\/#website","url":"https:\/\/gbccroatia.org\/","name":"Hrvatski savjet za zelenu gradnju","description":"Zelena gradnja u srcu europske budu\u0107nosti","potentialAction":[{"@type":"SearchAction","target":{"@type":"EntryPoint","urlTemplate":"https:\/\/gbccroatia.org\/?s={search_term_string}"},"query-input":{"@type":"PropertyValueSpecification","valueRequired":true,"valueName":"search_term_string"}}],"inLanguage":"en-US"},{"@type":"Person","@id":"https:\/\/gbccroatia.org\/#\/schema\/person\/2ee378f32578f974b44a9807dbc22176","name":"michelWP","image":{"@type":"ImageObject","inLanguage":"en-US","@id":"https:\/\/gbccroatia.org\/#\/schema\/person\/image\/","url":"https:\/\/secure.gravatar.com\/avatar\/2396f1895e66c15a2dc32b7a2cb4bda7cf5792712bfe8117f20e3109b7447481?s=96&d=mm&r=g","contentUrl":"https:\/\/secure.gravatar.com\/avatar\/2396f1895e66c15a2dc32b7a2cb4bda7cf5792712bfe8117f20e3109b7447481?s=96&d=mm&r=g","caption":"michelWP"},"sameAs":["https:\/\/gbccroatia.org"],"url":"https:\/\/gbccroatia.org\/en\/author\/michelwp\/"}]}},"_links":{"self":[{"href":"https:\/\/gbccroatia.org\/en\/wp-json\/wp\/v2\/posts\/18855","targetHints":{"allow":["GET"]}}],"collection":[{"href":"https:\/\/gbccroatia.org\/en\/wp-json\/wp\/v2\/posts"}],"about":[{"href":"https:\/\/gbccroatia.org\/en\/wp-json\/wp\/v2\/types\/post"}],"author":[{"embeddable":true,"href":"https:\/\/gbccroatia.org\/en\/wp-json\/wp\/v2\/users\/1"}],"replies":[{"embeddable":true,"href":"https:\/\/gbccroatia.org\/en\/wp-json\/wp\/v2\/comments?post=18855"}],"version-history":[{"count":0,"href":"https:\/\/gbccroatia.org\/en\/wp-json\/wp\/v2\/posts\/18855\/revisions"}],"wp:featuredmedia":[{"embeddable":true,"href":"https:\/\/gbccroatia.org\/en\/wp-json\/wp\/v2\/media\/10901"}],"wp:attachment":[{"href":"https:\/\/gbccroatia.org\/en\/wp-json\/wp\/v2\/media?parent=18855"}],"wp:term":[{"taxonomy":"category","embeddable":true,"href":"https:\/\/gbccroatia.org\/en\/wp-json\/wp\/v2\/categories?post=18855"},{"taxonomy":"post_tag","embeddable":true,"href":"https:\/\/gbccroatia.org\/en\/wp-json\/wp\/v2\/tags?post=18855"}],"curies":[{"name":"wp","href":"https:\/\/api.w.org\/{rel}","templated":true}]}}