{"id":18904,"date":"2023-09-06T07:46:52","date_gmt":"2023-09-06T07:46:52","guid":{"rendered":"https:\/\/gbccroatia.org\/green-apple-day-of-service-27-rujan-medunarodni-dan-zelenih-skola\/"},"modified":"2023-09-06T07:46:52","modified_gmt":"2023-09-06T07:46:52","slug":"green-apple-day-of-service-27-rujan-medunarodni-dan-zelenih-skola","status":"publish","type":"post","link":"https:\/\/gbccroatia.org\/en\/green-apple-day-of-service-27-rujan-medunarodni-dan-zelenih-skola\/","title":{"rendered":"GREEN APPLE DAY OF SERVICE 27. rujan Me\u0111unarodni dan zelenih \u0161kola"},"content":{"rendered":"<p><strong>\u201eGreen Apple Day of Service\u201c je globalni pokret kojim se obilje\u017eava Me\u0111unarodni dan zelenih \u0161kola, \u010diji je osnovni cilj djeci osigurati \u0161kole u kojima \u0107e biti \u010di\u0161\u0107i i zdraviji zrak koji udi\u0161u, u kojima \u0107e se \u0161tedjeti energija i prirodni resursi, gdje \u0107e djeca biti inspirirana sanjati o boljoj i sretnijoj budu\u0107nosti<\/strong><\/p>\n<p>Hrvatski savjet za zelenu gradnju u suradnji s Regionalnom energetskom agencijom Sjeverozapadne Hrvatske organizira <strong><em>Green Apple Day of Service<\/em><\/strong><strong> povodom Me\u0111unarodnog dana zelenih \u0161kola\u00a0 u Osnovnoj \u0161koli \u201e\u0160var\u010da\u201c u Karlovcu, Ba\u0161\u010dinska cesta 20, <\/strong><a href=\"http:\/\/www.karlovac.hr\/karta.htm\">http:\/\/www.karlovac.hr\/karta.htm<\/a><\/p>\n<p><strong>u \u010detvrtak, 25. rujna 2014. godine s po\u010detkom u 9,30 sati.<\/strong><\/p>\n<p>Osnovna \u0161kola \u201e\u0160var\u010da\u201c provodi program obnove zgrade i u tijeku je projekt zamjene sustava grijanja s klasi\u010dnog na biomasu, pri \u010demu je realizirana i subvencija Fonda za za\u0161titu okoli\u0161a i energetsku u\u010dinkovitost RH. \u0160kola se time svrstava u program obnove \u0161kola u Hrvatskoj radi podizanja kvalitete \u0161kolske zgrade, pove\u0107anja energetske u\u010dinkovitosti te smanjenja CO2 otiska, ali i re\u017eijskih tro\u0161kova. Pobolj\u0161anjem toplinske izolacije, ugradnjom energetski u\u010dinkovitih prozora i vrata, ozelenjavanjem okoli\u0161a, ugradnjom pro\u010di\u0161\u0107iva\u010da zraka, kori\u0161tenjem eko namje\u0161taja i kvalitetnih energetski u\u010dinkovitih rasvjetnih tijela djeci se omogu\u0107uje lak\u0161e u\u010denje, ve\u0107a produktivnost i kreativnost te zdravo i sigurno okru\u017eenje za u\u010denje i boravak u \u0161kolama.<\/p>\n<p>Ovom prilikom djeci, nastavnicima, roditeljima i svim prijateljima O\u0160 \u0160var\u010da, planiraju su prigodnim rije\u010dima obratiti:<\/p>\n<ul>\n<li>Mihael Zmajlovi\u0107, ministar, Ministarstvo za\u0161tite okoli\u0161a i prirode RH<\/li>\n<li>Borka Bobovec, pomo\u0107nica ministrice za graditeljstvo i energetsku u\u010dinkovitost u zgradarstvu Ministarstva graditeljstva i prostornog ure\u0111enja<\/li>\n<li>Damir Jeli\u0107, gradona\u010delnik Grada Karlovca<\/li>\n<li>Sven Mueller, direktor Fonda za za\u0161titu okoli\u0161a i energetsku u\u010dinkovitost RH<\/li>\n<li>Julije Domac, ravnatelj REGEA-e<\/li>\n<\/ul>\n<p>Green Apple Day of Service je <strong>inicijativa Centra za \u201eZelene \u0161kole\u201c US Green Building Council<\/strong>organizacije sa sjedi\u0161tem u USA. U Centru za \u201eZelene \u0161kole\u201c postoje stru\u010dnjaci koji su projektirali i dizajnirali brojne \u0161kole koje su, zbog svojih zelenih performansi, uspjele u\u0161tedjeti tisu\u0107e dolara dok ujedno predstavljaju za djecu sigurno, zdravo i ugodno okru\u017eenje za rad i u\u010denje.<\/p>\n<p>US Green Building Council nije htio biti sam u ovoj akciji te je <strong>2012. godine pokrenuo globalnu inicijativu pod nazivom \u201eGreen Apple Day of Service\u201c <\/strong>\u00a0koja se ove godine odr\u017eava u cijelom svijetu ve\u0107 po tre\u0107i puta, u <strong>subotu, 27. rujna 2014. godine.<\/strong><\/p>\n<p>Ova globalna aktivnost uz nacionalne tj lokalne podru\u017enice Savjeta za zelenu gradnju daje roditeljima, u\u010diteljima, studentima, tvrtkama i institucijama lokalne samouprave mogu\u0107nost i priliku da osnovne i srednje \u0161kole transformiraju u zdravija, sigurnija i produktivnija okru\u017eenja za rad i u\u010denje. Ima za cilj pobolj\u0161ati uvjete \u017eivota i rada djece u \u0161kolama, a iste se mogu posti\u0107i putem <strong>pobolj\u0161anja toplinske izolacije, ugradnje energetski u\u010dinkovitih prozora i vrata, ozelenjavanjem okoli\u0161a, ugradnjom pro\u010di\u0161\u0107iva\u010da zraka, kori\u0161tenjem eko namje\u0161taja i kvalitetnih energetski u\u010dinkovitih rasvjetnih tijela, primjenom obnovljivih izvora energije, LED rasvjete za bolje osvjetljenje, primjenom ekolo\u0161kih boja za bojanje interijera i sli\u010dno.<\/strong><\/p>\n<p>Ideja je da Savjeti diljem svijeta pokrenu akciju uz pomo\u0107 svojih \u010dlanova i lokalnih zajednica pri \u010demu se svake godine mo\u017ee odabrati jedna ili vi\u0161e \u0161kola kojima je potrebna pomo\u0107 u smislu pobolj\u0161anja uvjeta za \u017eivot i rad djece u istima.<\/p>\n<p>Tako\u0111er, projekt se bazira na donatorstvu, volonterstvu i dobroj volji \u010dlanova Savjeta, medija, lokalne zajednice, gradskih uprava, djece i roditelja i svih ostalih koji svojim doprinosom mogu pomo\u0107i u realizaciji projekta.<\/p>\n<p><img decoding=\"async\" src=\"http:\/\/www.median.hr\/work\/gbcc\/site_cms\/storage\/uploads\/news\/2014\/09\/2014-09-15\/14\/screenshot002.jpg\" alt=\"\" \/><\/p>\n<p>Vi\u0161e informacija o projektu je dostupno i na web stranici <a href=\"http:\/\/www.median.hr\/work\/gbcc\/site_cms\/%5C%22%5C%5C%5C%22\"><strong>www.mygreenapple.org<\/strong><\/a><\/p>\n<p>Povodom 3. obilje\u017eavanja projekta \u201cGreen Apple Day of Service\u201d Hrvatski savjet za zelenu gradnju u suradnji sa sponzorima\u00a0 Billa Hrvatska i Redox,<strong> tiskao je\u00a0 bro\u0161uru za djecu pod nazivom \u201cMoja zelena \u0161kola\u201d <\/strong>\u010diju digitalnu verziju mo\u017eete pregledati ovdje:<\/p>\n<p><strong>Bro\u0161ura \u201cMoja zelena \u0161kola\u201d je vodi\u010d za djecu, nastavnike, roditelje i sve prijatelje da u svojim \u0161kolama pokrenu razne akcije za \u201cozelenjavanje\u201d prostora i okoli\u0161a u kojem u\u010de i rade!<\/strong><\/p>\n<p>Za vi\u0161e informacija o organizaciji Green Apple Day of Service i u Va\u0161oj \u0161koli, javite se putem: <a href=\"http:\/\/www.median.hr\/work\/gbcc\/site_cms\/%5C%22%5C%5C%5C%22\"><strong>zeleneskole@gbccroatia.org<\/strong><\/a><\/p>\n","protected":false},"excerpt":{"rendered":"<p>\u201eGreen Apple Day of Service\u201c je globalni pokret kojim se obilje\u017eava Me\u0111unarodni dan zelenih \u0161kola&#8230;<\/p>\n","protected":false},"author":1,"featured_media":10853,"comment_status":"open","ping_status":"open","sticky":false,"template":"","format":"standard","meta":{"footnotes":""},"categories":[79],"tags":[],"class_list":["post-18904","post","type-post","status-publish","format-standard","has-post-thumbnail","hentry","category-2014-en"],"acf":{"photo_gallery":{"galerija":[[]],"logo1_slike":[[],[]],"logo2_slike":[[],[],[]],"logo3_slike":[[],[],[],[]],"logo4_slike":[[],[],[],[],[]],"logo5_slike":[[],[],[],[],[],[]],"logo6_slike":[[],[],[],[],[],[],[]],"logo7_slike":[[],[],[],[],[],[],[],[]],"logo8_slike":[[],[],[],[],[],[],[],[],[]],"logo9_slike":[[],[],[],[],[],[],[],[],[],[]],"logo10_slike":[[],[],[],[],[],[],[],[],[],[],[]],"logo11_slike":[[],[],[],[],[],[],[],[],[],[],[],[]],"logo12_slike":[[],[],[],[],[],[],[],[],[],[],[],[],[]],"logo13_slike":[[],[],[],[],[],[],[],[],[],[],[],[],[],[]],"logo14_slike":[[],[],[],[],[],[],[],[],[],[],[],[],[],[],[]],"logo15_slike":[[],[],[],[],[],[],[],[],[],[],[],[],[],[],[],[]],"logo16_slike":[[],[],[],[],[],[],[],[],[],[],[],[],[],[],[],[],[]],"logo17_slike":[[],[],[],[],[],[],[],[],[],[],[],[],[],[],[],[],[],[]],"logo18_slike":[[],[],[],[],[],[],[],[],[],[],[],[],[],[],[],[],[],[],[]],"logo19_slike":[[],[],[],[],[],[],[],[],[],[],[],[],[],[],[],[],[],[],[],[]],"logo20_slike":[[],[],[],[],[],[],[],[],[],[],[],[],[],[],[],[],[],[],[],[],[]]}},"yoast_head":"<!-- This site is optimized with the Yoast SEO plugin v26.3 - https:\/\/yoast.com\/wordpress\/plugins\/seo\/ -->\n<title>GREEN APPLE DAY OF SERVICE 27. rujan Me\u0111unarodni dan zelenih \u0161kola - Hrvatski savjet za zelenu gradnju<\/title>\n<meta name=\"robots\" content=\"index, follow, max-snippet:-1, max-image-preview:large, max-video-preview:-1\" \/>\n<link rel=\"canonical\" href=\"https:\/\/gbccroatia.org\/green-apple-day-of-service-27-rujan-medunarodni-dan-zelenih-skola\/\" \/>\n<meta property=\"og:locale\" content=\"en_US\" \/>\n<meta property=\"og:type\" content=\"article\" \/>\n<meta property=\"og:title\" content=\"GREEN APPLE DAY OF SERVICE 27. rujan Me\u0111unarodni dan zelenih \u0161kola - Hrvatski savjet za zelenu gradnju\" \/>\n<meta property=\"og:description\" content=\"\u201eGreen Apple Day of Service\u201c je globalni pokret kojim se obilje\u017eava Me\u0111unarodni dan zelenih \u0161kola...\" \/>\n<meta property=\"og:url\" content=\"https:\/\/gbccroatia.org\/green-apple-day-of-service-27-rujan-medunarodni-dan-zelenih-skola\/\" \/>\n<meta property=\"og:site_name\" content=\"Hrvatski savjet za zelenu gradnju\" \/>\n<meta property=\"article:published_time\" content=\"2023-09-06T07:46:52+00:00\" \/>\n<meta property=\"og:image\" content=\"https:\/\/gbccroatia.org\/wp-content\/uploads\/2023\/09\/screenshot001.jpg\" \/>\n\t<meta property=\"og:image:width\" content=\"1000\" \/>\n\t<meta property=\"og:image:height\" content=\"372\" \/>\n\t<meta property=\"og:image:type\" content=\"image\/jpeg\" \/>\n<meta name=\"author\" content=\"michelWP\" \/>\n<meta name=\"twitter:card\" content=\"summary_large_image\" \/>\n<meta name=\"twitter:label1\" content=\"Written by\" \/>\n\t<meta name=\"twitter:data1\" content=\"michelWP\" \/>\n\t<meta name=\"twitter:label2\" content=\"Est. reading time\" \/>\n\t<meta name=\"twitter:data2\" content=\"4 minutes\" \/>\n<script type=\"application\/ld+json\" class=\"yoast-schema-graph\">{\"@context\":\"https:\/\/schema.org\",\"@graph\":[{\"@type\":\"WebPage\",\"@id\":\"https:\/\/gbccroatia.org\/green-apple-day-of-service-27-rujan-medunarodni-dan-zelenih-skola\/\",\"url\":\"https:\/\/gbccroatia.org\/green-apple-day-of-service-27-rujan-medunarodni-dan-zelenih-skola\/\",\"name\":\"GREEN APPLE DAY OF SERVICE 27. rujan Me\u0111unarodni dan zelenih \u0161kola - Hrvatski savjet za zelenu gradnju\",\"isPartOf\":{\"@id\":\"https:\/\/gbccroatia.org\/#website\"},\"primaryImageOfPage\":{\"@id\":\"https:\/\/gbccroatia.org\/green-apple-day-of-service-27-rujan-medunarodni-dan-zelenih-skola\/#primaryimage\"},\"image\":{\"@id\":\"https:\/\/gbccroatia.org\/green-apple-day-of-service-27-rujan-medunarodni-dan-zelenih-skola\/#primaryimage\"},\"thumbnailUrl\":\"https:\/\/gbccroatia.org\/wp-content\/uploads\/2023\/09\/screenshot001.jpg\",\"datePublished\":\"2023-09-06T07:46:52+00:00\",\"author\":{\"@id\":\"https:\/\/gbccroatia.org\/#\/schema\/person\/2ee378f32578f974b44a9807dbc22176\"},\"breadcrumb\":{\"@id\":\"https:\/\/gbccroatia.org\/green-apple-day-of-service-27-rujan-medunarodni-dan-zelenih-skola\/#breadcrumb\"},\"inLanguage\":\"en-US\",\"potentialAction\":[{\"@type\":\"ReadAction\",\"target\":[\"https:\/\/gbccroatia.org\/green-apple-day-of-service-27-rujan-medunarodni-dan-zelenih-skola\/\"]}]},{\"@type\":\"ImageObject\",\"inLanguage\":\"en-US\",\"@id\":\"https:\/\/gbccroatia.org\/green-apple-day-of-service-27-rujan-medunarodni-dan-zelenih-skola\/#primaryimage\",\"url\":\"https:\/\/gbccroatia.org\/wp-content\/uploads\/2023\/09\/screenshot001.jpg\",\"contentUrl\":\"https:\/\/gbccroatia.org\/wp-content\/uploads\/2023\/09\/screenshot001.jpg\",\"width\":1000,\"height\":372},{\"@type\":\"BreadcrumbList\",\"@id\":\"https:\/\/gbccroatia.org\/green-apple-day-of-service-27-rujan-medunarodni-dan-zelenih-skola\/#breadcrumb\",\"itemListElement\":[{\"@type\":\"ListItem\",\"position\":1,\"name\":\"Po\u010detna stranica\",\"item\":\"https:\/\/gbccroatia.org\/\"},{\"@type\":\"ListItem\",\"position\":2,\"name\":\"GREEN APPLE DAY OF SERVICE 27. rujan Me\u0111unarodni dan zelenih \u0161kola\"}]},{\"@type\":\"WebSite\",\"@id\":\"https:\/\/gbccroatia.org\/#website\",\"url\":\"https:\/\/gbccroatia.org\/\",\"name\":\"Hrvatski savjet za zelenu gradnju\",\"description\":\"Zelena gradnja u srcu europske budu\u0107nosti\",\"potentialAction\":[{\"@type\":\"SearchAction\",\"target\":{\"@type\":\"EntryPoint\",\"urlTemplate\":\"https:\/\/gbccroatia.org\/?s={search_term_string}\"},\"query-input\":{\"@type\":\"PropertyValueSpecification\",\"valueRequired\":true,\"valueName\":\"search_term_string\"}}],\"inLanguage\":\"en-US\"},{\"@type\":\"Person\",\"@id\":\"https:\/\/gbccroatia.org\/#\/schema\/person\/2ee378f32578f974b44a9807dbc22176\",\"name\":\"michelWP\",\"image\":{\"@type\":\"ImageObject\",\"inLanguage\":\"en-US\",\"@id\":\"https:\/\/gbccroatia.org\/#\/schema\/person\/image\/\",\"url\":\"https:\/\/secure.gravatar.com\/avatar\/2396f1895e66c15a2dc32b7a2cb4bda7cf5792712bfe8117f20e3109b7447481?s=96&d=mm&r=g\",\"contentUrl\":\"https:\/\/secure.gravatar.com\/avatar\/2396f1895e66c15a2dc32b7a2cb4bda7cf5792712bfe8117f20e3109b7447481?s=96&d=mm&r=g\",\"caption\":\"michelWP\"},\"sameAs\":[\"https:\/\/gbccroatia.org\"],\"url\":\"https:\/\/gbccroatia.org\/en\/author\/michelwp\/\"}]}<\/script>\n<!-- \/ Yoast SEO plugin. -->","yoast_head_json":{"title":"GREEN APPLE DAY OF SERVICE 27. rujan Me\u0111unarodni dan zelenih \u0161kola - Hrvatski savjet za zelenu gradnju","robots":{"index":"index","follow":"follow","max-snippet":"max-snippet:-1","max-image-preview":"max-image-preview:large","max-video-preview":"max-video-preview:-1"},"canonical":"https:\/\/gbccroatia.org\/green-apple-day-of-service-27-rujan-medunarodni-dan-zelenih-skola\/","og_locale":"en_US","og_type":"article","og_title":"GREEN APPLE DAY OF SERVICE 27. rujan Me\u0111unarodni dan zelenih \u0161kola - Hrvatski savjet za zelenu gradnju","og_description":"\u201eGreen Apple Day of Service\u201c je globalni pokret kojim se obilje\u017eava Me\u0111unarodni dan zelenih \u0161kola...","og_url":"https:\/\/gbccroatia.org\/green-apple-day-of-service-27-rujan-medunarodni-dan-zelenih-skola\/","og_site_name":"Hrvatski savjet za zelenu gradnju","article_published_time":"2023-09-06T07:46:52+00:00","og_image":[{"width":1000,"height":372,"url":"https:\/\/gbccroatia.org\/wp-content\/uploads\/2023\/09\/screenshot001.jpg","type":"image\/jpeg"}],"author":"michelWP","twitter_card":"summary_large_image","twitter_misc":{"Written by":"michelWP","Est. reading time":"4 minutes"},"schema":{"@context":"https:\/\/schema.org","@graph":[{"@type":"WebPage","@id":"https:\/\/gbccroatia.org\/green-apple-day-of-service-27-rujan-medunarodni-dan-zelenih-skola\/","url":"https:\/\/gbccroatia.org\/green-apple-day-of-service-27-rujan-medunarodni-dan-zelenih-skola\/","name":"GREEN APPLE DAY OF SERVICE 27. rujan Me\u0111unarodni dan zelenih \u0161kola - Hrvatski savjet za zelenu gradnju","isPartOf":{"@id":"https:\/\/gbccroatia.org\/#website"},"primaryImageOfPage":{"@id":"https:\/\/gbccroatia.org\/green-apple-day-of-service-27-rujan-medunarodni-dan-zelenih-skola\/#primaryimage"},"image":{"@id":"https:\/\/gbccroatia.org\/green-apple-day-of-service-27-rujan-medunarodni-dan-zelenih-skola\/#primaryimage"},"thumbnailUrl":"https:\/\/gbccroatia.org\/wp-content\/uploads\/2023\/09\/screenshot001.jpg","datePublished":"2023-09-06T07:46:52+00:00","author":{"@id":"https:\/\/gbccroatia.org\/#\/schema\/person\/2ee378f32578f974b44a9807dbc22176"},"breadcrumb":{"@id":"https:\/\/gbccroatia.org\/green-apple-day-of-service-27-rujan-medunarodni-dan-zelenih-skola\/#breadcrumb"},"inLanguage":"en-US","potentialAction":[{"@type":"ReadAction","target":["https:\/\/gbccroatia.org\/green-apple-day-of-service-27-rujan-medunarodni-dan-zelenih-skola\/"]}]},{"@type":"ImageObject","inLanguage":"en-US","@id":"https:\/\/gbccroatia.org\/green-apple-day-of-service-27-rujan-medunarodni-dan-zelenih-skola\/#primaryimage","url":"https:\/\/gbccroatia.org\/wp-content\/uploads\/2023\/09\/screenshot001.jpg","contentUrl":"https:\/\/gbccroatia.org\/wp-content\/uploads\/2023\/09\/screenshot001.jpg","width":1000,"height":372},{"@type":"BreadcrumbList","@id":"https:\/\/gbccroatia.org\/green-apple-day-of-service-27-rujan-medunarodni-dan-zelenih-skola\/#breadcrumb","itemListElement":[{"@type":"ListItem","position":1,"name":"Po\u010detna stranica","item":"https:\/\/gbccroatia.org\/"},{"@type":"ListItem","position":2,"name":"GREEN APPLE DAY OF SERVICE 27. rujan Me\u0111unarodni dan zelenih \u0161kola"}]},{"@type":"WebSite","@id":"https:\/\/gbccroatia.org\/#website","url":"https:\/\/gbccroatia.org\/","name":"Hrvatski savjet za zelenu gradnju","description":"Zelena gradnja u srcu europske budu\u0107nosti","potentialAction":[{"@type":"SearchAction","target":{"@type":"EntryPoint","urlTemplate":"https:\/\/gbccroatia.org\/?s={search_term_string}"},"query-input":{"@type":"PropertyValueSpecification","valueRequired":true,"valueName":"search_term_string"}}],"inLanguage":"en-US"},{"@type":"Person","@id":"https:\/\/gbccroatia.org\/#\/schema\/person\/2ee378f32578f974b44a9807dbc22176","name":"michelWP","image":{"@type":"ImageObject","inLanguage":"en-US","@id":"https:\/\/gbccroatia.org\/#\/schema\/person\/image\/","url":"https:\/\/secure.gravatar.com\/avatar\/2396f1895e66c15a2dc32b7a2cb4bda7cf5792712bfe8117f20e3109b7447481?s=96&d=mm&r=g","contentUrl":"https:\/\/secure.gravatar.com\/avatar\/2396f1895e66c15a2dc32b7a2cb4bda7cf5792712bfe8117f20e3109b7447481?s=96&d=mm&r=g","caption":"michelWP"},"sameAs":["https:\/\/gbccroatia.org"],"url":"https:\/\/gbccroatia.org\/en\/author\/michelwp\/"}]}},"_links":{"self":[{"href":"https:\/\/gbccroatia.org\/en\/wp-json\/wp\/v2\/posts\/18904","targetHints":{"allow":["GET"]}}],"collection":[{"href":"https:\/\/gbccroatia.org\/en\/wp-json\/wp\/v2\/posts"}],"about":[{"href":"https:\/\/gbccroatia.org\/en\/wp-json\/wp\/v2\/types\/post"}],"author":[{"embeddable":true,"href":"https:\/\/gbccroatia.org\/en\/wp-json\/wp\/v2\/users\/1"}],"replies":[{"embeddable":true,"href":"https:\/\/gbccroatia.org\/en\/wp-json\/wp\/v2\/comments?post=18904"}],"version-history":[{"count":0,"href":"https:\/\/gbccroatia.org\/en\/wp-json\/wp\/v2\/posts\/18904\/revisions"}],"wp:featuredmedia":[{"embeddable":true,"href":"https:\/\/gbccroatia.org\/en\/wp-json\/wp\/v2\/media\/10853"}],"wp:attachment":[{"href":"https:\/\/gbccroatia.org\/en\/wp-json\/wp\/v2\/media?parent=18904"}],"wp:term":[{"taxonomy":"category","embeddable":true,"href":"https:\/\/gbccroatia.org\/en\/wp-json\/wp\/v2\/categories?post=18904"},{"taxonomy":"post_tag","embeddable":true,"href":"https:\/\/gbccroatia.org\/en\/wp-json\/wp\/v2\/tags?post=18904"}],"curies":[{"name":"wp","href":"https:\/\/api.w.org\/{rel}","templated":true}]}}