{"id":27770,"date":"2024-10-04T06:09:25","date_gmt":"2024-10-04T06:09:25","guid":{"rendered":"https:\/\/gbccroatia.org\/schneider-electric-predvodio-teme-energetske-tranzicije-na-climate-week-nyc\/"},"modified":"2024-10-04T06:09:25","modified_gmt":"2024-10-04T06:09:25","slug":"schneider-electric-predvodio-teme-energetske-tranzicije-na-climate-week-nyc","status":"publish","type":"post","link":"https:\/\/gbccroatia.org\/en\/schneider-electric-predvodio-teme-energetske-tranzicije-na-climate-week-nyc\/","title":{"rendered":"Schneider Electric predvodio teme energetske tranzicije na Climate Week NYC"},"content":{"rendered":"<p>Schneider Electric, globalni lider u digitalnoj transformaciji upravljanja energijom i automatizaciji, aktivno je sudjelovao na ovogodi\u0161njem Climate Week NYC, predstavljaju\u0107i zna\u010dajne inicijative za dekarbonizaciju. Pod temom \u201cVrijeme je\u201d, kompanija je istaknula hitnu potrebu za postizanjem globalnih ciljeva u obnovljivim izvorima energije i energetskoj u\u010dinkovitosti.<\/p>\n<p>Tijekom doga\u0111aja, predsjednik Jean-Pascal Tricoire naglasio je klju\u010dnu ulogu elektrifikacije i digitalizacije u strategiji kompanije, koju nazivaju Elektricitet 4.0. &#8220;Energetski krajolik brzo se mijenja, nude\u0107i jedinstvene prilike za preoblikovanje poslovnih modela i pobolj\u0161anje u\u010dinkovitosti,&#8221; izjavio je Tricoire, dodaju\u0107i kako inovativne tehnologije, uklju\u010duju\u0107i umjetnu inteligenciju, mogu doprinijeti odr\u017eivosti bez kompromisa u poslovnim ciljevima.<\/p>\n<p>Schneider Electric je tako\u0111er predstavio novu publikaciju pod nazivom \u201e<a href=\"https:\/\/download.schneider-electric.com\/doc\/998-23304197\/998-23304197_AI%20for%20Energy%20Transition_eGuide.pdf\">Umjetna inteligencija za energetsku tranziciju<\/a>\u201d, koja obja\u0161njava kako ova tehnologija mo\u017ee pobolj\u0161ati u\u010dinkovitost i odr\u017eivost u razli\u010ditim sektorima, od industrijskih procesa do ku\u0107nih sustava.<\/p>\n<p>Na doga\u0111aju su nagla\u0161ene i prednosti sporazuma o prijenosu poreznih olak\u0161ica, omogu\u0107ene Zakonom o smanjenju inflacije, kao klju\u010dnog alata za ubrzanje korporativnih ulaganja u \u010diste energetske tehnologije. Prijenos poreznih olak\u0161ica poma\u017ee kompanijama u ostvarivanju ciljeva odr\u017eivosti uz zna\u010dajne porezne u\u0161tede.<\/p>\n<p>Schneider Electric je tijekom Climate Weeka najavio planove za elektrifikaciju prometne infrastrukture i dekarbonizaciju opskrbnih lanaca, s ciljem daljnjeg unaprje\u0111enja odr\u017eivosti u poslovanju.<\/p>\n","protected":false},"excerpt":{"rendered":"<p>Schneider Electric, globalni lider u digitalnoj transformaciji upravljanja energijom i automatizaciji, aktivno je sudjelovao na ovogodi\u0161njem Climate Week NYC, predstavljaju\u0107i zna\u010dajne inicijative za dekarbonizaciju. Pod temom \u201cVrijeme je\u201d, kompanija je istaknula hitnu potrebu za postizanjem globalnih ciljeva u obnovljivim izvorima energije i energetskoj u\u010dinkovitosti. Tijekom doga\u0111aja, predsjednik Jean-Pascal Tricoire naglasio je klju\u010dnu ulogu elektrifikacije i<a href=\"https:\/\/gbccroatia.org\/en\/schneider-electric-predvodio-teme-energetske-tranzicije-na-climate-week-nyc\/\" class=\"more-link\"><span class=\"screen-reader-text\">Schneider Electric predvodio teme energetske tranzicije na Climate Week NYC<\/span><\/a><\/p>\n","protected":false},"author":717,"featured_media":27768,"comment_status":"closed","ping_status":"closed","sticky":false,"template":"","format":"standard","meta":{"footnotes":""},"categories":[105],"tags":[],"class_list":["post-27770","post","type-post","status-publish","format-standard","has-post-thumbnail","hentry","category-2024-en"],"acf":{"photo_gallery":{"galerija":[[]],"logo1_slike":[[],[]],"logo2_slike":[[],[],[]],"logo3_slike":[[],[],[],[]],"logo4_slike":[[],[],[],[],[]],"logo5_slike":[[],[],[],[],[],[]],"logo6_slike":[[],[],[],[],[],[],[]],"logo7_slike":[[],[],[],[],[],[],[],[]],"logo8_slike":[[],[],[],[],[],[],[],[],[]],"logo9_slike":[[],[],[],[],[],[],[],[],[],[]],"logo10_slike":[[],[],[],[],[],[],[],[],[],[],[]],"logo11_slike":[[],[],[],[],[],[],[],[],[],[],[],[]],"logo12_slike":[[],[],[],[],[],[],[],[],[],[],[],[],[]],"logo13_slike":[[],[],[],[],[],[],[],[],[],[],[],[],[],[]],"logo14_slike":[[],[],[],[],[],[],[],[],[],[],[],[],[],[],[]],"logo15_slike":[[],[],[],[],[],[],[],[],[],[],[],[],[],[],[],[]],"logo16_slike":[[],[],[],[],[],[],[],[],[],[],[],[],[],[],[],[],[]],"logo17_slike":[[],[],[],[],[],[],[],[],[],[],[],[],[],[],[],[],[],[]],"logo18_slike":[[],[],[],[],[],[],[],[],[],[],[],[],[],[],[],[],[],[],[]],"logo19_slike":[[],[],[],[],[],[],[],[],[],[],[],[],[],[],[],[],[],[],[],[]],"logo20_slike":[[],[],[],[],[],[],[],[],[],[],[],[],[],[],[],[],[],[],[],[],[]]}},"yoast_head":"<!-- This site is optimized with the Yoast SEO plugin v26.3 - https:\/\/yoast.com\/wordpress\/plugins\/seo\/ -->\n<title>Schneider Electric predvodio teme energetske tranzicije na Climate Week NYC - Hrvatski savjet za zelenu gradnju<\/title>\n<meta name=\"robots\" content=\"index, follow, max-snippet:-1, max-image-preview:large, max-video-preview:-1\" \/>\n<link rel=\"canonical\" href=\"https:\/\/gbccroatia.org\/en\/schneider-electric-predvodio-teme-energetske-tranzicije-na-climate-week-nyc\/\" \/>\n<meta property=\"og:locale\" content=\"en_US\" \/>\n<meta property=\"og:type\" content=\"article\" \/>\n<meta property=\"og:title\" content=\"Schneider Electric predvodio teme energetske tranzicije na Climate Week NYC - Hrvatski savjet za zelenu gradnju\" \/>\n<meta property=\"og:description\" content=\"Schneider Electric, globalni lider u digitalnoj transformaciji upravljanja energijom i automatizaciji, aktivno je sudjelovao na ovogodi\u0161njem Climate Week NYC, predstavljaju\u0107i zna\u010dajne inicijative za dekarbonizaciju. Pod temom \u201cVrijeme je\u201d, kompanija je istaknula hitnu potrebu za postizanjem globalnih ciljeva u obnovljivim izvorima energije i energetskoj u\u010dinkovitosti. Tijekom doga\u0111aja, predsjednik Jean-Pascal Tricoire naglasio je klju\u010dnu ulogu elektrifikacije iSchneider Electric predvodio teme energetske tranzicije na Climate Week NYC\" \/>\n<meta property=\"og:url\" content=\"https:\/\/gbccroatia.org\/en\/schneider-electric-predvodio-teme-energetske-tranzicije-na-climate-week-nyc\/\" \/>\n<meta property=\"og:site_name\" content=\"Hrvatski savjet za zelenu gradnju\" \/>\n<meta property=\"article:published_time\" content=\"2024-10-04T06:09:25+00:00\" \/>\n<meta name=\"author\" content=\"jelena.juricic\" \/>\n<meta name=\"twitter:card\" content=\"summary_large_image\" \/>\n<meta name=\"twitter:label1\" content=\"Written by\" \/>\n\t<meta name=\"twitter:data1\" content=\"jelena.juricic\" \/>\n\t<meta name=\"twitter:label2\" content=\"Est. reading time\" \/>\n\t<meta name=\"twitter:data2\" content=\"1 minute\" \/>\n<script type=\"application\/ld+json\" class=\"yoast-schema-graph\">{\"@context\":\"https:\/\/schema.org\",\"@graph\":[{\"@type\":\"WebPage\",\"@id\":\"https:\/\/gbccroatia.org\/en\/schneider-electric-predvodio-teme-energetske-tranzicije-na-climate-week-nyc\/\",\"url\":\"https:\/\/gbccroatia.org\/en\/schneider-electric-predvodio-teme-energetske-tranzicije-na-climate-week-nyc\/\",\"name\":\"Schneider Electric predvodio teme energetske tranzicije na Climate Week NYC - Hrvatski savjet za zelenu gradnju\",\"isPartOf\":{\"@id\":\"https:\/\/gbccroatia.org\/#website\"},\"primaryImageOfPage\":{\"@id\":\"https:\/\/gbccroatia.org\/en\/schneider-electric-predvodio-teme-energetske-tranzicije-na-climate-week-nyc\/#primaryimage\"},\"image\":{\"@id\":\"https:\/\/gbccroatia.org\/en\/schneider-electric-predvodio-teme-energetske-tranzicije-na-climate-week-nyc\/#primaryimage\"},\"thumbnailUrl\":\"https:\/\/gbccroatia.org\/wp-content\/uploads\/2024\/10\/Climate-Week-scaled.webp\",\"datePublished\":\"2024-10-04T06:09:25+00:00\",\"author\":{\"@id\":\"https:\/\/gbccroatia.org\/#\/schema\/person\/732471a01c1399ecd509f72f214b16e7\"},\"breadcrumb\":{\"@id\":\"https:\/\/gbccroatia.org\/en\/schneider-electric-predvodio-teme-energetske-tranzicije-na-climate-week-nyc\/#breadcrumb\"},\"inLanguage\":\"en-US\",\"potentialAction\":[{\"@type\":\"ReadAction\",\"target\":[\"https:\/\/gbccroatia.org\/en\/schneider-electric-predvodio-teme-energetske-tranzicije-na-climate-week-nyc\/\"]}]},{\"@type\":\"ImageObject\",\"inLanguage\":\"en-US\",\"@id\":\"https:\/\/gbccroatia.org\/en\/schneider-electric-predvodio-teme-energetske-tranzicije-na-climate-week-nyc\/#primaryimage\",\"url\":\"https:\/\/gbccroatia.org\/wp-content\/uploads\/2024\/10\/Climate-Week-scaled.webp\",\"contentUrl\":\"https:\/\/gbccroatia.org\/wp-content\/uploads\/2024\/10\/Climate-Week-scaled.webp\",\"width\":2560,\"height\":1707},{\"@type\":\"BreadcrumbList\",\"@id\":\"https:\/\/gbccroatia.org\/en\/schneider-electric-predvodio-teme-energetske-tranzicije-na-climate-week-nyc\/#breadcrumb\",\"itemListElement\":[{\"@type\":\"ListItem\",\"position\":1,\"name\":\"Po\u010detna stranica\",\"item\":\"https:\/\/gbccroatia.org\/\"},{\"@type\":\"ListItem\",\"position\":2,\"name\":\"Schneider Electric predvodio teme energetske tranzicije na Climate Week NYC\"}]},{\"@type\":\"WebSite\",\"@id\":\"https:\/\/gbccroatia.org\/#website\",\"url\":\"https:\/\/gbccroatia.org\/\",\"name\":\"Hrvatski savjet za zelenu gradnju\",\"description\":\"Zelena gradnja u srcu europske budu\u0107nosti\",\"potentialAction\":[{\"@type\":\"SearchAction\",\"target\":{\"@type\":\"EntryPoint\",\"urlTemplate\":\"https:\/\/gbccroatia.org\/?s={search_term_string}\"},\"query-input\":{\"@type\":\"PropertyValueSpecification\",\"valueRequired\":true,\"valueName\":\"search_term_string\"}}],\"inLanguage\":\"en-US\"},{\"@type\":\"Person\",\"@id\":\"https:\/\/gbccroatia.org\/#\/schema\/person\/732471a01c1399ecd509f72f214b16e7\",\"name\":\"jelena.juricic\",\"image\":{\"@type\":\"ImageObject\",\"inLanguage\":\"en-US\",\"@id\":\"https:\/\/gbccroatia.org\/#\/schema\/person\/image\/\",\"url\":\"https:\/\/secure.gravatar.com\/avatar\/edbeae155b8366f990de79515d0edb64ebb2019803b3d000082999581deb915a?s=96&d=mm&r=g\",\"contentUrl\":\"https:\/\/secure.gravatar.com\/avatar\/edbeae155b8366f990de79515d0edb64ebb2019803b3d000082999581deb915a?s=96&d=mm&r=g\",\"caption\":\"jelena.juricic\"},\"url\":\"https:\/\/gbccroatia.org\/en\/author\/jelena-juricic\/\"}]}<\/script>\n<!-- \/ Yoast SEO plugin. -->","yoast_head_json":{"title":"Schneider Electric predvodio teme energetske tranzicije na Climate Week NYC - Hrvatski savjet za zelenu gradnju","robots":{"index":"index","follow":"follow","max-snippet":"max-snippet:-1","max-image-preview":"max-image-preview:large","max-video-preview":"max-video-preview:-1"},"canonical":"https:\/\/gbccroatia.org\/en\/schneider-electric-predvodio-teme-energetske-tranzicije-na-climate-week-nyc\/","og_locale":"en_US","og_type":"article","og_title":"Schneider Electric predvodio teme energetske tranzicije na Climate Week NYC - Hrvatski savjet za zelenu gradnju","og_description":"Schneider Electric, globalni lider u digitalnoj transformaciji upravljanja energijom i automatizaciji, aktivno je sudjelovao na ovogodi\u0161njem Climate Week NYC, predstavljaju\u0107i zna\u010dajne inicijative za dekarbonizaciju. Pod temom \u201cVrijeme je\u201d, kompanija je istaknula hitnu potrebu za postizanjem globalnih ciljeva u obnovljivim izvorima energije i energetskoj u\u010dinkovitosti. Tijekom doga\u0111aja, predsjednik Jean-Pascal Tricoire naglasio je klju\u010dnu ulogu elektrifikacije iSchneider Electric predvodio teme energetske tranzicije na Climate Week NYC","og_url":"https:\/\/gbccroatia.org\/en\/schneider-electric-predvodio-teme-energetske-tranzicije-na-climate-week-nyc\/","og_site_name":"Hrvatski savjet za zelenu gradnju","article_published_time":"2024-10-04T06:09:25+00:00","author":"jelena.juricic","twitter_card":"summary_large_image","twitter_misc":{"Written by":"jelena.juricic","Est. reading time":"1 minute"},"schema":{"@context":"https:\/\/schema.org","@graph":[{"@type":"WebPage","@id":"https:\/\/gbccroatia.org\/en\/schneider-electric-predvodio-teme-energetske-tranzicije-na-climate-week-nyc\/","url":"https:\/\/gbccroatia.org\/en\/schneider-electric-predvodio-teme-energetske-tranzicije-na-climate-week-nyc\/","name":"Schneider Electric predvodio teme energetske tranzicije na Climate Week NYC - Hrvatski savjet za zelenu gradnju","isPartOf":{"@id":"https:\/\/gbccroatia.org\/#website"},"primaryImageOfPage":{"@id":"https:\/\/gbccroatia.org\/en\/schneider-electric-predvodio-teme-energetske-tranzicije-na-climate-week-nyc\/#primaryimage"},"image":{"@id":"https:\/\/gbccroatia.org\/en\/schneider-electric-predvodio-teme-energetske-tranzicije-na-climate-week-nyc\/#primaryimage"},"thumbnailUrl":"https:\/\/gbccroatia.org\/wp-content\/uploads\/2024\/10\/Climate-Week-scaled.webp","datePublished":"2024-10-04T06:09:25+00:00","author":{"@id":"https:\/\/gbccroatia.org\/#\/schema\/person\/732471a01c1399ecd509f72f214b16e7"},"breadcrumb":{"@id":"https:\/\/gbccroatia.org\/en\/schneider-electric-predvodio-teme-energetske-tranzicije-na-climate-week-nyc\/#breadcrumb"},"inLanguage":"en-US","potentialAction":[{"@type":"ReadAction","target":["https:\/\/gbccroatia.org\/en\/schneider-electric-predvodio-teme-energetske-tranzicije-na-climate-week-nyc\/"]}]},{"@type":"ImageObject","inLanguage":"en-US","@id":"https:\/\/gbccroatia.org\/en\/schneider-electric-predvodio-teme-energetske-tranzicije-na-climate-week-nyc\/#primaryimage","url":"https:\/\/gbccroatia.org\/wp-content\/uploads\/2024\/10\/Climate-Week-scaled.webp","contentUrl":"https:\/\/gbccroatia.org\/wp-content\/uploads\/2024\/10\/Climate-Week-scaled.webp","width":2560,"height":1707},{"@type":"BreadcrumbList","@id":"https:\/\/gbccroatia.org\/en\/schneider-electric-predvodio-teme-energetske-tranzicije-na-climate-week-nyc\/#breadcrumb","itemListElement":[{"@type":"ListItem","position":1,"name":"Po\u010detna stranica","item":"https:\/\/gbccroatia.org\/"},{"@type":"ListItem","position":2,"name":"Schneider Electric predvodio teme energetske tranzicije na Climate Week NYC"}]},{"@type":"WebSite","@id":"https:\/\/gbccroatia.org\/#website","url":"https:\/\/gbccroatia.org\/","name":"Hrvatski savjet za zelenu gradnju","description":"Zelena gradnja u srcu europske budu\u0107nosti","potentialAction":[{"@type":"SearchAction","target":{"@type":"EntryPoint","urlTemplate":"https:\/\/gbccroatia.org\/?s={search_term_string}"},"query-input":{"@type":"PropertyValueSpecification","valueRequired":true,"valueName":"search_term_string"}}],"inLanguage":"en-US"},{"@type":"Person","@id":"https:\/\/gbccroatia.org\/#\/schema\/person\/732471a01c1399ecd509f72f214b16e7","name":"jelena.juricic","image":{"@type":"ImageObject","inLanguage":"en-US","@id":"https:\/\/gbccroatia.org\/#\/schema\/person\/image\/","url":"https:\/\/secure.gravatar.com\/avatar\/edbeae155b8366f990de79515d0edb64ebb2019803b3d000082999581deb915a?s=96&d=mm&r=g","contentUrl":"https:\/\/secure.gravatar.com\/avatar\/edbeae155b8366f990de79515d0edb64ebb2019803b3d000082999581deb915a?s=96&d=mm&r=g","caption":"jelena.juricic"},"url":"https:\/\/gbccroatia.org\/en\/author\/jelena-juricic\/"}]}},"_links":{"self":[{"href":"https:\/\/gbccroatia.org\/en\/wp-json\/wp\/v2\/posts\/27770","targetHints":{"allow":["GET"]}}],"collection":[{"href":"https:\/\/gbccroatia.org\/en\/wp-json\/wp\/v2\/posts"}],"about":[{"href":"https:\/\/gbccroatia.org\/en\/wp-json\/wp\/v2\/types\/post"}],"author":[{"embeddable":true,"href":"https:\/\/gbccroatia.org\/en\/wp-json\/wp\/v2\/users\/717"}],"replies":[{"embeddable":true,"href":"https:\/\/gbccroatia.org\/en\/wp-json\/wp\/v2\/comments?post=27770"}],"version-history":[{"count":0,"href":"https:\/\/gbccroatia.org\/en\/wp-json\/wp\/v2\/posts\/27770\/revisions"}],"wp:featuredmedia":[{"embeddable":true,"href":"https:\/\/gbccroatia.org\/en\/wp-json\/wp\/v2\/media\/27768"}],"wp:attachment":[{"href":"https:\/\/gbccroatia.org\/en\/wp-json\/wp\/v2\/media?parent=27770"}],"wp:term":[{"taxonomy":"category","embeddable":true,"href":"https:\/\/gbccroatia.org\/en\/wp-json\/wp\/v2\/categories?post=27770"},{"taxonomy":"post_tag","embeddable":true,"href":"https:\/\/gbccroatia.org\/en\/wp-json\/wp\/v2\/tags?post=27770"}],"curies":[{"name":"wp","href":"https:\/\/api.w.org\/{rel}","templated":true}]}}